{"id":5870,"date":"2019-06-18T13:34:11","date_gmt":"2019-06-18T11:34:11","guid":{"rendered":"http:\/\/ranking-kosmetykow.pl\/?p=5870"},"modified":"2019-06-18T13:34:11","modified_gmt":"2019-06-18T11:34:11","slug":"dobre-podklady-na-cieple-dni","status":"publish","type":"post","link":"https:\/\/neness.pl\/blog\/dobre-podklady-na-cieple-dni\/","title":{"rendered":"Dobre podk\u0142ady na ciep\u0142e dni"},"content":{"rendered":"<p>Podczas letnich upa\u0142\u00f3w musimy stawia\u0107 na kosmetyki, kt\u00f3re s\u0105 naprawd\u0119 <strong>wytrzyma\u0142e<\/strong>, a przy tym na tyle<strong> lekkie<\/strong>, by nie powodowa\u0107 niepotrzebnego zapychania si\u0119 por\u00f3w i w konsekwencji &#8211; powstawania niedoskona\u0142o\u015bci. Dlatego na miesi\u0105ce wakacyjne zdecydowanie trzeba odstawi\u0107 ci\u0119\u017ckie, g\u0119ste podk\u0142ady &#8211; to, co sprawdza si\u0119 zim\u0105, mo\u017ce spowodowa\u0107 niema\u0142e problemy ze sk\u00f3r\u0105 latem. Jakie wi\u0119c kosmetyki b\u0119d\u0105 najlepsze na t\u0119 por\u0119 roku?<!--more--><\/p>\n<h3>Naturalne produkty<\/h3>\n<p>Bardzo dobrym wyj\u015bciem, je\u015bli chodzi o podk\u0142ad na letnie miesi\u0105ce, jest <strong>naturalny kosmetyk mineralny.<\/strong> Tego typu podk\u0142ady maj\u0105 <strong>sypk\u0105 konsystencj\u0119,<\/strong> a z\u0142o\u017cone s\u0105 najcz\u0119\u015bciej jedynie z<strong> kilku sk\u0142adnik\u00f3w,<\/strong> dlatego nie obci\u0105\u017caj\u0105 cery i nie powoduj\u0105 zapychania si\u0119 por\u00f3w. Dodatkowo niekt\u00f3re sk\u0142adniki tych produkt\u00f3w, jak krzem czy potas, <strong>normalizuj\u0105 wydzielanie sebum<\/strong>, przez co doskonale sprawdzaj\u0105 si\u0119 w przypadku cery t\u0142ustej. W liniach marek oferuj\u0105cych podk\u0142ady mineralne znajduj\u0105 si\u0119 najcz\u0119\u015bciej produkty r\u00f3\u017cnego rodzaju &#8211; od delikatnych, roz\u015bwietlaj\u0105cych, po matuj\u0105ce, dlatego bez problemu mo\u017cna dobra\u0107 je do ka\u017cdego typu cery.<\/p>\n<div id=\"attachment_5872\" style=\"width: 360px\" class=\"wp-caption aligncenter\"><a href=\"https:\/\/neness.pl\/covergirl-mineralny-podklad-trublend-microminerals-foundation-425-buff-beige\"><img loading=\"lazy\" decoding=\"async\" aria-describedby=\"caption-attachment-5872\" class=\"wp-image-5872\" src=\"http:\/\/ranking-kosmetykow.pl\/wp-content\/uploads\/2019\/06\/92e121b936da8228e838be53155b8b5a.jpg\" alt=\"\" width=\"350\" height=\"467\" srcset=\"https:\/\/neness.pl\/blog\/wp-content\/uploads\/2019\/06\/92e121b936da8228e838be53155b8b5a.jpg 750w, https:\/\/neness.pl\/blog\/wp-content\/uploads\/2019\/06\/92e121b936da8228e838be53155b8b5a-225x300.jpg 225w, https:\/\/neness.pl\/blog\/wp-content\/uploads\/2019\/06\/92e121b936da8228e838be53155b8b5a-610x813.jpg 610w\" sizes=\"auto, (max-width: 350px) 100vw, 350px\" \/><\/a><p id=\"caption-attachment-5872\" class=\"wp-caption-text\">Covergirl Mineralny Podk\u0142ad Trublend Microminerals Foundation 425 Buff Beige \/ 26,70 z\u0142<\/p><\/div>\n<h3>Lekki kremy BB<\/h3>\n<p>Podczas miesi\u0119cy letnich wyj\u0105tkowo dobrze sprawdzaj\u0105 si\u0119 tak\u017ce kremy BB. S\u0105 to kosmetyki, kt\u00f3re potrafi\u0105 pe\u0142ni\u0107 kilka r\u00f3\u017cnych funkcji &#8211; delikatnie<strong> nawil\u017caj\u0105<\/strong> i <strong>piel\u0119gnuj\u0105<\/strong> cer\u0119 jak krem, <strong>wyr\u00f3wnuj\u0105 koloryt sk\u00f3ry<\/strong> jak podk\u0142ad, czasami za\u015b dodatkowo maj\u0105 <strong>filtry UV<\/strong> chroni\u0105ce przed promieniowaniem s\u0142onecznym. Kremy BB maj\u0105 bardzo <strong>lekk\u0105 konsystencj\u0119,<\/strong> dzi\u0119ki czemu nie roluj\u0105 si\u0119 w upale i zachowuj\u0105 swoje w\u0142a\u015bciwo\u015bci nawet po wielu godzinach. Te kosmetyki przeznaczone s\u0105 jednak dla os\u00f3b, kt\u00f3re nie potrzebuj\u0105 du\u017cego krycia, bo potrafi\u0105 jedynie wyr\u00f3wna\u0107 koloryt sk\u00f3ry, jednak nie zakryj\u0105 wi\u0119kszych niedoskona\u0142o\u015bci.<\/p>\n<div id=\"attachment_5873\" style=\"width: 360px\" class=\"wp-caption aligncenter\"><a href=\"https:\/\/neness.pl\/covergirl-matujacy-krem-bb-do-skory-tlustej-clean-matte-bb-cream-540-medium\"><img loading=\"lazy\" decoding=\"async\" aria-describedby=\"caption-attachment-5873\" class=\"wp-image-5873\" src=\"http:\/\/ranking-kosmetykow.pl\/wp-content\/uploads\/2019\/06\/0e41425b26da10e90503ae10609e75b1.jpg\" alt=\"\" width=\"350\" height=\"467\" srcset=\"https:\/\/neness.pl\/blog\/wp-content\/uploads\/2019\/06\/0e41425b26da10e90503ae10609e75b1.jpg 750w, https:\/\/neness.pl\/blog\/wp-content\/uploads\/2019\/06\/0e41425b26da10e90503ae10609e75b1-225x300.jpg 225w, https:\/\/neness.pl\/blog\/wp-content\/uploads\/2019\/06\/0e41425b26da10e90503ae10609e75b1-610x813.jpg 610w\" sizes=\"auto, (max-width: 350px) 100vw, 350px\" \/><\/a><p id=\"caption-attachment-5873\" class=\"wp-caption-text\">Covergirl Matuj\u0105cy Krem BB do Sk\u00f3ry T\u0142ustej Clean Matte BB Cream 540 Medium \/ 17,50 z\u0142<\/p><\/div>\n<h3>Podk\u0142ad bezt\u0142uszczowy<\/h3>\n<p>Alternatyw\u0105 dla ci\u0119\u017ckich podk\u0142ad\u00f3w mo\u017ce by\u0107 tak\u017ce lekki <strong>kosmetyk bezt\u0142uszczowy w p\u0142ynie lub w postaci pianki.<\/strong> Takie produkty <strong>\u0142atwo si\u0119 rozprowadzaj\u0105<\/strong> i <strong>nie powoduj\u0105 problem\u00f3w z cer\u0105<\/strong>. Nie musimy te\u017c obawia\u0107 si\u0119, \u017ce zwarz\u0105 si\u0119 w s\u0142o\u0144cu i sprawi\u0105, \u017ce b\u0119dziemy wygl\u0105da\u0142y groteskowo. Warto jednak pami\u0119ta\u0107, by uwa\u017cnie kontrolowa\u0107, czy kolor podk\u0142adu pasuje do naszej cery &#8211; to co pasowa\u0142o jeszcze niedawno, po kilku tygodniach opalania mo\u017ce by\u0107 po prostu zbyt jasne.<\/p>\n","protected":false},"excerpt":{"rendered":"<p>Podczas letnich upa\u0142\u00f3w musimy stawia\u0107 na kosmetyki, kt\u00f3re s\u0105 naprawd\u0119 wytrzyma\u0142e, a przy tym na tyle lekkie, by nie powodowa\u0107 niepotrzebnego zapychania si\u0119 por\u00f3w i w konsekwencji &#8211; powstawania niedoskona\u0142o\u015bci. Dlatego na miesi\u0105ce wakacyjne zdecydowanie trzeba odstawi\u0107 ci\u0119\u017ckie, g\u0119ste podk\u0142ady &#8211; to, co sprawdza si\u0119 zim\u0105, mo\u017ce spowodowa\u0107 niema\u0142e problemy ze sk\u00f3r\u0105 latem. Jakie wi\u0119c [&hellip;]<\/p>\n","protected":false},"author":2,"featured_media":5871,"comment_status":"open","ping_status":"open","sticky":false,"template":"","format":"standard","meta":{"_et_pb_use_builder":"","_et_pb_old_content":"","_et_gb_content_width":"","footnotes":""},"categories":[41],"tags":[],"class_list":["post-5870","post","type-post","status-publish","format-standard","has-post-thumbnail","hentry","category-olsniewaj-makijazem","et-has-post-format-content","et_post_format-et-post-format-standard"],"_links":{"self":[{"href":"https:\/\/neness.pl\/blog\/wp-json\/wp\/v2\/posts\/5870","targetHints":{"allow":["GET"]}}],"collection":[{"href":"https:\/\/neness.pl\/blog\/wp-json\/wp\/v2\/posts"}],"about":[{"href":"https:\/\/neness.pl\/blog\/wp-json\/wp\/v2\/types\/post"}],"author":[{"embeddable":true,"href":"https:\/\/neness.pl\/blog\/wp-json\/wp\/v2\/users\/2"}],"replies":[{"embeddable":true,"href":"https:\/\/neness.pl\/blog\/wp-json\/wp\/v2\/comments?post=5870"}],"version-history":[{"count":0,"href":"https:\/\/neness.pl\/blog\/wp-json\/wp\/v2\/posts\/5870\/revisions"}],"wp:featuredmedia":[{"embeddable":true,"href":"https:\/\/neness.pl\/blog\/wp-json\/wp\/v2\/media\/5871"}],"wp:attachment":[{"href":"https:\/\/neness.pl\/blog\/wp-json\/wp\/v2\/media?parent=5870"}],"wp:term":[{"taxonomy":"category","embeddable":true,"href":"https:\/\/neness.pl\/blog\/wp-json\/wp\/v2\/categories?post=5870"},{"taxonomy":"post_tag","embeddable":true,"href":"https:\/\/neness.pl\/blog\/wp-json\/wp\/v2\/tags?post=5870"}],"curies":[{"name":"wp","href":"https:\/\/api.w.org\/{rel}","templated":true}]}}