{"id":5855,"date":"2019-06-12T15:29:49","date_gmt":"2019-06-12T13:29:49","guid":{"rendered":"http:\/\/ranking-kosmetykow.pl\/?p=5855"},"modified":"2019-06-12T15:29:49","modified_gmt":"2019-06-12T13:29:49","slug":"jak-uzywac-samoopalacza","status":"publish","type":"post","link":"https:\/\/neness.pl\/blog\/jak-uzywac-samoopalacza\/","title":{"rendered":"Jak u\u017cywa\u0107 samoopalacza?"},"content":{"rendered":"<p>Je\u015bli mamy naturalnie bardzo jasn\u0105 karnacj\u0119, a do tego brakuje nam czasu, by le\u017ce\u0107 na s\u0142o\u0144cu, cz\u0119sto najlepsz\u0105 i najszybsz\u0105 drog\u0105 do osi\u0105gni\u0119cia pi\u0119knej opalenizny staje si\u0119 dla nas samoopalacz. Aby jednak uzyska\u0107 naprawd\u0119 dobry efekt, bez plam i nier\u00f3wno\u015bci, podczas jego u\u017cywania warto zastosowa\u0107 si\u0119 do kilku bardzo prostych zasad.<!--more--><\/p>\n<h3>Przygotuj cia\u0142o do wch\u0142oni\u0119cia samoopalacza<\/h3>\n<p>Przede wszystkim nale\u017cy wcze\u015bniej zadba\u0107 o to, by samoopalacz r\u00f3wno si\u0119 wch\u0142ania\u0142. W tym celu najlepiej zrobi\u0107 peeling ca\u0142ego cia\u0142a oraz wydepilowa\u0107 nogi i okolice bikini. Nast\u0119pnie sk\u00f3r\u0119 nale\u017cy dobrze nawil\u017cy\u0107, wsamrowuj\u0105c w ni\u0105 balsam o takim w\u0142a\u015bnie dzia\u0142aniu. To jednak najlepiej zrobi\u0107 dzie\u0144 przed u\u017cyciem samoopalacza, by sk\u00f3ra w momencie jego nak\u0142adania nie by\u0142a podra\u017cniona.<\/p>\n<h3>Zmyj z cia\u0142a pozosta\u0142o\u015bci innych kosmetyk\u00f3w<\/h3>\n<p>Wa\u017cne jest te\u017c, by na sk\u00f3rze w momencie nak\u0142adania samoopalacza nie znajdowa\u0142y si\u0119 \u017cadne inne kosmetyki. Dlatego wcze\u015bniej trzeba usun\u0105\u0107 z niej resztki balsamu, dezodorantu, perfum, olejk\u00f3w oraz wszystkich innych produkt\u00f3w, kt\u00f3rych wcze\u015bniej u\u017cywali\u015bmy, a nast\u0119pnie dok\u0142adnie osuszy\u0107 ca\u0142e cia\u0142o. Dopiero w tak przygotowan\u0105 sk\u00f3r\u0119 mo\u017cemy \u015bmia\u0142o wsmarowa\u0107 samoopalacz.<\/p>\n<div id=\"attachment_5857\" style=\"width: 410px\" class=\"wp-caption aligncenter\"><a href=\"https:\/\/neness.pl\/pl\/p\/Technic-Samoopalacz-do-Ciala-i-Twarzy-Be-Bronzed-Bronzing-Duo\/5789\"><img loading=\"lazy\" decoding=\"async\" aria-describedby=\"caption-attachment-5857\" class=\"wp-image-5857\" src=\"http:\/\/ranking-kosmetykow.pl\/wp-content\/uploads\/2019\/06\/2a47c44886f65925ad55c8cd552e6b47.jpg\" alt=\"\" width=\"400\" height=\"400\" srcset=\"https:\/\/neness.pl\/blog\/wp-content\/uploads\/2019\/06\/2a47c44886f65925ad55c8cd552e6b47.jpg 900w, https:\/\/neness.pl\/blog\/wp-content\/uploads\/2019\/06\/2a47c44886f65925ad55c8cd552e6b47-300x300.jpg 300w, https:\/\/neness.pl\/blog\/wp-content\/uploads\/2019\/06\/2a47c44886f65925ad55c8cd552e6b47-150x150.jpg 150w, https:\/\/neness.pl\/blog\/wp-content\/uploads\/2019\/06\/2a47c44886f65925ad55c8cd552e6b47-768x768.jpg 768w, https:\/\/neness.pl\/blog\/wp-content\/uploads\/2019\/06\/2a47c44886f65925ad55c8cd552e6b47-610x610.jpg 610w, https:\/\/neness.pl\/blog\/wp-content\/uploads\/2019\/06\/2a47c44886f65925ad55c8cd552e6b47-440x440.jpg 440w\" sizes=\"auto, (max-width: 400px) 100vw, 400px\" \/><\/a><p id=\"caption-attachment-5857\" class=\"wp-caption-text\">Technic Samoopalacz do Cia\u0142a i Twarzy Be Bronzed Bronzing Duo \/ 36,90 z\u0142<\/p><\/div>\n<h3>Dobierz kolor samoopalacza<\/h3>\n<p>Samoopalacze dost\u0119pne s\u0105 przewa\u017cnie w co najmniej dw\u00f3ch wersjach &#8211; do karnacji jasnej i ciemnej. Nale\u017cy wybra\u0107 ten, kt\u00f3ry najbardziej odpowiada naszemu kolorowi sk\u00f3ry, bo wybranie innej wersji mo\u017ce przynie\u015b\u0107 op\u0142akane skutki. U\u017cycie jasnego samoopalacza przy ciemniejszej karnacji cz\u0119sto daje efekt nieco \u017c\u00f3\u0142tej sk\u00f3ry, za\u015b ciemny kosmetyk przy jasnej karnacji sprawia, \u017ce opalenizna staje si\u0119 bardzo nienaturalna.<\/p>\n<h3>Uwa\u017caj na twarz, kolana i \u0142okcie<\/h3>\n<p>Przy nak\u0142adaniu samoopalacza szczeg\u00f3ln\u0105 uwag\u0119 trzeba zwr\u00f3ci\u0107 na cer\u0119. Tam naj\u0142atwiej o nieestetyczne smugi czy zbyt ciemny efekt. Samoopalacz na twarz nak\u0142adamy bardzo cienk\u0105 warstw\u0105, starannie rozprowadzaj\u0105c go na ca\u0142ej powierzchni. Warto upewni\u0107 si\u0119, czy w danej linii kosmetyk\u00f3w nie ma produktu przeznaczonego specjalnie do przyciemnienia twarzy &#8211; wtedy zdecydowanie lepiej to jego u\u017cy\u0107 na twarzy, szyi i dekolcie zamiast standardowego samoopalacza.<\/p>\n<p>Opr\u00f3cz tego ostro\u017cno\u015b\u0107 musimy zachowa\u0107 tak\u017ce w przypadku \u0142okci i kolan. Tam warstwa rogowa nask\u00f3rka jest najgrubsza, wi\u0119c istnieje ryzyko, \u017ce kolor wyjdzie ciemniejszy ni\u017c na reszcie cia\u0142a. Dlatego te partie najlepiej smarowa\u0107, samoopalaczem zmieszanym z balsamem nawil\u017caj\u0105cym.<\/p>\n","protected":false},"excerpt":{"rendered":"<p>Je\u015bli mamy naturalnie bardzo jasn\u0105 karnacj\u0119, a do tego brakuje nam czasu, by le\u017ce\u0107 na s\u0142o\u0144cu, cz\u0119sto najlepsz\u0105 i najszybsz\u0105 drog\u0105 do osi\u0105gni\u0119cia pi\u0119knej opalenizny staje si\u0119 dla nas samoopalacz. Aby jednak uzyska\u0107 naprawd\u0119 dobry efekt, bez plam i nier\u00f3wno\u015bci, podczas jego u\u017cywania warto zastosowa\u0107 si\u0119 do kilku bardzo prostych zasad.<\/p>\n","protected":false},"author":2,"featured_media":5856,"comment_status":"open","ping_status":"open","sticky":false,"template":"","format":"standard","meta":{"_et_pb_use_builder":"","_et_pb_old_content":"","_et_gb_content_width":"","footnotes":""},"categories":[185],"tags":[],"class_list":["post-5855","post","type-post","status-publish","format-standard","has-post-thumbnail","hentry","category-codzienna-pielegnacja","et-has-post-format-content","et_post_format-et-post-format-standard"],"_links":{"self":[{"href":"https:\/\/neness.pl\/blog\/wp-json\/wp\/v2\/posts\/5855","targetHints":{"allow":["GET"]}}],"collection":[{"href":"https:\/\/neness.pl\/blog\/wp-json\/wp\/v2\/posts"}],"about":[{"href":"https:\/\/neness.pl\/blog\/wp-json\/wp\/v2\/types\/post"}],"author":[{"embeddable":true,"href":"https:\/\/neness.pl\/blog\/wp-json\/wp\/v2\/users\/2"}],"replies":[{"embeddable":true,"href":"https:\/\/neness.pl\/blog\/wp-json\/wp\/v2\/comments?post=5855"}],"version-history":[{"count":0,"href":"https:\/\/neness.pl\/blog\/wp-json\/wp\/v2\/posts\/5855\/revisions"}],"wp:featuredmedia":[{"embeddable":true,"href":"https:\/\/neness.pl\/blog\/wp-json\/wp\/v2\/media\/5856"}],"wp:attachment":[{"href":"https:\/\/neness.pl\/blog\/wp-json\/wp\/v2\/media?parent=5855"}],"wp:term":[{"taxonomy":"category","embeddable":true,"href":"https:\/\/neness.pl\/blog\/wp-json\/wp\/v2\/categories?post=5855"},{"taxonomy":"post_tag","embeddable":true,"href":"https:\/\/neness.pl\/blog\/wp-json\/wp\/v2\/tags?post=5855"}],"curies":[{"name":"wp","href":"https:\/\/api.w.org\/{rel}","templated":true}]}}