{"id":5847,"date":"2019-06-11T14:37:48","date_gmt":"2019-06-11T12:37:48","guid":{"rendered":"http:\/\/ranking-kosmetykow.pl\/?p=5847"},"modified":"2019-06-11T14:37:48","modified_gmt":"2019-06-11T12:37:48","slug":"makijaz-na-plaze","status":"publish","type":"post","link":"https:\/\/neness.pl\/blog\/makijaz-na-plaze\/","title":{"rendered":"Makija\u017c na pla\u017c\u0119"},"content":{"rendered":"<p>Na temat tego, czy na pla\u017c\u0119 powinny\u015bmy robi\u0107 makija\u017c, czy te\u017c jest to przesada, kr\u0105\u017c\u0105 r\u00f3\u017cne opinie. Nasze stanowisko jest takie, \u017ce r\u00f3wnie\u017c na wakacjach najlepiej wychodzi\u0107 z domu tak, by czu\u0107 si\u0119 komfortowo &#8211; je\u015bli wi\u0119c nie lubimy przebywa\u0107 po\u015br\u00f3d ludzi bez make-upu &#8211; \u015bmia\u0142o mo\u017cemy go na\u0142o\u017cy\u0107. Warto jednak zadba\u0107, by by\u0142 on taki, jakie powinno by\u0107 wszystko latem &#8211; <strong>lekki i na luzie.<\/strong><!--more--><\/p>\n<h3>Wyr\u00f3wnujemy koloryt cery<\/h3>\n<p>Najcz\u0119\u015bciej w letnim makija\u017cu zale\u017cy nam, by <strong>ukry\u0107 niedoskona\u0142o\u015bci.<\/strong> Jednak u\u017cywanie do tego ci\u0119\u017ckiego, g\u0119stego podk\u0142adu i pudru nie jest dobrym pomys\u0142em &#8211; te kosmetyki zroluj\u0105 si\u0119 i spowoduj\u0105 zapychanie si\u0119 por\u00f3w, a w rezultacie &#8211; pojawienie si\u0119 nowych wyprysk\u00f3w. Na czas letni najlepiej wi\u0119c przestawi\u0107 si\u0119 na du\u017co l\u017cejszy kosmetyk &#8211; na przyk\u0142ad<strong> krem BB.<\/strong> Ten produkt nawil\u017cy cer\u0119 i nada jej pi\u0119kny, r\u00f3wny koloryt, ale nie obci\u0105\u017cy jej nadmiernie. Je\u015bli za\u015b chcemy dodatkowo ukry\u0107 cienie pod oczami czy inne niedoskona\u0142o\u015bci, mo\u017cemy u\u017cy\u0107 do tego <strong>p\u0142ynnego korektora.<\/strong><\/p>\n<div id=\"attachment_5849\" style=\"width: 360px\" class=\"wp-caption aligncenter\"><a href=\"https:\/\/neness.pl\/nyc-krem-bb-smooth-skin-bb-creme-5in1-bronze-radiance-005-medium\"><img loading=\"lazy\" decoding=\"async\" aria-describedby=\"caption-attachment-5849\" class=\"wp-image-5849\" src=\"http:\/\/ranking-kosmetykow.pl\/wp-content\/uploads\/2019\/06\/da2e7b7395c5f7314856da4361e72f21.jpg.png\" alt=\"\" width=\"350\" height=\"467\" srcset=\"https:\/\/neness.pl\/blog\/wp-content\/uploads\/2019\/06\/da2e7b7395c5f7314856da4361e72f21.jpg.png 750w, https:\/\/neness.pl\/blog\/wp-content\/uploads\/2019\/06\/da2e7b7395c5f7314856da4361e72f21.jpg-225x300.png 225w, https:\/\/neness.pl\/blog\/wp-content\/uploads\/2019\/06\/da2e7b7395c5f7314856da4361e72f21.jpg-610x813.png 610w\" sizes=\"auto, (max-width: 350px) 100vw, 350px\" \/><\/a><p id=\"caption-attachment-5849\" class=\"wp-caption-text\">NYC Krem BB Smooth Skin BB Creme 5in1 Bronze Radiance 005 Medium \/ 10,90 z\u0142<\/p><\/div>\n<p>Zdecydowanie warto jednak <strong>ca\u0142kowicie zrezygnowa\u0107 z pudru<\/strong> &#8211; z b\u0142yszczeniem si\u0119 cery mo\u017cemy poradzi\u0107 sobie za pomoc\u0105 bibu\u0142ek matuj\u0105cych. Poza tym &#8211; odrobina b\u0142ysku na pla\u017cy jeszcze nikomu nie zaszkodzi\u0142a \ud83d\ude42 Trzeba jednak pami\u0119ta\u0107, \u017ce makija\u017c nie chroni przed s\u0142o\u0144cem i konieczne jest stosowanie<strong> krem\u00f3w z filtrem<\/strong> r\u00f3wnie\u017c na twarz.<\/p>\n<div id=\"attachment_5850\" style=\"width: 360px\" class=\"wp-caption aligncenter\"><a href=\"https:\/\/neness.pl\/dermacol-tusz-mega-lashes-wodoodporny-pogrubiajacy\"><img loading=\"lazy\" decoding=\"async\" aria-describedby=\"caption-attachment-5850\" class=\"wp-image-5850\" src=\"http:\/\/ranking-kosmetykow.pl\/wp-content\/uploads\/2019\/06\/5a1d2146b2ab4b610383522da1d5460a.jpg\" alt=\"\" width=\"350\" height=\"467\" srcset=\"https:\/\/neness.pl\/blog\/wp-content\/uploads\/2019\/06\/5a1d2146b2ab4b610383522da1d5460a.jpg 750w, https:\/\/neness.pl\/blog\/wp-content\/uploads\/2019\/06\/5a1d2146b2ab4b610383522da1d5460a-225x300.jpg 225w, https:\/\/neness.pl\/blog\/wp-content\/uploads\/2019\/06\/5a1d2146b2ab4b610383522da1d5460a-610x813.jpg 610w\" sizes=\"auto, (max-width: 350px) 100vw, 350px\" \/><\/a><p id=\"caption-attachment-5850\" class=\"wp-caption-text\">Dermacol Tusz Mega Lashes Wodoodporny Pogrubiaj\u0105cy \/ 33,90 z\u0142<\/p><\/div>\n<h3>Podkre\u015blamy oczy<\/h3>\n<p>Na wypoczynek na pla\u017c\u0119 nie warto robi\u0107 misternej oprawy oka &#8211; zupe\u0142nie nie pasuje to do letnich warunk\u00f3w, w dodatku za\u015b szybko mo\u017ce si\u0119 rozmaza\u0107 w upale i w k\u0105pieli. Najlepiej poprzesta\u0107 na starannym <strong>pomalowaniu rz\u0119s wodoodpornym tuszem.<\/strong> Je\u015bli za\u015b jeste\u015bmy przyzwyczajone do mocniejszego makija\u017cu, mo\u017cemy dodatkowo na\u0142o\u017cy\u0107 jeszcze<strong> odrobin\u0119 eyelinera<\/strong> &#8211; r\u00f3wnie\u017c odpornego na wod\u0119. W tym wypadku lepiej jednak nie decydowa\u0107 si\u0119 na grub\u0105 kresk\u0119 wychodz\u0105c\u0105 poza zewn\u0119trzny k\u0105cik oka, ale u\u017cy\u0107 tego kosmetyku tylko, by optycznie zag\u0119\u015bci\u0107 lini\u0119 rz\u0119s.<\/p>\n<div id=\"attachment_5853\" style=\"width: 360px\" class=\"wp-caption aligncenter\"><a href=\"https:\/\/neness.pl\/w7-lip-bomb-balsam-do-ust-raspberry\"><img loading=\"lazy\" decoding=\"async\" aria-describedby=\"caption-attachment-5853\" class=\"wp-image-5853\" src=\"http:\/\/ranking-kosmetykow.pl\/wp-content\/uploads\/2019\/06\/db8311569111e1952c1033d10a81c9cf.jpg\" alt=\"\" width=\"350\" height=\"467\" srcset=\"https:\/\/neness.pl\/blog\/wp-content\/uploads\/2019\/06\/db8311569111e1952c1033d10a81c9cf.jpg 750w, https:\/\/neness.pl\/blog\/wp-content\/uploads\/2019\/06\/db8311569111e1952c1033d10a81c9cf-225x300.jpg 225w, https:\/\/neness.pl\/blog\/wp-content\/uploads\/2019\/06\/db8311569111e1952c1033d10a81c9cf-610x813.jpg 610w\" sizes=\"auto, (max-width: 350px) 100vw, 350px\" \/><\/a><p id=\"caption-attachment-5853\" class=\"wp-caption-text\">W7 Lip Bomb Balsam do Ust Raspberry \/ 9,80 z\u0142<\/p><\/div>\n<h3>Co na usta?<\/h3>\n<p>Delikatnie mu\u015bni\u0119te kolorem usta dodaj\u0105 nam wiele uroku. Na pla\u017c\u0119 powinny\u015bmy jednak szczeg\u00f3lnie starannie dobra\u0107 kosmetyk, kt\u00f3rego u\u017cyjemy do ich pomalowania. Warto tutaj zrezygnowa\u0107 z szminek matuj\u0105cych &#8211; te w po\u0142\u0105czeniu z upa\u0142em szybko wyszusz\u0105 usta i sprawi\u0105, \u017ce pojawi\u0105 si\u0119 na nich <strong>nieestetyczne suche sk\u00f3rki.<\/strong> Z drugiej jednak strony b\u0142yszczyk r\u00f3wnie\u017c nie jest najlepsz\u0105 opcj\u0105 &#8211; przy wietrze na pla\u017cy kosmyki w\u0142os\u00f3w zaczn\u0105 si\u0119 do niego lepi\u0107, co nie tylko nie doda nam uroku, ale te\u017c b\u0119dzie niewygodne. Najlepiej wi\u0119c postawi\u0107 na <strong>delikatnie koloryzuj\u0105cy balsam<\/strong> &#8211; mu\u015bni\u0119cie warg takim kosmetykiem b\u0119dzie doskona\u0142ym zwie\u0144czeniem lu\u017anego, letniego makija\u017cu.<\/p>\n","protected":false},"excerpt":{"rendered":"<p>Na temat tego, czy na pla\u017c\u0119 powinny\u015bmy robi\u0107 makija\u017c, czy te\u017c jest to przesada, kr\u0105\u017c\u0105 r\u00f3\u017cne opinie. Nasze stanowisko jest takie, \u017ce r\u00f3wnie\u017c na wakacjach najlepiej wychodzi\u0107 z domu tak, by czu\u0107 si\u0119 komfortowo &#8211; je\u015bli wi\u0119c nie lubimy przebywa\u0107 po\u015br\u00f3d ludzi bez make-upu &#8211; \u015bmia\u0142o mo\u017cemy go na\u0142o\u017cy\u0107. Warto jednak zadba\u0107, by by\u0142 on [&hellip;]<\/p>\n","protected":false},"author":2,"featured_media":5848,"comment_status":"open","ping_status":"open","sticky":false,"template":"","format":"standard","meta":{"_et_pb_use_builder":"","_et_pb_old_content":"","_et_gb_content_width":"","footnotes":""},"categories":[41],"tags":[],"class_list":["post-5847","post","type-post","status-publish","format-standard","has-post-thumbnail","hentry","category-olsniewaj-makijazem","et-has-post-format-content","et_post_format-et-post-format-standard"],"_links":{"self":[{"href":"https:\/\/neness.pl\/blog\/wp-json\/wp\/v2\/posts\/5847","targetHints":{"allow":["GET"]}}],"collection":[{"href":"https:\/\/neness.pl\/blog\/wp-json\/wp\/v2\/posts"}],"about":[{"href":"https:\/\/neness.pl\/blog\/wp-json\/wp\/v2\/types\/post"}],"author":[{"embeddable":true,"href":"https:\/\/neness.pl\/blog\/wp-json\/wp\/v2\/users\/2"}],"replies":[{"embeddable":true,"href":"https:\/\/neness.pl\/blog\/wp-json\/wp\/v2\/comments?post=5847"}],"version-history":[{"count":0,"href":"https:\/\/neness.pl\/blog\/wp-json\/wp\/v2\/posts\/5847\/revisions"}],"wp:featuredmedia":[{"embeddable":true,"href":"https:\/\/neness.pl\/blog\/wp-json\/wp\/v2\/media\/5848"}],"wp:attachment":[{"href":"https:\/\/neness.pl\/blog\/wp-json\/wp\/v2\/media?parent=5847"}],"wp:term":[{"taxonomy":"category","embeddable":true,"href":"https:\/\/neness.pl\/blog\/wp-json\/wp\/v2\/categories?post=5847"},{"taxonomy":"post_tag","embeddable":true,"href":"https:\/\/neness.pl\/blog\/wp-json\/wp\/v2\/tags?post=5847"}],"curies":[{"name":"wp","href":"https:\/\/api.w.org\/{rel}","templated":true}]}}