{"id":5842,"date":"2019-06-10T13:06:15","date_gmt":"2019-06-10T11:06:15","guid":{"rendered":"http:\/\/ranking-kosmetykow.pl\/?p=5842"},"modified":"2019-06-10T13:06:15","modified_gmt":"2019-06-10T11:06:15","slug":"rano-czy-wieczorem-kiedy-myc-wlosy","status":"publish","type":"post","link":"https:\/\/neness.pl\/blog\/rano-czy-wieczorem-kiedy-myc-wlosy\/","title":{"rendered":"Rano czy wieczorem &#8211; kiedy my\u0107 w\u0142osy?"},"content":{"rendered":"<p>Kwestia, czy my\u0107 w\u0142osy rano, czy raczej wieczorem, wraca co pewien czas, i nadal nie ma na ni\u0105 jednoznacznej odpowiedzi. Moment mycia powinien bowiem zale\u017ce\u0107 od typu w\u0142os\u00f3w oraz efektu, jaki chcemy osi\u0105gn\u0105\u0107. Oto kilka wskaz\u00f3wek, w jakich przypadkach postawi\u0107 na mycie w\u0142os\u00f3w przed snem, a w jakich tu\u017c po przebudzeniu.<!--more--><\/p>\n<h3>Mycie w\u0142os\u00f3w rano<\/h3>\n<p>Ranek to najlepsza pora na mycie <strong>w\u0142os\u00f3w przet\u0142uszczaj\u0105cych si\u0119.<\/strong> Te po nocy mog\u0105 wygl\u0105da\u0107 ju\u017c nieco nie\u015bwie\u017co, dlatego poranne ich oczyszczenie daje nam wi\u0119kszy komfort i pewno\u015b\u0107, \u017ce wygl\u0105damy dobrze przez ca\u0142y dzie\u0144. Wtedy te\u017c najlepiej jest my\u0107 <strong>w\u0142osy cienkie,<\/strong> bo przez noc staj\u0105 si\u0119 one przyklapni\u0119te i trac\u0105 wiele ze swego uroku. Je\u015bli jednak umyjemy je tu\u017c po wstaniu z \u0142\u00f3\u017cka, a dodatkowo podsuszymy suszark\u0105, zyskaj\u0105 na obj\u0119to\u015bci i b\u0119d\u0105 pi\u0119kne i puszyste. Dodatkowo mamy pewno\u015b\u0107, \u017ce unikniemy odgniece\u0144 od poduszki, kt\u00f3rych trudno pozby\u0107 si\u0119 podczas uk\u0142adania.<\/p>\n<div id=\"attachment_5845\" style=\"width: 260px\" class=\"wp-caption aligncenter\"><a href=\"https:\/\/neness.pl\/pl\/p\/Natura-Siberica-Szampon-Dziki-Jalowiec-Syberyjski\/5338\"><img loading=\"lazy\" decoding=\"async\" aria-describedby=\"caption-attachment-5845\" class=\"wp-image-5845\" src=\"http:\/\/ranking-kosmetykow.pl\/wp-content\/uploads\/2019\/06\/724b3db4b10f30f9eec2face03369ec6.jpg\" alt=\"\" width=\"250\" height=\"405\" srcset=\"https:\/\/neness.pl\/blog\/wp-content\/uploads\/2019\/06\/724b3db4b10f30f9eec2face03369ec6.jpg 296w, https:\/\/neness.pl\/blog\/wp-content\/uploads\/2019\/06\/724b3db4b10f30f9eec2face03369ec6-185x300.jpg 185w\" sizes=\"auto, (max-width: 250px) 100vw, 250px\" \/><\/a><p id=\"caption-attachment-5845\" class=\"wp-caption-text\">Natura Siberica Szampon Dziki Ja\u0142owiec Syberyjski \/ 25,90 z\u0142<\/p><\/div>\n<p>Minusem porannego mycia w\u0142os\u00f3w jest jednak to, \u017ce wtedy wszystkim zabiegom piel\u0119gnacyjnych z regu\u0142y towarzyszy <strong>po\u015bpiech<\/strong> &#8211; nie stosujemy wi\u0119c masek, od\u017cywk\u0119 zmywamy zbyt szybko i zapominamy o zabezpieczeniu ko\u0144c\u00f3wek przed suszeniem. Je\u015bli wi\u0119c wybieramy na mycie t\u0119 por\u0119, warto wyznaczy\u0107 p<strong>rzynajmniej jeden dzie\u0144 w tygodniu na na\u0142o\u017cenie maski na d\u0142u\u017cszy czas.<\/strong> Mo\u017cna te\u017c pomy\u015ble\u0107 o rozpocz\u0119ciu <strong>olejowania<\/strong> &#8211; na\u0142o\u017cenie oleju na noc na pewno sprawi, \u017ce w\u0142osy b\u0119d\u0105 prezentowa\u0142y si\u0119 du\u017co lepiej.<\/p>\n<h3>Mycie w\u0142os\u00f3w wieczorem<\/h3>\n<p>Mycie wieczorne wskazane jest w przypadku <strong>w\u0142os\u00f3w bardzo zniszczonych.<\/strong> Wtedy mo\u017cemy pozwoli\u0107 im na wyschni\u0119cie w naturalny spos\u00f3b i tym samym oszcz\u0119dzamy kontaktu z suszark\u0105. Dodatkowo za\u015b wi\u0119cej czasu mo\u017cemy po\u015bwi\u0119ci\u0107 na ich nawil\u017cenie, od\u017cywienie i regeneracj\u0119. Ta opcja jest r\u00f3wnie\u017c bardzo dobra w przypadku <strong>w\u0142os\u00f3w kr\u0119conych<\/strong> &#8211; samoistne schni\u0119cie utrwala skr\u0119t, sprawia, \u017ce w\u0142osy lepiej si\u0119 uk\u0142adaj\u0105 i s\u0105 mniej napuszone.<\/p>\n<p>Wad\u0105 tego rozwi\u0105zania jest za to fakt, \u017ce w\u0142osy w tym wypadku powinni\u015bmy my\u0107 ju\u017c <strong>kilka godzin przed p\u00f3j\u015bciem spa\u0107,<\/strong> by zd\u0105\u017cy\u0142y ca\u0142kowicie si\u0119 wysuszy\u0107, zanim po\u0142o\u017cymy si\u0119 do \u0142\u00f3\u017cka. Jest to bardzo istotne, bo mokre w\u0142osy s\u0105 du\u017co bardziej wra\u017cliwe i podatne na \u0142amanie, wi\u0119c kontakt z poduszk\u0105 i ko\u0142dr\u0105, gdy s\u0105 wilgotne, sprawia, \u017ce niszcz\u0105 si\u0119 du\u017co szybciej.<\/p>\n","protected":false},"excerpt":{"rendered":"<p>Kwestia, czy my\u0107 w\u0142osy rano, czy raczej wieczorem, wraca co pewien czas, i nadal nie ma na ni\u0105 jednoznacznej odpowiedzi. Moment mycia powinien bowiem zale\u017ce\u0107 od typu w\u0142os\u00f3w oraz efektu, jaki chcemy osi\u0105gn\u0105\u0107. Oto kilka wskaz\u00f3wek, w jakich przypadkach postawi\u0107 na mycie w\u0142os\u00f3w przed snem, a w jakich tu\u017c po przebudzeniu.<\/p>\n","protected":false},"author":2,"featured_media":5843,"comment_status":"open","ping_status":"open","sticky":false,"template":"","format":"standard","meta":{"_et_pb_use_builder":"","_et_pb_old_content":"","_et_gb_content_width":"","footnotes":""},"categories":[48],"tags":[],"class_list":["post-5842","post","type-post","status-publish","format-standard","has-post-thumbnail","hentry","category-wlosy-idealne","et-has-post-format-content","et_post_format-et-post-format-standard"],"_links":{"self":[{"href":"https:\/\/neness.pl\/blog\/wp-json\/wp\/v2\/posts\/5842","targetHints":{"allow":["GET"]}}],"collection":[{"href":"https:\/\/neness.pl\/blog\/wp-json\/wp\/v2\/posts"}],"about":[{"href":"https:\/\/neness.pl\/blog\/wp-json\/wp\/v2\/types\/post"}],"author":[{"embeddable":true,"href":"https:\/\/neness.pl\/blog\/wp-json\/wp\/v2\/users\/2"}],"replies":[{"embeddable":true,"href":"https:\/\/neness.pl\/blog\/wp-json\/wp\/v2\/comments?post=5842"}],"version-history":[{"count":0,"href":"https:\/\/neness.pl\/blog\/wp-json\/wp\/v2\/posts\/5842\/revisions"}],"wp:featuredmedia":[{"embeddable":true,"href":"https:\/\/neness.pl\/blog\/wp-json\/wp\/v2\/media\/5843"}],"wp:attachment":[{"href":"https:\/\/neness.pl\/blog\/wp-json\/wp\/v2\/media?parent=5842"}],"wp:term":[{"taxonomy":"category","embeddable":true,"href":"https:\/\/neness.pl\/blog\/wp-json\/wp\/v2\/categories?post=5842"},{"taxonomy":"post_tag","embeddable":true,"href":"https:\/\/neness.pl\/blog\/wp-json\/wp\/v2\/tags?post=5842"}],"curies":[{"name":"wp","href":"https:\/\/api.w.org\/{rel}","templated":true}]}}