{"id":5838,"date":"2019-06-07T14:12:09","date_gmt":"2019-06-07T12:12:09","guid":{"rendered":"http:\/\/ranking-kosmetykow.pl\/?p=5838"},"modified":"2019-06-07T14:12:09","modified_gmt":"2019-06-07T12:12:09","slug":"z-jakich-kosmetykow-i-zabiegow-zrezygnowac-latem","status":"publish","type":"post","link":"https:\/\/neness.pl\/blog\/z-jakich-kosmetykow-i-zabiegow-zrezygnowac-latem\/","title":{"rendered":"Z jakich kosmetyk\u00f3w zrezygnowa\u0107 latem?"},"content":{"rendered":"<p>Latem, kiedy non stop nara\u017cone jeste\u015bmy na dzia\u0142anie ostrych promieni s\u0142onecznych, u\u017cywanie niekt\u00f3rych kosmetyk\u00f3w staje si\u0119 niebezpieczne albo co najmniej niewskazane i mo\u017ce sko\u0144czy\u0107 si\u0119 niepotrzebnymi <strong>problemami sk\u00f3rnymi.<\/strong> Zobaczcie, czego lepiej unika\u0107 w miesi\u0105cach wakacyjnych.<!--more--><\/p>\n<h3>Podk\u0142ady kryj\u0105ce<\/h3>\n<p>Je\u015bli mamy na twarzy widoczne niedoskona\u0142o\u015bci, z regu\u0142y kusi nas, by je zamaskowa\u0107 ci\u0119\u017ckim, kryj\u0105cym podk\u0142adem. Jednak w upalne dni u\u017cycie takiego kosmetyku mo\u017ce przynie\u015b\u0107 wi\u0119cej szkody ni\u017c po\u017cytku. W wysokich temperaturach te podk\u0142ady cz\u0119sto <strong>warz\u0105 si\u0119 i roluj\u0105,<\/strong> przez co daj\u0105 bardzo nieestetyczny efekt. W dodatku za\u015b zmieszane z potem i sebum <strong>zapychaj\u0105 pory<\/strong> i <strong>utrudniaj\u0105 sk\u00f3rze oddychanie,<\/strong> to za\u015b prowadzi do powstawania nowych wyprysk\u00f3w i zask\u00f3rnik\u00f3w. Latem wi\u0119c zdecydowanie lepiej przestawi\u0107 si\u0119 na lekki kosmetyk, jak <strong>krem BB<\/strong> czy <strong>podk\u0142ad mineralny.<\/strong><\/p>\n<h3>Kremy z retinolem<\/h3>\n<p><a href=\"http:\/\/ranking-kosmetykow.pl\/2019\/02\/22\/retinol-co-trzeba-o-nim-wiedziec\/\">Retinol <\/a>ma wiele w\u0142a\u015bciwo\u015bci, kt\u00f3re sprawiaj\u0105, \u017ce jest cennym sk\u0142adnikiem kosmetyk\u00f3w piel\u0119gnacyjnych. Wspomaga produkcj\u0119 kolagenu, zw\u0119\u017ca pory, normalizuje proces wydzielania sebum i op\u00f3\u017ania tworzenie si\u0119 zmarszczek. Jednak r\u00f3wnocze\u015bnie sprawia on, \u017ce<strong> sk\u00f3ra staje si\u0119 wyj\u0105tkowo wra\u017cliwa na dzia\u0142anie promieni s\u0142onecznych,<\/strong> przez co u\u017cycie kremu z tym sk\u0142adnikiem latem mo\u017ce sko\u0144czy\u0107 si\u0119 <strong>powstaniem przebarwie\u0144.<\/strong> Dlatego najlepiej unika\u0107 retinolu w miesi\u0105cach wakacyjnych, a je\u015bli ju\u017c si\u0119 na niego decydujemy, koniecznie zawsze u\u017cywa\u0107 <strong>kosmetyk\u00f3w z wysokim filtrem.<\/strong><\/p>\n<h3>Kosmetyki z alkoholem<\/h3>\n<p>Zdecydowanie nale\u017cy te\u017c latem odstawi\u0107 wszystkie kosmetyki na dzie\u0144, kt\u00f3re maj\u0105 w sk\u0142adzie alkohol. Warto zrobi\u0107 to szczeg\u00f3lnie, je\u015bli planujemy d\u0142u\u017csze ekspozycje na \u015bwiat\u0142o s\u0142oneczne. Sk\u0142adnik ten pod wp\u0142ywem promieniowania UV wchodzi w reakcje z innymi substancjami, powoduj\u0105c <strong>zaczerwienienia sk\u00f3ry, jej podra\u017cnienia <\/strong>oraz <strong>przebarwienia.<\/strong> I dotyczy to nie tylko kosmetyk\u00f3w piel\u0119gnacyjnych, ale r\u00f3wnie\u017c perfum. Je\u015bli wi\u0119c wybieramy si\u0119 na pla\u017c\u0119, zdecydowanie lepiej zrezygnowa\u0107 ze spryskania si\u0119 ulubionym zapachem. Nie oznacza to jednak, \u017ce przez ca\u0142y okres letni nie wolno u\u017cywa\u0107 \u017cadnych kosmetyk\u00f3w z dodatkiem alkoholu &#8211; mo\u017cemy stosowa\u0107 je <strong>na noc,<\/strong> a tak\u017ce w sytuacjach, <strong>gdy wiemy, \u017ce nie b\u0119dziemy du\u017co przebywa\u0107 na s\u0142o\u0144cu.<\/strong><\/p>\n","protected":false},"excerpt":{"rendered":"<p>Latem, kiedy non stop nara\u017cone jeste\u015bmy na dzia\u0142anie ostrych promieni s\u0142onecznych, u\u017cywanie niekt\u00f3rych kosmetyk\u00f3w staje si\u0119 niebezpieczne albo co najmniej niewskazane i mo\u017ce sko\u0144czy\u0107 si\u0119 niepotrzebnymi problemami sk\u00f3rnymi. Zobaczcie, czego lepiej unika\u0107 w miesi\u0105cach wakacyjnych.<\/p>\n","protected":false},"author":2,"featured_media":5839,"comment_status":"open","ping_status":"open","sticky":false,"template":"","format":"standard","meta":{"_et_pb_use_builder":"","_et_pb_old_content":"","_et_gb_content_width":"","footnotes":""},"categories":[185],"tags":[],"class_list":["post-5838","post","type-post","status-publish","format-standard","has-post-thumbnail","hentry","category-codzienna-pielegnacja","et-has-post-format-content","et_post_format-et-post-format-standard"],"_links":{"self":[{"href":"https:\/\/neness.pl\/blog\/wp-json\/wp\/v2\/posts\/5838","targetHints":{"allow":["GET"]}}],"collection":[{"href":"https:\/\/neness.pl\/blog\/wp-json\/wp\/v2\/posts"}],"about":[{"href":"https:\/\/neness.pl\/blog\/wp-json\/wp\/v2\/types\/post"}],"author":[{"embeddable":true,"href":"https:\/\/neness.pl\/blog\/wp-json\/wp\/v2\/users\/2"}],"replies":[{"embeddable":true,"href":"https:\/\/neness.pl\/blog\/wp-json\/wp\/v2\/comments?post=5838"}],"version-history":[{"count":0,"href":"https:\/\/neness.pl\/blog\/wp-json\/wp\/v2\/posts\/5838\/revisions"}],"wp:featuredmedia":[{"embeddable":true,"href":"https:\/\/neness.pl\/blog\/wp-json\/wp\/v2\/media\/5839"}],"wp:attachment":[{"href":"https:\/\/neness.pl\/blog\/wp-json\/wp\/v2\/media?parent=5838"}],"wp:term":[{"taxonomy":"category","embeddable":true,"href":"https:\/\/neness.pl\/blog\/wp-json\/wp\/v2\/categories?post=5838"},{"taxonomy":"post_tag","embeddable":true,"href":"https:\/\/neness.pl\/blog\/wp-json\/wp\/v2\/tags?post=5838"}],"curies":[{"name":"wp","href":"https:\/\/api.w.org\/{rel}","templated":true}]}}