{"id":5827,"date":"2019-06-05T14:48:45","date_gmt":"2019-06-05T12:48:45","guid":{"rendered":"http:\/\/ranking-kosmetykow.pl\/?p=5827"},"modified":"2019-06-05T14:48:45","modified_gmt":"2019-06-05T12:48:45","slug":"jak-zadbac-o-skore-po-opalaniu","status":"publish","type":"post","link":"https:\/\/neness.pl\/blog\/jak-zadbac-o-skore-po-opalaniu\/","title":{"rendered":"Jak zadba\u0107 o sk\u00f3r\u0119 po opalaniu?"},"content":{"rendered":"<p>Piel\u0119gnacja cia\u0142a w okresie letnim, zw\u0142aszcza je\u015bli du\u017co si\u0119 opalamy, powinna by\u0107 <strong>wieloetapowa.<\/strong> Nie wystarczy na\u0142o\u017cy\u0107 przed wyj\u015bciem na s\u0142o\u0144ce kremu z filtrem, by sk\u00f3ra w \u017caden spos\u00f3b nie odczu\u0142a negatywnego wp\u0142ywu k\u0105pieli s\u0142onecznej. Aby nie sta\u0142a si\u0119 przesuszona i szorstka, bardzo wa\u017cne jest, by zadba\u0107 o ni\u0105 r\u00f3wnie\u017c po opalaniu. Oto kilka krok\u00f3w, kt\u00f3re warto wykona\u0107 po zej\u015bciu ze s\u0142o\u0144ca.<!--more--><\/p>\n<h3>Ch\u0142odna k\u0105piel lub prysznic<\/h3>\n<p>Ch\u0142odna k\u0105piel lub prysznic po opalaniu nie tylko pomagaj\u0105 nam si\u0119 zrelaksowa\u0107, ale <strong>sprawiaj\u0105 te\u017c ulg\u0119 rozgrzanej sk\u00f3rze.<\/strong> Dodatkowo za\u015b pozwalaj\u0105 utrzyma\u0107 j\u0105 w dobrej kondycji &#8211; zmywaj\u0105 z cia\u0142a ca\u0142y pot i brud, kt\u00f3ry do niego przylega, <strong>odblokowuj\u0105c w ten spos\u00f3b pory.<\/strong> Opr\u00f3cz tego usuwaj\u0105 tak\u017ce resztki kosmetyk\u00f3w do opalania, piasek i s\u00f3l morsk\u0105 czy chlor, kt\u00f3re mog\u0105 dzia\u0142a\u0107 na sk\u00f3r\u0119 podra\u017cniaj\u0105co i wysuszaj\u0105co.<\/p>\n<div id=\"attachment_5830\" style=\"width: 360px\" class=\"wp-caption aligncenter\"><a href=\"https:\/\/neness.pl\/holika-holika-aloe-92-zel-pod-prysznic-aloesowy-shower-gel-250ml\"><img loading=\"lazy\" decoding=\"async\" aria-describedby=\"caption-attachment-5830\" class=\"wp-image-5830\" src=\"http:\/\/ranking-kosmetykow.pl\/wp-content\/uploads\/2019\/06\/Holika-Holika-Aloe-92-\u017bel-pod-Prysznic-Aloesowy-Shower-Gel-250ml.png\" alt=\"\" width=\"350\" height=\"467\" \/><\/a><p id=\"caption-attachment-5830\" class=\"wp-caption-text\">Holika Holika Aloe 92% \u017bel pod Prysznic Aloesowy Shower Gel 250ml \/ 29,90 z\u0142<\/p><\/div>\n<p>Je\u015bli decydujemy si\u0119 na k\u0105piel zamiast prysznica, warto doda\u0107 do niej r\u00f3wnie\u017c odrobin\u0119<strong> olejku o dzia\u0142aniu \u0142agodz\u0105cym,<\/strong> kt\u00f3ry pomo\u017ce zniwelowa\u0107 pieczenie i sw\u0119dzenie po d\u0142ugim opalaniu.<\/p>\n<h3>Nawil\u017cenie i od\u017cywienie<\/h3>\n<p>Po sch\u0142odzeniu konieczne jest tak\u017ce dog\u0142\u0119bne nawil\u017cenie i od\u017cywienie. Pomaga to zachowa\u0107 elastyczno\u015b\u0107 sk\u00f3ry, zapobiec jej przesuszaniu i p\u0119kaniu oraz z\u0142uszczaniu nask\u00f3rka, a dodatkowo r\u00f3wnie\u017c utrzyma\u0107 opalenizn\u0119 na d\u0142u\u017cej. Warto zdecydowa\u0107 si\u0119 tutaj na kosmetyk maj\u0105cy w sk\u0142adzie<strong> witaminy B5, C i E<\/strong> \u00a0oraz sk\u0142adniki o dzia\u0142aniu koj\u0105cym i ch\u0142odz\u0105cym &#8211; na przyk\u0142ad <strong>aloes<\/strong> czy <strong>D-pantenol.<\/strong> Je\u015bli chcemy dodatkowo poprawi\u0107 koloryt sk\u00f3ry i utrwali\u0107 opalenizn\u0119, mo\u017cemy postawi\u0107 na produkt z mas\u0142em kakaowym.<\/p>\n<div id=\"attachment_5829\" style=\"width: 360px\" class=\"wp-caption aligncenter\"><a href=\"https:\/\/neness.pl\/kallos-go-go-balsam-nawilzajacy-do-ciala-200ml\"><img loading=\"lazy\" decoding=\"async\" aria-describedby=\"caption-attachment-5829\" class=\"wp-image-5829\" src=\"http:\/\/ranking-kosmetykow.pl\/wp-content\/uploads\/2019\/06\/Kallos-Go-Go-Balsam-Nawil\u017caj\u0105cy-do-Cia\u0142a-200ml.png\" alt=\"\" width=\"350\" height=\"473\" \/><\/a><p id=\"caption-attachment-5829\" class=\"wp-caption-text\">Kallos Go Go Balsam Nawil\u017caj\u0105cy do Cia\u0142a 200ml \/ 6,49 z\u0142<\/p><\/div>\n<h3>Dodatkowe ch\u0142odzenie<\/h3>\n<p>Je\u015bli czujemy, \u017ce opalili\u015bmy si\u0119 wyj\u0105tkowo mocno i sk\u00f3ra jest nieprzyjemnie naci\u0105gni\u0119ta, warto zaopatrzy\u0107 si\u0119 tak\u017ce w<strong> mgie\u0142k\u0119 do cia\u0142a o dzia\u0142aniu ch\u0142odz\u0105cym.<\/strong> Taki produkt najlepiej nosi\u0107 przy sobie w torebce, by m\u00f3c korzysta\u0107 z niego zawsze, kiedy czujemy tak\u0105 potrzeb\u0119. Nie mo\u017cna tak\u017ce zapomina\u0107 o<strong> regularnym nawadnianiu.<\/strong> Zar\u00f3wno podczas opalania, jak i po nim nale\u017cy cz\u0119sto popija\u0107 ma\u0142ymi \u0142ykami ch\u0142odne p\u0142yny, co pozwala przywr\u00f3ci\u0107 odpowiedni poziom wody w organizmie.<\/p>\n","protected":false},"excerpt":{"rendered":"<p>Piel\u0119gnacja cia\u0142a w okresie letnim, zw\u0142aszcza je\u015bli du\u017co si\u0119 opalamy, powinna by\u0107 wieloetapowa. Nie wystarczy na\u0142o\u017cy\u0107 przed wyj\u015bciem na s\u0142o\u0144ce kremu z filtrem, by sk\u00f3ra w \u017caden spos\u00f3b nie odczu\u0142a negatywnego wp\u0142ywu k\u0105pieli s\u0142onecznej. Aby nie sta\u0142a si\u0119 przesuszona i szorstka, bardzo wa\u017cne jest, by zadba\u0107 o ni\u0105 r\u00f3wnie\u017c po opalaniu. Oto kilka krok\u00f3w, kt\u00f3re [&hellip;]<\/p>\n","protected":false},"author":2,"featured_media":5828,"comment_status":"open","ping_status":"open","sticky":false,"template":"","format":"standard","meta":{"_et_pb_use_builder":"","_et_pb_old_content":"","_et_gb_content_width":"","footnotes":""},"categories":[185],"tags":[],"class_list":["post-5827","post","type-post","status-publish","format-standard","has-post-thumbnail","hentry","category-codzienna-pielegnacja","et-has-post-format-content","et_post_format-et-post-format-standard"],"_links":{"self":[{"href":"https:\/\/neness.pl\/blog\/wp-json\/wp\/v2\/posts\/5827","targetHints":{"allow":["GET"]}}],"collection":[{"href":"https:\/\/neness.pl\/blog\/wp-json\/wp\/v2\/posts"}],"about":[{"href":"https:\/\/neness.pl\/blog\/wp-json\/wp\/v2\/types\/post"}],"author":[{"embeddable":true,"href":"https:\/\/neness.pl\/blog\/wp-json\/wp\/v2\/users\/2"}],"replies":[{"embeddable":true,"href":"https:\/\/neness.pl\/blog\/wp-json\/wp\/v2\/comments?post=5827"}],"version-history":[{"count":0,"href":"https:\/\/neness.pl\/blog\/wp-json\/wp\/v2\/posts\/5827\/revisions"}],"wp:featuredmedia":[{"embeddable":true,"href":"https:\/\/neness.pl\/blog\/wp-json\/wp\/v2\/media\/5828"}],"wp:attachment":[{"href":"https:\/\/neness.pl\/blog\/wp-json\/wp\/v2\/media?parent=5827"}],"wp:term":[{"taxonomy":"category","embeddable":true,"href":"https:\/\/neness.pl\/blog\/wp-json\/wp\/v2\/categories?post=5827"},{"taxonomy":"post_tag","embeddable":true,"href":"https:\/\/neness.pl\/blog\/wp-json\/wp\/v2\/tags?post=5827"}],"curies":[{"name":"wp","href":"https:\/\/api.w.org\/{rel}","templated":true}]}}