{"id":5822,"date":"2019-06-04T13:11:48","date_gmt":"2019-06-04T11:11:48","guid":{"rendered":"http:\/\/ranking-kosmetykow.pl\/?p=5822"},"modified":"2019-06-04T13:11:48","modified_gmt":"2019-06-04T11:11:48","slug":"co-powinien-zawierac-krem-na-noc","status":"publish","type":"post","link":"https:\/\/neness.pl\/blog\/co-powinien-zawierac-krem-na-noc\/","title":{"rendered":"Co powinien zawiera\u0107 krem na noc?"},"content":{"rendered":"<p>Podczas naszego snu sk\u00f3ra regeneruje si\u0119 i jest w stanie wch\u0142on\u0105\u0107 wi\u0119cej sk\u0142adnik\u00f3w od\u017cywczych ni\u017c podczas dnia pe\u0142nego wyzwa\u0144. Dlatego dobrze, gdy krem na noc jest du\u017co bardziej <strong>tre\u015bciwy<\/strong> i ma <strong>g\u0119stsz\u0105 konsystencj\u0119<\/strong> ni\u017c ten, kt\u00f3ry stosujemy rano. Co jednak konkretnie powinien zawiera\u0107?<!--more--><\/p>\n<h3>Krem a typ cery<\/h3>\n<p>Krem na noc &#8211; podobnie jak ten na dzie\u0144 &#8211; musi by\u0107 przede wszystkim dobrany do <strong>typu sk\u00f3ry.<\/strong> Kosmetyk do cery t\u0142ustej powinien by\u0107 stosunkowo lekki i zawiera\u0107 naturalne substancje normalizuj\u0105ce wydzielanie sebum &#8211; na przyk\u0142ad <strong>ekstrakt z lawendy<\/strong> lub <strong>korzenia \u0142opianu.<\/strong> Produkt, kt\u00f3rym piel\u0119gnujemy sk\u00f3r\u0119 tr\u0105dzikow\u0105, musi mie\u0107 za to sk\u0142adniki przeciwbakteryjne i \u0142agodz\u0105ce, jak chocia\u017cby <strong>aloes,<\/strong> a krem do sk\u00f3ry suchej &#8211; olejki g\u0142\u0119boko od\u017cywiaj\u0105ce, na przyk\u0142ad <strong>z r\u00f3\u017cy.<\/strong> Jest jednak kilka <strong>uniwersalnych sk\u0142adnik\u00f3w,<\/strong> kt\u00f3re sprawdzaj\u0105 si\u0119 przy ka\u017cdym typie cery. Oto kilka takich, kt\u00f3rych warto szuka\u0107 w kremie u\u017cywanym na noc.<\/p>\n<div id=\"attachment_5824\" style=\"width: 410px\" class=\"wp-caption aligncenter\"><a href=\"https:\/\/neness.pl\/pl\/p\/Natura-Siberica-Krem-na-Noc-Sofora-Japonska-50ml\/5477\"><img loading=\"lazy\" decoding=\"async\" aria-describedby=\"caption-attachment-5824\" class=\"wp-image-5824\" src=\"http:\/\/ranking-kosmetykow.pl\/wp-content\/uploads\/2019\/06\/6af93912b8ad933b440feeba4a0808a6.jpg\" alt=\"\" width=\"400\" height=\"400\" srcset=\"https:\/\/neness.pl\/blog\/wp-content\/uploads\/2019\/06\/6af93912b8ad933b440feeba4a0808a6.jpg 708w, https:\/\/neness.pl\/blog\/wp-content\/uploads\/2019\/06\/6af93912b8ad933b440feeba4a0808a6-300x300.jpg 300w, https:\/\/neness.pl\/blog\/wp-content\/uploads\/2019\/06\/6af93912b8ad933b440feeba4a0808a6-150x150.jpg 150w, https:\/\/neness.pl\/blog\/wp-content\/uploads\/2019\/06\/6af93912b8ad933b440feeba4a0808a6-610x610.jpg 610w, https:\/\/neness.pl\/blog\/wp-content\/uploads\/2019\/06\/6af93912b8ad933b440feeba4a0808a6-440x440.jpg 440w\" sizes=\"auto, (max-width: 400px) 100vw, 400px\" \/><\/a><p id=\"caption-attachment-5824\" class=\"wp-caption-text\">Natura Siberica Krem na Noc Sofora Japo\u0144ska 50ml \/ 28,50 z\u0142<\/p><\/div>\n<h3>Sk\u0142adniki krem\u00f3w na noc<\/h3>\n<p>Przede wszystkim krem na noc powinien dostarcza\u0107 sk\u00f3rze witamin potrzebnych jej do regeneracji i zachowania m\u0142odego wygl\u0105du. W\u015br\u00f3d nich bardzo wa\u017cn\u0105 rol\u0119 spe\u0142niaj\u0105 <strong>witaminy C i E,<\/strong> b\u0119d\u0105ce silnymi <strong>antyoksydantami.<\/strong> Opr\u00f3cz tego warto tak\u017ce szuka\u0107 w kosmetykach tego typu <strong>kwasu hialuronowego.<\/strong> Ten sk\u0142adnik z kolei dociera do g\u0142\u0119bokich warstw sk\u00f3ry i regeneruje j\u0105, poprawiaj\u0105c przy tym jej elastyczno\u015b\u0107, a do tego dog\u0142\u0119bnie nawil\u017ca i neutralizuje szkody wyrz\u0105dzone w ci\u0105gu dnia przez promienie UV.<\/p>\n<p>Dobrze, by krem na noc mia\u0142 w sk\u0142adzie tak\u017ce <strong>koenzym Q10,<\/strong> kt\u00f3ry zwalcza wolne rodniki, oraz szereg substancji od\u017cywiaj\u0105cych. Najlepiej szuka\u0107 w kosmetykach stosowanych wieczorem <strong>ekstraktu z zielonej herbaty, oleju z pestek malin, ze s\u0142odkich migda\u0142\u00f3w<\/strong> czy <strong>olejku makadamia.<\/strong><\/p>\n<div id=\"attachment_5825\" style=\"width: 410px\" class=\"wp-caption aligncenter\"><a href=\"https:\/\/neness.pl\/pl\/p\/White-Agafia-Krem-do-Twarzy-Ochrona-Mlodosci-na-Noc\/5384\"><img loading=\"lazy\" decoding=\"async\" aria-describedby=\"caption-attachment-5825\" class=\"wp-image-5825\" src=\"http:\/\/ranking-kosmetykow.pl\/wp-content\/uploads\/2019\/06\/beb09e649c8889122943152bdcdb5c6d.jpg\" alt=\"\" width=\"400\" height=\"400\" srcset=\"https:\/\/neness.pl\/blog\/wp-content\/uploads\/2019\/06\/beb09e649c8889122943152bdcdb5c6d.jpg 800w, https:\/\/neness.pl\/blog\/wp-content\/uploads\/2019\/06\/beb09e649c8889122943152bdcdb5c6d-300x300.jpg 300w, https:\/\/neness.pl\/blog\/wp-content\/uploads\/2019\/06\/beb09e649c8889122943152bdcdb5c6d-150x150.jpg 150w, https:\/\/neness.pl\/blog\/wp-content\/uploads\/2019\/06\/beb09e649c8889122943152bdcdb5c6d-768x768.jpg 768w, https:\/\/neness.pl\/blog\/wp-content\/uploads\/2019\/06\/beb09e649c8889122943152bdcdb5c6d-610x610.jpg 610w, https:\/\/neness.pl\/blog\/wp-content\/uploads\/2019\/06\/beb09e649c8889122943152bdcdb5c6d-440x440.jpg 440w\" sizes=\"auto, (max-width: 400px) 100vw, 400px\" \/><\/a><p id=\"caption-attachment-5825\" class=\"wp-caption-text\">White Agafia Krem do Twarzy Ochrona M\u0142odo\u015bci na Noc \/ 13,99 z\u0142<\/p><\/div>\n<h3>Spos\u00f3b nak\u0142adania<\/h3>\n<p>Nie mo\u017cna jednak zapomina\u0107, \u017ce nawet najlepszy krem na noc nie spe\u0142ni swojej funkcji, je\u015bli nie b\u0119dzie na\u0142o\u017cony w odpowiedni spos\u00f3b. Przede wszystkim nale\u017cy pami\u0119ta\u0107, \u017ce kosmetyk ten nak\u0142adamy wy\u0142\u0105cznie na <strong>dok\u0142adnie oczyszczon\u0105 i przetart\u0105 delikatnym tonikiem cer\u0119.<\/strong> Krem wmasowujemy delikatnie, <strong>kolistymi ruchami,<\/strong> zapewniaj\u0105c przy tym sk\u00f3rze masa\u017c usprawniaj\u0105cy kr\u0105\u017cenie. Rozpoczynamy nak\u0142adanie od \u015brodka twarzy i powoli kierujemy si\u0119 ku jej zewn\u0119trznym kraw\u0119dziom.<\/p>\n","protected":false},"excerpt":{"rendered":"<p>Podczas naszego snu sk\u00f3ra regeneruje si\u0119 i jest w stanie wch\u0142on\u0105\u0107 wi\u0119cej sk\u0142adnik\u00f3w od\u017cywczych ni\u017c podczas dnia pe\u0142nego wyzwa\u0144. Dlatego dobrze, gdy krem na noc jest du\u017co bardziej tre\u015bciwy i ma g\u0119stsz\u0105 konsystencj\u0119 ni\u017c ten, kt\u00f3ry stosujemy rano. Co jednak konkretnie powinien zawiera\u0107?<\/p>\n","protected":false},"author":2,"featured_media":5823,"comment_status":"open","ping_status":"open","sticky":false,"template":"","format":"standard","meta":{"_et_pb_use_builder":"","_et_pb_old_content":"","_et_gb_content_width":"","footnotes":""},"categories":[185],"tags":[],"class_list":["post-5822","post","type-post","status-publish","format-standard","has-post-thumbnail","hentry","category-codzienna-pielegnacja","et-has-post-format-content","et_post_format-et-post-format-standard"],"_links":{"self":[{"href":"https:\/\/neness.pl\/blog\/wp-json\/wp\/v2\/posts\/5822","targetHints":{"allow":["GET"]}}],"collection":[{"href":"https:\/\/neness.pl\/blog\/wp-json\/wp\/v2\/posts"}],"about":[{"href":"https:\/\/neness.pl\/blog\/wp-json\/wp\/v2\/types\/post"}],"author":[{"embeddable":true,"href":"https:\/\/neness.pl\/blog\/wp-json\/wp\/v2\/users\/2"}],"replies":[{"embeddable":true,"href":"https:\/\/neness.pl\/blog\/wp-json\/wp\/v2\/comments?post=5822"}],"version-history":[{"count":0,"href":"https:\/\/neness.pl\/blog\/wp-json\/wp\/v2\/posts\/5822\/revisions"}],"wp:featuredmedia":[{"embeddable":true,"href":"https:\/\/neness.pl\/blog\/wp-json\/wp\/v2\/media\/5823"}],"wp:attachment":[{"href":"https:\/\/neness.pl\/blog\/wp-json\/wp\/v2\/media?parent=5822"}],"wp:term":[{"taxonomy":"category","embeddable":true,"href":"https:\/\/neness.pl\/blog\/wp-json\/wp\/v2\/categories?post=5822"},{"taxonomy":"post_tag","embeddable":true,"href":"https:\/\/neness.pl\/blog\/wp-json\/wp\/v2\/tags?post=5822"}],"curies":[{"name":"wp","href":"https:\/\/api.w.org\/{rel}","templated":true}]}}