{"id":5812,"date":"2019-05-30T14:58:12","date_gmt":"2019-05-30T12:58:12","guid":{"rendered":"http:\/\/ranking-kosmetykow.pl\/?p=5812"},"modified":"2019-05-30T14:58:12","modified_gmt":"2019-05-30T12:58:12","slug":"fryzury-ktore-odmladzaja","status":"publish","type":"post","link":"https:\/\/neness.pl\/blog\/fryzury-ktore-odmladzaja\/","title":{"rendered":"Fryzury, kt\u00f3re odm\u0142adzaj\u0105"},"content":{"rendered":"<p>O m\u0142ody wygl\u0105d walczymy na r\u00f3\u017cne sposoby. \u0106wiczymy, dbamy o w\u0142a\u015bciw\u0105 diet\u0119, wklepujemy w sk\u00f3r\u0119 kosmetyki piel\u0119gnacyjne i wykonujemy precyzyjny makija\u017c. Jednak te zabiegi przynios\u0105 jeszcze lepszy efekt, je\u015bli dobierzemy dla siebie <strong>w\u0142a\u015bciw\u0105 fryzur\u0119.<\/strong> Oto kilka takich, kt\u00f3re szybko odejm\u0105 nam nawet kilka lat.<!--more--><\/p>\n<h3>P\u00f3\u0142d\u0142ugie fale<\/h3>\n<p>Je\u015bli chcemy wygl\u0105da\u0107 m\u0142odziej, z ca\u0142\u0105 pewno\u015bci\u0105 mo\u017cemy zdecydowa\u0107 si\u0119 na p\u00f3\u0142d\u0142ugie w\u0142osy zawini\u0119te w gustowne fale. I nie chodzi tutaj o misternie u\u0142o\u017cone, spryskane lakierem sploty. Fryzura powinna by\u0107 lu\u017ana, jak najbardziej <strong>naturalna,<\/strong> w stylu <strong>ba\u0142agan na g\u0142owie.<\/strong> Takie w\u0142osy dodaj\u0105 nam dziewcz\u0119cego uroku i m\u0142odzie\u0144czego szyku. By uzyska\u0107 jeszcze lepszy efekt, warto zrezygnowa\u0107 z fryzury w jednym kolorze na rzecz <a href=\"http:\/\/ranking-kosmetykow.pl\/2018\/09\/11\/balejaz-nowy-trend-w-koloryzacji\/\"><strong>baleja\u017cu w nowym wydaniu.<\/strong><\/a> W\u0142osy <strong>w kilku r\u00f3\u017cnych odcieniach<\/strong> zyskuj\u0105 optycznie na obj\u0119to\u015bci i sprawiaj\u0105, \u017ce wygl\u0105damy bardziej \u015bwie\u017co i naturalnie.<\/p>\n<div id=\"attachment_5814\" style=\"width: 360px\" class=\"wp-caption aligncenter\"><a href=\"https:\/\/neness.pl\/pl\/p\/Natura-Estonica-Maska-do-Wlosow-Odbudowujaca\/5267\"><img loading=\"lazy\" decoding=\"async\" aria-describedby=\"caption-attachment-5814\" class=\"wp-image-5814\" src=\"http:\/\/ranking-kosmetykow.pl\/wp-content\/uploads\/2019\/05\/49ba06bcf786f0fb53245b2e1c2b2d8f.jpg\" alt=\"\" width=\"350\" height=\"350\" srcset=\"https:\/\/neness.pl\/blog\/wp-content\/uploads\/2019\/05\/49ba06bcf786f0fb53245b2e1c2b2d8f.jpg 458w, https:\/\/neness.pl\/blog\/wp-content\/uploads\/2019\/05\/49ba06bcf786f0fb53245b2e1c2b2d8f-300x300.jpg 300w, https:\/\/neness.pl\/blog\/wp-content\/uploads\/2019\/05\/49ba06bcf786f0fb53245b2e1c2b2d8f-150x150.jpg 150w, https:\/\/neness.pl\/blog\/wp-content\/uploads\/2019\/05\/49ba06bcf786f0fb53245b2e1c2b2d8f-440x440.jpg 440w\" sizes=\"auto, (max-width: 350px) 100vw, 350px\" \/><\/a><p id=\"caption-attachment-5814\" class=\"wp-caption-text\">Natura Estonica Maska do W\u0142os\u00f3w Odbudowuj\u0105ca \/ 11,80 z\u0142<\/p><\/div>\n<h3>Long bob i blunt bob<\/h3>\n<p>Nic tak nie odejmuje lat, jak dobrze wykonany bob. Dla pa\u0144, kt\u00f3re chc\u0105 wygl\u0105da\u0107 m\u0142odziej, szczeg\u00f3lnie polecane s\u0105 <strong>long bob<\/strong> i <strong>blunt bob.<\/strong> Ten pierwszy to fryzura si\u0119gaj\u0105ca obojczyk\u00f3w, idealna dla tych kobiet, kt\u00f3re ch\u0119tnie nosi\u0142y wcze\u015bniej d\u0142ugie w\u0142osy. D<strong>odaje obj\u0119to\u015bci, nie obci\u0105\u017ca,<\/strong> sprawia, \u017ce kosmyki wygl\u0105daj\u0105 na g\u0119ste i zdrowe, ale przy tym nie jest na tyle kr\u00f3tka, by\u015bmy czu\u0142y si\u0119 w niej niekomfortowo. Blunt bob to z kolei wariacja na temat klasycznego boba, w kt\u00f3rej <strong>wszystkie w\u0142osy s\u0105 tej samej d\u0142ugo\u015bci<\/strong> &#8211; niczym przystrzy\u017cone od linijki. Ta fryzura r\u00f3wnie\u017c dodaje w\u0142osom obj\u0119to\u015bci, a nam odejmuje lat, jednak decyduj\u0105c si\u0119 na ni\u0105, musimy pami\u0119ta\u0107, \u017ce \u017ceby prezentowa\u0142a si\u0119 naprawd\u0119 dobrze, konieczna jest <strong>chirurgiczna precyzja przy ci\u0119ciu.<\/strong><\/p>\n<div id=\"attachment_5815\" style=\"width: 360px\" class=\"wp-caption aligncenter\"><a href=\"https:\/\/neness.pl\/pl\/p\/Natura-Estonica-Maska-do-Wszystkich-Typow-Wlosow\/5266\"><img loading=\"lazy\" decoding=\"async\" aria-describedby=\"caption-attachment-5815\" class=\"wp-image-5815\" src=\"http:\/\/ranking-kosmetykow.pl\/wp-content\/uploads\/2019\/05\/500_500_productGfx_b1e88753a4e4396acc78d365f919df96.jpg\" alt=\"\" width=\"350\" height=\"323\" srcset=\"https:\/\/neness.pl\/blog\/wp-content\/uploads\/2019\/05\/500_500_productGfx_b1e88753a4e4396acc78d365f919df96.jpg 500w, https:\/\/neness.pl\/blog\/wp-content\/uploads\/2019\/05\/500_500_productGfx_b1e88753a4e4396acc78d365f919df96-300x277.jpg 300w\" sizes=\"auto, (max-width: 350px) 100vw, 350px\" \/><\/a><p id=\"caption-attachment-5815\" class=\"wp-caption-text\">Natura Estonica Maska do Wszystkich Typ\u00f3w W\u0142os\u00f3w \/ 11,80 z\u0142<\/p><\/div>\n<h3>G\u0119sta grzywka<\/h3>\n<p>M\u0142odzie\u0144czo\u015b\u0107 przywr\u00f3ci nam mo\u017ce r\u00f3wnie\u017c pi\u0119kna, g\u0119sta grzywka. W zale\u017cno\u015bci od rys\u00f3w twarzy mo\u017cemy zdecydowa\u0107 si\u0119 na <strong>prost\u0105,<\/strong> zaczynaj\u0105c\u0105 si\u0119 ju\u017c od czubka g\u0142owy, lub <strong>asymetryczn\u0105<\/strong>. Taka fryzura doskonale <strong>zakrywa zmarszczki i bruzdy na czole<\/strong> oraz odwraca uwag\u0119 od tych, kt\u00f3re pojawiaj\u0105 si\u0119 na innych partiach twarzy. Dodatkowo w\u0142a\u015bciwie dobrana grzywka mo\u017ce wysmukli\u0107 twarz lub z\u0142agodzi\u0107 rysy, a je\u015bli ma odpowiedni do naszej karnacji kolor &#8211; r\u00f3wnie\u017c sprawi\u0107, \u017ce sk\u00f3ra b\u0119dzie wygl\u0105da\u0142a na <strong>zdrowsz\u0105 i bardziej elastyczn\u0105.<\/strong><\/p>\n","protected":false},"excerpt":{"rendered":"<p>O m\u0142ody wygl\u0105d walczymy na r\u00f3\u017cne sposoby. \u0106wiczymy, dbamy o w\u0142a\u015bciw\u0105 diet\u0119, wklepujemy w sk\u00f3r\u0119 kosmetyki piel\u0119gnacyjne i wykonujemy precyzyjny makija\u017c. Jednak te zabiegi przynios\u0105 jeszcze lepszy efekt, je\u015bli dobierzemy dla siebie w\u0142a\u015bciw\u0105 fryzur\u0119. Oto kilka takich, kt\u00f3re szybko odejm\u0105 nam nawet kilka lat.<\/p>\n","protected":false},"author":2,"featured_media":5813,"comment_status":"open","ping_status":"open","sticky":false,"template":"","format":"standard","meta":{"_et_pb_use_builder":"","_et_pb_old_content":"","_et_gb_content_width":"","footnotes":""},"categories":[1,48],"tags":[],"class_list":["post-5812","post","type-post","status-publish","format-standard","has-post-thumbnail","hentry","category-bez-kategorii","category-wlosy-idealne","et-has-post-format-content","et_post_format-et-post-format-standard"],"_links":{"self":[{"href":"https:\/\/neness.pl\/blog\/wp-json\/wp\/v2\/posts\/5812","targetHints":{"allow":["GET"]}}],"collection":[{"href":"https:\/\/neness.pl\/blog\/wp-json\/wp\/v2\/posts"}],"about":[{"href":"https:\/\/neness.pl\/blog\/wp-json\/wp\/v2\/types\/post"}],"author":[{"embeddable":true,"href":"https:\/\/neness.pl\/blog\/wp-json\/wp\/v2\/users\/2"}],"replies":[{"embeddable":true,"href":"https:\/\/neness.pl\/blog\/wp-json\/wp\/v2\/comments?post=5812"}],"version-history":[{"count":0,"href":"https:\/\/neness.pl\/blog\/wp-json\/wp\/v2\/posts\/5812\/revisions"}],"wp:featuredmedia":[{"embeddable":true,"href":"https:\/\/neness.pl\/blog\/wp-json\/wp\/v2\/media\/5813"}],"wp:attachment":[{"href":"https:\/\/neness.pl\/blog\/wp-json\/wp\/v2\/media?parent=5812"}],"wp:term":[{"taxonomy":"category","embeddable":true,"href":"https:\/\/neness.pl\/blog\/wp-json\/wp\/v2\/categories?post=5812"},{"taxonomy":"post_tag","embeddable":true,"href":"https:\/\/neness.pl\/blog\/wp-json\/wp\/v2\/tags?post=5812"}],"curies":[{"name":"wp","href":"https:\/\/api.w.org\/{rel}","templated":true}]}}