{"id":5808,"date":"2019-05-29T15:01:13","date_gmt":"2019-05-29T13:01:13","guid":{"rendered":"http:\/\/ranking-kosmetykow.pl\/?p=5808"},"modified":"2019-05-29T15:01:13","modified_gmt":"2019-05-29T13:01:13","slug":"skad-sie-biora-cienie-pod-oczami","status":"publish","type":"post","link":"https:\/\/neness.pl\/blog\/skad-sie-biora-cienie-pod-oczami\/","title":{"rendered":"Sk\u0105d si\u0119 bior\u0105 cienie pod oczami?"},"content":{"rendered":"<p>Cienie pod oczami pojawiaj\u0105 si\u0119 u wielu os\u00f3b. U jednych tylko sporadycznie, u innych od pewnego momentu w \u017cyciu. Niekt\u00f3rzy za\u015b borykaj\u0105 si\u0119 z nimi nawet przez ca\u0142y czas. Czy s\u0105 one tylko defektem estetycznym? A mo\u017ce <strong>powa\u017cnym zagro\u017ceniem dla naszego zdrowia<\/strong>? Ot\u00f3\u017c, jak w wielu innych przypadkach, to zale\u017cy.<!--more--><\/p>\n<h3>Powody powstawania cieni pod oczami<\/h3>\n<p>Je\u015bli cienie pojawiaj\u0105 si\u0119 tylko <strong>sporadycznie,<\/strong> nie s\u0105 one powodem do wielkiego niepokoju. Najprawdopodobniej stanowi\u0105 skutek <strong>niewyspania<\/strong> lub chwilowego <strong>stresu.<\/strong> W takich wypadkach najlepiej zafundowa\u0107 si\u0119 co najmniej 8 godzin nieprzerwanego snu i dzie\u0144 relaksu, a problem powinien znikn\u0105\u0107. Bardziej zainteresowa\u0107 powinni\u015bmy si\u0119 wtedy, gdy cienie pojawiaj\u0105 si\u0119 na pewnym etapie \u017cycia i <strong>nie znikaj\u0105.<\/strong> Co prawda, mog\u0105 by\u0107 one <strong>efektem starzenia si\u0119 sk\u00f3ry<\/strong> &#8211; stopniowo robi si\u0119 ona coraz cie\u0144sza, przez co \u017cy\u0142y staj\u0105 si\u0119 bardziej widoczne i pod oczami objawia si\u0119 to w\u0142a\u015bnie wyst\u0119powaniem cieni. Istnieje jednak r\u00f3wnie\u017c mo\u017cliwo\u015b\u0107, \u017ce s\u0105 one symptomem <strong>powa\u017cnej choroby.<\/strong><\/p>\n<div id=\"attachment_5810\" style=\"width: 360px\" class=\"wp-caption aligncenter\"><a href=\"https:\/\/neness.pl\/dermacol-zel-na-zmeczone-oczy-eye-gold-gel\"><img loading=\"lazy\" decoding=\"async\" aria-describedby=\"caption-attachment-5810\" class=\"wp-image-5810\" src=\"http:\/\/ranking-kosmetykow.pl\/wp-content\/uploads\/2019\/05\/1c46a063181ea611f64154dbc735a662.jpg\" alt=\"\" width=\"350\" height=\"467\" srcset=\"https:\/\/neness.pl\/blog\/wp-content\/uploads\/2019\/05\/1c46a063181ea611f64154dbc735a662.jpg 750w, https:\/\/neness.pl\/blog\/wp-content\/uploads\/2019\/05\/1c46a063181ea611f64154dbc735a662-225x300.jpg 225w, https:\/\/neness.pl\/blog\/wp-content\/uploads\/2019\/05\/1c46a063181ea611f64154dbc735a662-610x813.jpg 610w\" sizes=\"auto, (max-width: 350px) 100vw, 350px\" \/><\/a><p id=\"caption-attachment-5810\" class=\"wp-caption-text\">Dermacol \u017bel na Zm\u0119czone Oczy Eye Gold Gel \/ 24,90 z\u0142<\/p><\/div>\n<p>Cienie pod oczami mog\u0105 by\u0107 oznak\u0105 <strong>niedoczynno\u015bci tarczycy, cukrzycy, anemii, choroby nerek, nadci\u015bnienia t\u0119tniczego <\/strong>czy<strong> zapalenia sk\u00f3rno-mi\u0119\u015bniowego.<\/strong> Je\u015bli wi\u0119c pojawiaj\u0105 si\u0119 nagle i nie znikaj\u0105 mimo wypoczynku, koniecznie nale\u017cy uda\u0107 si\u0119 do<strong> lekarza pierwszego kontaktu.<\/strong> Powinien on skierowa\u0107 nas na badanie krwi, a je\u015bli uzna to za konieczne, r\u00f3wnie\u017c na bardziej szczeg\u00f3\u0142owe badania.<\/p>\n<h3>A mo\u017ce to kwestia gen\u00f3w?<\/h3>\n<p>Inaczej wygl\u0105da sprawa, gdy cienie pod oczami mamy, odk\u0105d pami\u0119tamy. Wtedy najprawdopodobniej s\u0105 one wynikiem <strong>uwarunkowa\u0144 genetycznych<\/strong> i nie stanowi\u0105 powodu do zmartwie\u0144. Oczywi\u015bcie, je\u015bli towarzysz\u0105 im inne dolegliwo\u015bci, warto uda\u0107 si\u0119 do lekarza, jednak gdy czujemy si\u0119 dobrze, nie ma takiej konieczno\u015bci. Inna sprawa, \u017ce tego typu cieni nie da si\u0119 te\u017c w \u017caden spos\u00f3b pozby\u0107. Jedynym sposobem, by przesta\u0142y by\u0107 widoczne, jest ich <strong>zakrycie kosmetykami do makija\u017cu.<\/strong><\/p>\n<div id=\"attachment_5806\" style=\"width: 360px\" class=\"wp-caption aligncenter\"><a href=\"https:\/\/neness.pl\/pl\/p\/E.L.F.-Korektor-Plynny-HD-Lifting-Concealer\/5203\"><img loading=\"lazy\" decoding=\"async\" aria-describedby=\"caption-attachment-5806\" class=\"wp-image-5806\" src=\"http:\/\/ranking-kosmetykow.pl\/wp-content\/uploads\/2019\/05\/5219622d9c240eb7da16cbc6396969da-1024x1024.jpg\" alt=\"\" width=\"350\" height=\"350\" srcset=\"https:\/\/neness.pl\/blog\/wp-content\/uploads\/2019\/05\/5219622d9c240eb7da16cbc6396969da-1024x1024.jpg 1024w, https:\/\/neness.pl\/blog\/wp-content\/uploads\/2019\/05\/5219622d9c240eb7da16cbc6396969da-300x300.jpg 300w, https:\/\/neness.pl\/blog\/wp-content\/uploads\/2019\/05\/5219622d9c240eb7da16cbc6396969da-150x150.jpg 150w, https:\/\/neness.pl\/blog\/wp-content\/uploads\/2019\/05\/5219622d9c240eb7da16cbc6396969da-768x768.jpg 768w, https:\/\/neness.pl\/blog\/wp-content\/uploads\/2019\/05\/5219622d9c240eb7da16cbc6396969da-1536x1536.jpg 1536w, https:\/\/neness.pl\/blog\/wp-content\/uploads\/2019\/05\/5219622d9c240eb7da16cbc6396969da-1080x1080.jpg 1080w, https:\/\/neness.pl\/blog\/wp-content\/uploads\/2019\/05\/5219622d9c240eb7da16cbc6396969da-610x610.jpg 610w, https:\/\/neness.pl\/blog\/wp-content\/uploads\/2019\/05\/5219622d9c240eb7da16cbc6396969da-440x440.jpg 440w, https:\/\/neness.pl\/blog\/wp-content\/uploads\/2019\/05\/5219622d9c240eb7da16cbc6396969da.jpg 2000w\" sizes=\"auto, (max-width: 350px) 100vw, 350px\" \/><\/a><p id=\"caption-attachment-5806\" class=\"wp-caption-text\">E.L.F. Korektor P\u0142ynny HD Lifting Concealer \/ 21,90 z\u0142<\/p><\/div>\n<h3>Jak radzi\u0107 sobie z cieniami pod oczami?<\/h3>\n<p>Cienie oraz opuchlizn\u0119 pod oczami mo\u017cna zmniejszy\u0107, stosuj\u0105c <strong>\u017cele ch\u0142odz\u0105ce<\/strong> oraz <strong>maseczki<\/strong> o tym samym dzia\u0142aniu. Dobrze sprawdz\u0105 si\u0119 tutaj kosmetyki z <strong>wyci\u0105giem z arniki<\/strong> albo<strong> b\u0142awatka<\/strong> oraz<strong> witaminami C i K.<\/strong> Popraw\u0119 przynios\u0105 tak\u017ce regularne ok\u0142ady na oczy z zielonego og\u00f3rka lub czarnej herbaty. Dora\u017anie za\u015b najlepiej radzi\u0107 sobie z cieniami pod oczami, zamalowuj\u0105c je odpowiednio dobranym korektorem. Wi\u0119cej na temat zakrywania cieni makija\u017cem przeczytacie w artykule: <a href=\"http:\/\/ranking-kosmetykow.pl\/2018\/01\/26\/cienie-i-worki-pod-oczami-jak-z-nimi-walczyc\/\">Cienie i worki pod oczami &#8211; jak z nimi walczy\u0107?<\/a><\/p>\n","protected":false},"excerpt":{"rendered":"<p>Cienie pod oczami pojawiaj\u0105 si\u0119 u wielu os\u00f3b. U jednych tylko sporadycznie, u innych od pewnego momentu w \u017cyciu. Niekt\u00f3rzy za\u015b borykaj\u0105 si\u0119 z nimi nawet przez ca\u0142y czas. Czy s\u0105 one tylko defektem estetycznym? A mo\u017ce powa\u017cnym zagro\u017ceniem dla naszego zdrowia? Ot\u00f3\u017c, jak w wielu innych przypadkach, to zale\u017cy.<\/p>\n","protected":false},"author":2,"featured_media":5809,"comment_status":"open","ping_status":"open","sticky":false,"template":"","format":"standard","meta":{"_et_pb_use_builder":"","_et_pb_old_content":"","_et_gb_content_width":"","footnotes":""},"categories":[185],"tags":[],"class_list":["post-5808","post","type-post","status-publish","format-standard","has-post-thumbnail","hentry","category-codzienna-pielegnacja","et-has-post-format-content","et_post_format-et-post-format-standard"],"_links":{"self":[{"href":"https:\/\/neness.pl\/blog\/wp-json\/wp\/v2\/posts\/5808","targetHints":{"allow":["GET"]}}],"collection":[{"href":"https:\/\/neness.pl\/blog\/wp-json\/wp\/v2\/posts"}],"about":[{"href":"https:\/\/neness.pl\/blog\/wp-json\/wp\/v2\/types\/post"}],"author":[{"embeddable":true,"href":"https:\/\/neness.pl\/blog\/wp-json\/wp\/v2\/users\/2"}],"replies":[{"embeddable":true,"href":"https:\/\/neness.pl\/blog\/wp-json\/wp\/v2\/comments?post=5808"}],"version-history":[{"count":0,"href":"https:\/\/neness.pl\/blog\/wp-json\/wp\/v2\/posts\/5808\/revisions"}],"wp:featuredmedia":[{"embeddable":true,"href":"https:\/\/neness.pl\/blog\/wp-json\/wp\/v2\/media\/5809"}],"wp:attachment":[{"href":"https:\/\/neness.pl\/blog\/wp-json\/wp\/v2\/media?parent=5808"}],"wp:term":[{"taxonomy":"category","embeddable":true,"href":"https:\/\/neness.pl\/blog\/wp-json\/wp\/v2\/categories?post=5808"},{"taxonomy":"post_tag","embeddable":true,"href":"https:\/\/neness.pl\/blog\/wp-json\/wp\/v2\/tags?post=5808"}],"curies":[{"name":"wp","href":"https:\/\/api.w.org\/{rel}","templated":true}]}}