{"id":5765,"date":"2019-05-14T13:10:49","date_gmt":"2019-05-14T11:10:49","guid":{"rendered":"http:\/\/ranking-kosmetykow.pl\/?p=5765"},"modified":"2019-05-14T13:10:49","modified_gmt":"2019-05-14T11:10:49","slug":"korektor-do-wlosow-co-to-takiego","status":"publish","type":"post","link":"https:\/\/neness.pl\/blog\/korektor-do-wlosow-co-to-takiego\/","title":{"rendered":"Korektor do w\u0142os\u00f3w &#8211; co to takiego?"},"content":{"rendered":"<p>Na rynku kosmetycznym wci\u0105\u017c pojawiaj\u0105 si\u0119 coraz to nowe produkty, kt\u00f3re u\u0142atwiaj\u0105 nam codzienn\u0105 piel\u0119gnacj\u0119 albo dora\u017anie sprawiaj\u0105, \u017ce lepiej si\u0119 prezentujemy. Jednym z takich kosmetyk\u00f3w, kt\u00f3ry stosunkowo niedawno pojawi\u0142 si\u0119 na p\u00f3\u0142kach sklepowych, jest<strong> korektor do w\u0142os\u00f3w.<\/strong> W jaki spos\u00f3b dzia\u0142a ten produkt i jakie s\u0105 jego wady i zalety?<!--more--><\/p>\n<h3>Dla kogo tworzy si\u0119 korektory do w\u0142os\u00f3w?<\/h3>\n<p><a href=\"https:\/\/neness.pl\/kosmetyki\/do-wlosow\/koloryzacja\/korektory\">Korektor do w\u0142os\u00f3w<\/a> to kosmetyk przeznaczony dla os\u00f3b, kt\u00f3re farbuj\u0105 w\u0142osy, jednak nie zawsze mog\u0105 pozwoli\u0107 sobie na regularne wizyty u fryzjera. Pozwala on <strong>stosunkowo precyzyjnie pokry\u0107 odrosty oraz siwe pasma<\/strong>, dzi\u0119ki czemu w\u0142osy prezentuj\u0105 si\u0119 doskonale nawet kilka tygodni po farbowaniu. Korektory s\u0105 o tyle wygodniejsze od cz\u0119sto stosowanych w awaryjnych sytuacjach szamponetek, \u017ce ich u\u017cycie zajmuje <strong>du\u017co mniej czasu.<\/strong> Stosuje si\u0119 je bezpo\u015brednio <strong>na suche, u\u0142o\u017cone w\u0142osy.<\/strong> Dzi\u0119ki temu w kilka minut mo\u017cemy zamaskowa\u0107 odrosty i bez obaw wyj\u015b\u0107 z domu z nienagann\u0105 fryzur\u0105.<\/p>\n<h3>Kolory korektor\u00f3w<\/h3>\n<p>Z regu\u0142y linie kosmetyczne maj\u0105 do wyboru<strong> kilka wersji korektora,<\/strong> kt\u00f3re mo\u017cna dopasowa\u0107 do <strong>najpopularniejszych odcieni w\u0142os\u00f3w.<\/strong> Jest ich oczywi\u015bcie mniej ni\u017c kolor\u00f3w farb, przez co w\u0142osy po u\u017cyciu korektora mog\u0105 nie wygl\u0105da\u0107 dok\u0142adnie tak jak te pofarbowane, jednak gama kolorystyczna jest na tyle szeroka, \u017ce przy dobrze dobranym typie korektora<strong> r\u00f3\u017cnice s\u0105 minimalne<\/strong> i nierzucaj\u0105ce si\u0119 w oczy. Korektory do w\u0142os\u00f3w s\u0105 kosmetykami <strong>wielokrotnego u\u017cytku.<\/strong> Oznacza to, \u017ce jednego produktu mo\u017cna u\u017cy\u0107 nawet kilkadziesi\u0105t razy. Oczywi\u015bcie jednak trzeba pami\u0119ta\u0107, \u017ce przy d\u0142ugim odro\u015bcie liczba na\u0142o\u017ce\u0144 mo\u017ce znacznie si\u0119 zmniejszy\u0107.<\/p>\n<h3>Jak dzia\u0142aj\u0105 korektory do w\u0142os\u00f3w?<\/h3>\n<p>Korektory do w\u0142os\u00f3w zawieraj\u0105 barwi\u0105ce pigmenty, kt\u00f3re pozwalaj\u0105 zmieni\u0107 kolor w\u0142os\u00f3w. Nie mo\u017cna jednak oczekiwa\u0107, \u017ce efekty ich dzia\u0142ania b\u0119d\u0105 utrzymywa\u0107 si\u0119 d\u0142ugo. Z regu\u0142y korektor dzia\u0142a <strong>do pierwszego mycia,<\/strong> jednak bywa, \u017ce zaczyna \u015bciera\u0107 si\u0119 nawet wcze\u015bniej. Na jego trwa\u0142o\u015b\u0107 negatywnie wp\u0142ywa kontakt z poduszk\u0105, noszenie czapki czy nawet s\u0142uchawek nausznych. W takim wypadku trzeba liczy\u0107 si\u0119 r\u00f3wnie\u017c z tym, \u017ce na tkaninach, kt\u00f3re maj\u0105 kontakt z w\u0142osami, mog\u0105 pojawi\u0107 si\u0119 <strong>przebarwienia.<\/strong><\/p>\n<h3>Czy korektory s\u0105 bezpieczne?<\/h3>\n<p>Korektory s\u0105 z regu\u0142y bardzo<strong> bezpiecznymi, delikatnymi dla w\u0142os\u00f3w<\/strong> i sk\u00f3ry g\u0142owy kosmetykami. Nie powinny zast\u0119powa\u0107 farby zbyt d\u0142ugo, jednak s\u0105 \u015bwietn\u0105 pomoc\u0105 w nag\u0142ych przypadkach i przed wielkimi wyj\u015bciami.<\/p>\n","protected":false},"excerpt":{"rendered":"<p>Na rynku kosmetycznym wci\u0105\u017c pojawiaj\u0105 si\u0119 coraz to nowe produkty, kt\u00f3re u\u0142atwiaj\u0105 nam codzienn\u0105 piel\u0119gnacj\u0119 albo dora\u017anie sprawiaj\u0105, \u017ce lepiej si\u0119 prezentujemy. Jednym z takich kosmetyk\u00f3w, kt\u00f3ry stosunkowo niedawno pojawi\u0142 si\u0119 na p\u00f3\u0142kach sklepowych, jest korektor do w\u0142os\u00f3w. W jaki spos\u00f3b dzia\u0142a ten produkt i jakie s\u0105 jego wady i zalety?<\/p>\n","protected":false},"author":2,"featured_media":5766,"comment_status":"open","ping_status":"open","sticky":false,"template":"","format":"standard","meta":{"_et_pb_use_builder":"","_et_pb_old_content":"","_et_gb_content_width":"","footnotes":""},"categories":[48],"tags":[],"class_list":["post-5765","post","type-post","status-publish","format-standard","has-post-thumbnail","hentry","category-wlosy-idealne","et-has-post-format-content","et_post_format-et-post-format-standard"],"_links":{"self":[{"href":"https:\/\/neness.pl\/blog\/wp-json\/wp\/v2\/posts\/5765","targetHints":{"allow":["GET"]}}],"collection":[{"href":"https:\/\/neness.pl\/blog\/wp-json\/wp\/v2\/posts"}],"about":[{"href":"https:\/\/neness.pl\/blog\/wp-json\/wp\/v2\/types\/post"}],"author":[{"embeddable":true,"href":"https:\/\/neness.pl\/blog\/wp-json\/wp\/v2\/users\/2"}],"replies":[{"embeddable":true,"href":"https:\/\/neness.pl\/blog\/wp-json\/wp\/v2\/comments?post=5765"}],"version-history":[{"count":0,"href":"https:\/\/neness.pl\/blog\/wp-json\/wp\/v2\/posts\/5765\/revisions"}],"wp:featuredmedia":[{"embeddable":true,"href":"https:\/\/neness.pl\/blog\/wp-json\/wp\/v2\/media\/5766"}],"wp:attachment":[{"href":"https:\/\/neness.pl\/blog\/wp-json\/wp\/v2\/media?parent=5765"}],"wp:term":[{"taxonomy":"category","embeddable":true,"href":"https:\/\/neness.pl\/blog\/wp-json\/wp\/v2\/categories?post=5765"},{"taxonomy":"post_tag","embeddable":true,"href":"https:\/\/neness.pl\/blog\/wp-json\/wp\/v2\/tags?post=5765"}],"curies":[{"name":"wp","href":"https:\/\/api.w.org\/{rel}","templated":true}]}}