{"id":5745,"date":"2019-05-07T14:21:40","date_gmt":"2019-05-07T12:21:40","guid":{"rendered":"http:\/\/ranking-kosmetykow.pl\/?p=5745"},"modified":"2019-05-07T14:21:40","modified_gmt":"2019-05-07T12:21:40","slug":"czym-jest-plyn-micelarny","status":"publish","type":"post","link":"https:\/\/neness.pl\/blog\/czym-jest-plyn-micelarny\/","title":{"rendered":"Czym jest p\u0142yn micelarny?"},"content":{"rendered":"<p>Wiele os\u00f3b nie zdaje sobie sprawy, \u017ce p\u0142yn micelarny to kosmetyk o kompleksowym i bardzo skutecznym dzia\u0142aniu. Sprawdza si\u0119 idealnie w piel\u0119gnacji ka\u017cdego typu sk\u00f3ry i potrafi zast\u0105pi\u0107 wiele innych produkt\u00f3w. Czym on jednak w\u0142a\u015bciwie jest i jakie s\u0105 r\u00f3\u017cnice mi\u0119dzy nim a tonikiem czy p\u0142ynem do demakija\u017cu?<!--more--><\/p>\n<h3>Do czego u\u017cywamy p\u0142ynu micelarnego?<\/h3>\n<p>P\u0142yn micelarny u\u017cywany jest g\u0142\u00f3wnie do <strong>oczyszczania twarzy<\/strong> &#8211; i mowa tutaj zar\u00f3wno o porannym oczyszczaniu z sebum i resztek kosmetyk\u00f3w nak\u0142adanych na noc, jak i o wieczornym zmywaniu makija\u017cu. Kosmetyk ten usuwa r\u00f3\u017cnego rodzaju zanieczyszczenia, ale te\u017c <strong>nawil\u017ca sk\u00f3r\u0119, od\u015bwie\u017ca j\u0105 i dzia\u0142a \u0142agodz\u0105co<\/strong>. Dodatkowo cz\u0119sto p\u0142yn micelarny zawiera tak\u017ce ekstrakty, kt\u00f3re pomagaj\u0105 w <strong>regeneracji nask\u00f3rka<\/strong> i sprawiaj\u0105, \u017ce sk\u00f3ra staje si\u0119 <strong>bardziej promienna i zdrowsza,<\/strong> co odr\u00f3\u017cnia go od wi\u0119kszo\u015bci p\u0142yn\u00f3w do demakija\u017cu.<\/p>\n<div id=\"attachment_5747\" style=\"width: 360px\" class=\"wp-caption aligncenter\"><a href=\"https:\/\/neness.pl\/dermacol-oczyszczajacy-plyn-micelarny-z-kwasem-hialuronowym\"><img loading=\"lazy\" decoding=\"async\" aria-describedby=\"caption-attachment-5747\" class=\"wp-image-5747\" src=\"http:\/\/ranking-kosmetykow.pl\/wp-content\/uploads\/2019\/05\/000d88edc9c60306d12ed4d153c4cbd8.jpg\" alt=\"\" width=\"350\" height=\"467\" srcset=\"https:\/\/neness.pl\/blog\/wp-content\/uploads\/2019\/05\/000d88edc9c60306d12ed4d153c4cbd8.jpg 750w, https:\/\/neness.pl\/blog\/wp-content\/uploads\/2019\/05\/000d88edc9c60306d12ed4d153c4cbd8-225x300.jpg 225w, https:\/\/neness.pl\/blog\/wp-content\/uploads\/2019\/05\/000d88edc9c60306d12ed4d153c4cbd8-610x813.jpg 610w\" sizes=\"auto, (max-width: 350px) 100vw, 350px\" \/><\/a><p id=\"caption-attachment-5747\" class=\"wp-caption-text\">Dermacol Oczyszczaj\u0105cy P\u0142yn Micelarny Z Kwasem Hialuronowym \/ 24,90 z\u0142<\/p><\/div>\n<p>Mycie twarzy p\u0142ynem micelarnym pozwala ca\u0142kowicie <strong>unikn\u0105\u0107 u\u017cywania wody,<\/strong> dlatego polecane jest szczeg\u00f3lnie przy <strong>wra\u017cliwej<\/strong> lub <strong>suchej sk\u00f3rze.<\/strong> Ten kosmetyk mo\u017cemy jednak stosowa\u0107 r\u00f3wnie\u017c wy\u0142\u0105cznie do <strong>od\u015bwie\u017cania cery<\/strong> &#8211; wtedy pe\u0142ni raczej funkcj\u0119 toniku.<\/p>\n<h3>Z czego sk\u0142ada si\u0119 p\u0142yn micelarny?<\/h3>\n<p>P\u0142yn micelarny jest innowacyjnym kosmetykiem, kt\u00f3ry do oczyszczania twarzy wykorzystuje tzw. <strong>micele,<\/strong> czyli mikrokapsu\u0142ki stworzone z cz\u0105steczek, kt\u00f3re <strong>przyci\u0105gaj\u0105 do siebie t\u0142uszcze<\/strong> (ich dzia\u0142anie przyr\u00f3wnuje si\u0119 do dzia\u0142ania magnesu) oraz rozpuszczaj\u0105 cz\u0119\u015b\u0107 zanieczyszcze\u0144 w wodzie. Dzi\u0119ki temu radz\u0105 sobie z usuwaniem<strong> ka\u017cdego typu zabrudze\u0144<\/strong> &#8211; t\u0142ustego sebum, podk\u0142ad\u00f3w czy tusz\u00f3w do rz\u0119s, ale te\u017c potu, kurzu czy pudru, a robi\u0105 to nie naruszaj\u0105c warstwy hydrolipidowej sk\u00f3ry.<\/p>\n<div id=\"attachment_5748\" style=\"width: 360px\" class=\"wp-caption aligncenter\"><a href=\"https:\/\/neness.pl\/dermacol-plyn-micellarny-elixir\"><img loading=\"lazy\" decoding=\"async\" aria-describedby=\"caption-attachment-5748\" class=\"wp-image-5748\" src=\"http:\/\/ranking-kosmetykow.pl\/wp-content\/uploads\/2019\/05\/9d1ced9ae5dbc749219a1791f764221f.jpg\" alt=\"\" width=\"350\" height=\"467\" srcset=\"https:\/\/neness.pl\/blog\/wp-content\/uploads\/2019\/05\/9d1ced9ae5dbc749219a1791f764221f.jpg 750w, https:\/\/neness.pl\/blog\/wp-content\/uploads\/2019\/05\/9d1ced9ae5dbc749219a1791f764221f-225x300.jpg 225w, https:\/\/neness.pl\/blog\/wp-content\/uploads\/2019\/05\/9d1ced9ae5dbc749219a1791f764221f-610x813.jpg 610w\" sizes=\"auto, (max-width: 350px) 100vw, 350px\" \/><\/a><p id=\"caption-attachment-5748\" class=\"wp-caption-text\">Dermacol P\u0142yn Micellarny Elixir \/ 19,80 z\u0142<\/p><\/div>\n<p>Oczyszczanie cery za pomoc\u0105 p\u0142ynu micelarnego nie polega na agresywnym pocieraniu twarzy &#8211; wystarczy przytrzyma\u0107 nas\u0105czony kosmetykiem p\u0142atek przy sk\u00f3rze, by micele przyci\u0105gn\u0119\u0142y zanieczyszczenia &#8211; dlatego kosmetyk ten<strong> nie powoduje podra\u017cnie\u0144 czy zaczerwienie\u0144 sk\u00f3ry.<\/strong><\/p>\n<h3>Kto mo\u017ce korzysta\u0107 z p\u0142yn\u00f3w micelarnych?<\/h3>\n<p>Jak zosta\u0142o wspomniane, p\u0142yny micelarne dzia\u0142aj\u0105 bardzo delikatnie, wi\u0119c s\u0105 polecane szczeg\u00f3lnie do sk\u00f3ry wra\u017cliwej, jednak tak naprawd\u0119 sprawdz\u0105 si\u0119 w piel\u0119gnacji <strong>ka\u017cdego typu cery.<\/strong> Wbrew temu, co mog\u0142oby si\u0119 wydawa\u0107,<strong> nie pozostawiaj\u0105 na sk\u00f3rze t\u0142ustej warstwy<\/strong>, przez co mo\u017cna ich u\u017cywa\u0107 nawet w przypadku cery tr\u0105dzikowej czy sk\u0142onnej do produkcji zbyt du\u017cej ilo\u015bci sebum. Na rynku dost\u0119pne s\u0105 dzi\u015b nawet p\u0142yny micelarne przeznaczone <strong>specjalnie do piel\u0119gnacji poszczeg\u00f3lnych typ\u00f3w sk\u00f3ry,<\/strong> zawieraj\u0105ce sk\u0142adniki szczeg\u00f3lnie u\u0142atwiaj\u0105ce ich piel\u0119gnacj\u0119.<\/p>\n","protected":false},"excerpt":{"rendered":"<p>Wiele os\u00f3b nie zdaje sobie sprawy, \u017ce p\u0142yn micelarny to kosmetyk o kompleksowym i bardzo skutecznym dzia\u0142aniu. Sprawdza si\u0119 idealnie w piel\u0119gnacji ka\u017cdego typu sk\u00f3ry i potrafi zast\u0105pi\u0107 wiele innych produkt\u00f3w. Czym on jednak w\u0142a\u015bciwie jest i jakie s\u0105 r\u00f3\u017cnice mi\u0119dzy nim a tonikiem czy p\u0142ynem do demakija\u017cu?<\/p>\n","protected":false},"author":2,"featured_media":5746,"comment_status":"open","ping_status":"open","sticky":false,"template":"","format":"standard","meta":{"_et_pb_use_builder":"","_et_pb_old_content":"","_et_gb_content_width":"","footnotes":""},"categories":[185],"tags":[],"class_list":["post-5745","post","type-post","status-publish","format-standard","has-post-thumbnail","hentry","category-codzienna-pielegnacja","et-has-post-format-content","et_post_format-et-post-format-standard"],"_links":{"self":[{"href":"https:\/\/neness.pl\/blog\/wp-json\/wp\/v2\/posts\/5745","targetHints":{"allow":["GET"]}}],"collection":[{"href":"https:\/\/neness.pl\/blog\/wp-json\/wp\/v2\/posts"}],"about":[{"href":"https:\/\/neness.pl\/blog\/wp-json\/wp\/v2\/types\/post"}],"author":[{"embeddable":true,"href":"https:\/\/neness.pl\/blog\/wp-json\/wp\/v2\/users\/2"}],"replies":[{"embeddable":true,"href":"https:\/\/neness.pl\/blog\/wp-json\/wp\/v2\/comments?post=5745"}],"version-history":[{"count":0,"href":"https:\/\/neness.pl\/blog\/wp-json\/wp\/v2\/posts\/5745\/revisions"}],"wp:featuredmedia":[{"embeddable":true,"href":"https:\/\/neness.pl\/blog\/wp-json\/wp\/v2\/media\/5746"}],"wp:attachment":[{"href":"https:\/\/neness.pl\/blog\/wp-json\/wp\/v2\/media?parent=5745"}],"wp:term":[{"taxonomy":"category","embeddable":true,"href":"https:\/\/neness.pl\/blog\/wp-json\/wp\/v2\/categories?post=5745"},{"taxonomy":"post_tag","embeddable":true,"href":"https:\/\/neness.pl\/blog\/wp-json\/wp\/v2\/tags?post=5745"}],"curies":[{"name":"wp","href":"https:\/\/api.w.org\/{rel}","templated":true}]}}