{"id":5733,"date":"2019-04-24T13:53:25","date_gmt":"2019-04-24T11:53:25","guid":{"rendered":"http:\/\/ranking-kosmetykow.pl\/?p=5733"},"modified":"2019-04-24T13:53:25","modified_gmt":"2019-04-24T11:53:25","slug":"czy-warto-uzywac-wody-termalnej","status":"publish","type":"post","link":"https:\/\/neness.pl\/blog\/czy-warto-uzywac-wody-termalnej\/","title":{"rendered":"Czy warto u\u017cywa\u0107 wody termalnej?"},"content":{"rendered":"<p><strong>Mog\u0142oby si\u0119 wydawa\u0107, \u017ce stosowanie wody termalnej to zwyk\u0142a fanaberia. No bo po co kupowa\u0107 wod\u0119 w specjalnej buteleczce, je\u015bli du\u017co taniej wychodzi spryskanie twarzy zwyk\u0142\u0105 z kranu lub mineraln\u0105? Jednak tak naprawd\u0119 ten produkt ma na cer\u0119 zbawienny wp\u0142yw i w niekt\u00f3rych sytuacjach jest wr\u0119cz nieoceniony. Przeczytajcie, dlaczego warto rozwa\u017cy\u0107 zaopatrzenie si\u0119 w ten kosmetyk.<\/strong><!--more--><\/p>\n<h3>Jakie dzia\u0142anie ma woda termalna?<\/h3>\n<p>Woda termalna z regu\u0142y nie jest tania, jednak jej cena ma swoj\u0105 przyczyn\u0119. Jest ona<strong> wod\u0105 g\u0142\u0119binow\u0105,<\/strong> pobieran\u0105 z krystalicznie czystych \u017ar\u00f3de\u0142 bardzo bogatych w<strong> r\u00f3\u017cnego typu sk\u0142adniki mineralne.<\/strong> W zale\u017cno\u015bci od miejsca pochodzenia mo\u017ce zawiera\u0107 ona du\u017ce ilo\u015bci cynku, wapnia, miedzi, \u017celaza, magnezu, selenu, potasu, krzemu czy innych cennych sk\u0142adnik\u00f3w, kt\u00f3re maj\u0105 dobroczynny wp\u0142yw na sk\u00f3r\u0119. Woda termalna ka\u017cdej z firm ma <strong>nieco inn\u0105 zawarto\u015b\u0107 pierwiastk\u00f3w,<\/strong> dlatego produkty te mog\u0105 wp\u0142ywa\u0107 na sk\u00f3r\u0119 na r\u00f3\u017cne sposoby. Podstawowe ich dzia\u0142anie jest jednak takie samo. Wody termalne <strong>dzia\u0142aj\u0105 antyseptyczne, \u0142agodz\u0105 podra\u017cnienia i stany zapalne, nawil\u017caj\u0105 i uj\u0119drniaj\u0105 sk\u00f3r\u0119, zwi\u0119kszaj\u0105 jej odporno\u015b\u0107 na czynniki zewn\u0119trzne oraz regeneruj\u0105.<\/strong> S\u0105 hipoalergiczne, dlatego \u015bwietnie wp\u0142ywaj\u0105 na ka\u017cdy typ cery, nawet na bardzo wra\u017cliw\u0105.<\/p>\n<h3>Kiedy szczeg\u00f3lnie warto si\u0119gn\u0105\u0107 po wod\u0119 termaln\u0105?<\/h3>\n<p>Woda termalna jest niezast\u0105piona <strong>w okresie letnim<\/strong>, gdy cera nara\u017cona jest na kontakt ze s\u0142o\u0144cem i przesuszanie. Do pewnego stopnia zabezpiecza ona przed dzia\u0142aniem promieni UV oraz \u0142agodzi poparzenia s\u0142onecznie i oczywi\u015bcie dba o zachowanie odpowiedniego poziomu wody w nask\u00f3rku. Produkt ten jest te\u017c szczeg\u00f3lnie polecany osobom, kt\u00f3re du\u017co czasu sp\u0119dzaj\u0105 w <strong>klimatyzowanych pomieszczeniach<\/strong>, oraz tym, kt\u00f3re niedawno przesz\u0142y powoduj\u0105cy podra\u017cnienia<strong> zabieg u kosmetyczki lub dermatologa,<\/strong> np. mikrodermabrazj\u0119. Tak naprawd\u0119 woda termalna pomaga jednak w piel\u0119gnacji ka\u017cdego typu cery o ka\u017cdej porze roku.<\/p>\n<h3>Jak stosowa\u0107 wod\u0119 termaln\u0105?<\/h3>\n<p>Na rynku dost\u0119pne s\u0105 dwa rodzaje w\u00f3d termalnych &#8211; izotoniczne i hipotoniczne. Wa\u017cne jest, by upewni\u0107 si\u0119, kt\u00f3ry typ produktu kupujemy, gdy\u017c r\u00f3\u017cni\u0105 si\u0119 one sposobem u\u017cywania. <strong>Wod\u0119 izotoniczn\u0105<\/strong> mo\u017cna pozostawi\u0107 na twarzy do ca\u0142kowitego wyschni\u0119cia i nie przynosi to \u017cadnych negatywnych dla cery skutk\u00f3w. Inaczej jest jednak z <strong>wod\u0105 hipotoniczn\u0105<\/strong> &#8211; t\u0119 po chwili od spryskania nale\u017cy delikatnie usun\u0105\u0107 z twarzy, osuszaj\u0105c sk\u00f3r\u0119 chusteczk\u0105 lub wacikiem, gdy\u017c po pewnym czasie zaczyna ona wysysa\u0107 wilgo\u0107 z nask\u00f3rka.<\/p>\n","protected":false},"excerpt":{"rendered":"<p>Mog\u0142oby si\u0119 wydawa\u0107, \u017ce stosowanie wody termalnej to zwyk\u0142a fanaberia. No bo po co kupowa\u0107 wod\u0119 w specjalnej buteleczce, je\u015bli du\u017co taniej wychodzi spryskanie twarzy zwyk\u0142\u0105 z kranu lub mineraln\u0105? Jednak tak naprawd\u0119 ten produkt ma na cer\u0119 zbawienny wp\u0142yw i w niekt\u00f3rych sytuacjach jest wr\u0119cz nieoceniony. Przeczytajcie, dlaczego warto rozwa\u017cy\u0107 zaopatrzenie si\u0119 w ten [&hellip;]<\/p>\n","protected":false},"author":2,"featured_media":5734,"comment_status":"open","ping_status":"open","sticky":false,"template":"","format":"standard","meta":{"_et_pb_use_builder":"","_et_pb_old_content":"","_et_gb_content_width":"","footnotes":""},"categories":[185],"tags":[],"class_list":["post-5733","post","type-post","status-publish","format-standard","has-post-thumbnail","hentry","category-codzienna-pielegnacja","et-has-post-format-content","et_post_format-et-post-format-standard"],"_links":{"self":[{"href":"https:\/\/neness.pl\/blog\/wp-json\/wp\/v2\/posts\/5733","targetHints":{"allow":["GET"]}}],"collection":[{"href":"https:\/\/neness.pl\/blog\/wp-json\/wp\/v2\/posts"}],"about":[{"href":"https:\/\/neness.pl\/blog\/wp-json\/wp\/v2\/types\/post"}],"author":[{"embeddable":true,"href":"https:\/\/neness.pl\/blog\/wp-json\/wp\/v2\/users\/2"}],"replies":[{"embeddable":true,"href":"https:\/\/neness.pl\/blog\/wp-json\/wp\/v2\/comments?post=5733"}],"version-history":[{"count":0,"href":"https:\/\/neness.pl\/blog\/wp-json\/wp\/v2\/posts\/5733\/revisions"}],"wp:featuredmedia":[{"embeddable":true,"href":"https:\/\/neness.pl\/blog\/wp-json\/wp\/v2\/media\/5734"}],"wp:attachment":[{"href":"https:\/\/neness.pl\/blog\/wp-json\/wp\/v2\/media?parent=5733"}],"wp:term":[{"taxonomy":"category","embeddable":true,"href":"https:\/\/neness.pl\/blog\/wp-json\/wp\/v2\/categories?post=5733"},{"taxonomy":"post_tag","embeddable":true,"href":"https:\/\/neness.pl\/blog\/wp-json\/wp\/v2\/tags?post=5733"}],"curies":[{"name":"wp","href":"https:\/\/api.w.org\/{rel}","templated":true}]}}