{"id":5707,"date":"2019-04-16T13:58:39","date_gmt":"2019-04-16T11:58:39","guid":{"rendered":"http:\/\/ranking-kosmetykow.pl\/?p=5707"},"modified":"2019-04-16T13:58:39","modified_gmt":"2019-04-16T11:58:39","slug":"maska-do-wlosow-a-odzywka","status":"publish","type":"post","link":"https:\/\/neness.pl\/blog\/maska-do-wlosow-a-odzywka\/","title":{"rendered":"Maska do w\u0142os\u00f3w a od\u017cywka"},"content":{"rendered":"<p><strong>Doskonale wiemy, \u017ce pi\u0119kna fryzura wymaga regularnego stosowania produkt\u00f3w piel\u0119gnacyjnych. Bez nich nawet najzdrowsze w\u0142osy szybko zaczn\u0105 si\u0119 rozdwaja\u0107, przesusza\u0107 i traci\u0107 na elastyczno\u015bci. Co jednak wybra\u0107, by je wzmocni\u0107 i chroni\u0107? Czy lepsza jest od\u017cywka, czy mo\u017ce maska? Oto podstawowe r\u00f3\u017cnice mi\u0119dzy tymi dwoma produktami.<\/strong><!--more--><\/p>\n<h3>Jak dzia\u0142a maska, a jak od\u017cywka?<\/h3>\n<p>Najwi\u0119ksz\u0105 r\u00f3\u017cnic\u0105 mi\u0119dzy mask\u0105 a od\u017cywk\u0105 jest spos\u00f3b ich dzia\u0142ania. Maska ma za zadanie <strong>wnika\u0107 w struktur\u0119 w\u0142osa<\/strong> i dog\u0142\u0119bnie <strong>od\u017cywia\u0107<\/strong> oraz <strong>regenerowa\u0107.<\/strong> Cz\u0119sto jest bogata w cenne sk\u0142adniki, jak<strong> oleje ro\u015blinne<\/strong> czy <strong>pantenol,<\/strong> dlatego jest w stanie poradzi\u0107 sobie z nawet bardzo zniszczonymi w\u0142osami. W dodatku za\u015b jej regularne nak\u0142adanie pozwala stosunkowo<strong> trwale naprawi\u0107 zniszczon\u0105 struktur\u0119 w\u0142osa.<\/strong><\/p>\n<div id=\"attachment_5709\" style=\"width: 360px\" class=\"wp-caption aligncenter\"><a href=\"https:\/\/neness.pl\/dr-konopkas-odzywcza-maska-do-wlosow-200ml\"><img loading=\"lazy\" decoding=\"async\" aria-describedby=\"caption-attachment-5709\" class=\"wp-image-5709\" src=\"http:\/\/ranking-kosmetykow.pl\/wp-content\/uploads\/2019\/04\/392caa9e09c526f7bf8448b82ff60bea.jpg\" alt=\"\" width=\"350\" height=\"467\" srcset=\"https:\/\/neness.pl\/blog\/wp-content\/uploads\/2019\/04\/392caa9e09c526f7bf8448b82ff60bea.jpg 750w, https:\/\/neness.pl\/blog\/wp-content\/uploads\/2019\/04\/392caa9e09c526f7bf8448b82ff60bea-225x300.jpg 225w, https:\/\/neness.pl\/blog\/wp-content\/uploads\/2019\/04\/392caa9e09c526f7bf8448b82ff60bea-610x813.jpg 610w\" sizes=\"auto, (max-width: 350px) 100vw, 350px\" \/><\/a><p id=\"caption-attachment-5709\" class=\"wp-caption-text\">Dr. Konopka&#8217;s Od\u017cywcza Maska do W\u0142os\u00f3w 200ml \/ 13,90 z\u0142<\/p><\/div>\n<p>Od\u017cywka z kolei ma dzia\u0142anie raczej dora\u017ane. U\u0142atwia rozczesywanie i uk\u0142adanie w\u0142os\u00f3w &#8211; w zale\u017cno\u015bci od przeznaczenia mo\u017ce dzia\u0142a\u0107 prostuj\u0105co lub utrwala\u0107 loki. <strong>Delikatnie nawil\u017ca<\/strong> i sprawia, \u017ce w\u0142osy s\u0105 l\u015bni\u0105ce i wydaj\u0105 si\u0119 zdrowsze, ale<strong> dzia\u0142a tylko powierzchniowo.<\/strong> Oznacza to, \u017ce efekt po jej na\u0142o\u017ceniu utrzymuje si\u0119 od mycia do mycia i jest g\u0142\u00f3wnie wizualny &#8211; ten produkt nie jest w stanie naprawi\u0107 w\u0142os\u00f3w i ich od\u017cywi\u0107, bo jego <strong>sk\u0142ad jest du\u017co ubo\u017cszy ni\u017c sk\u0142ad maski.<\/strong><\/p>\n<h3>Czas nak\u0142adania<\/h3>\n<p>Przez to, \u017ce zadania maski i od\u017cywki s\u0105 zupe\u0142nie inne, r\u00f3\u017cny jest te\u017c czas ich nak\u0142adania na w\u0142osy. <strong>Od\u017cywk\u0119<\/strong> nak\u0142adamy z regu\u0142y na<strong> 2-3 minuty<\/strong> podczas prysznica. <strong>Maska<\/strong> potrzebuje du\u017co wi\u0119cej czasu, by jej dzia\u0142anie by\u0142o zauwa\u017calne. Pozostawia si\u0119 j\u0105 na w\u0142osach na <strong>20 do nawet 40 minut<\/strong>, dodatkowo zabezpieczaj\u0105c specjalnym foliowym czepkiem lub r\u0119cznikiem, by u\u0142atwi\u0107 w\u0142osom wch\u0142anianie substancji od\u017cywczych. Z uwagi na bogaty sk\u0142ad zaleca si\u0119 stosowa\u0107 maski do w\u0142os\u00f3w <strong>nie cz\u0119\u015bciej ni\u017c 1-2 razy w tygodniu,<\/strong> gdy\u017c cz\u0119stsze ich nak\u0142adanie mo\u017ce spowodowa\u0107 przeci\u0105\u017cenie w\u0142os\u00f3w. Od\u017cywki natomiast komponowane s\u0105 w taki spos\u00f3b, by mo\u017cna by\u0142o u\u017cywa\u0107 ich po ka\u017cdym myciu, nawet je\u015bli oczyszczamy w\u0142osy codziennie.<\/p>\n<div id=\"attachment_5710\" style=\"width: 360px\" class=\"wp-caption aligncenter\"><a href=\"https:\/\/neness.pl\/organic-shop-maska-do-wlosow-organic-avocado-and-honey-250ml\"><img loading=\"lazy\" decoding=\"async\" aria-describedby=\"caption-attachment-5710\" class=\"wp-image-5710\" src=\"http:\/\/ranking-kosmetykow.pl\/wp-content\/uploads\/2019\/04\/e8afc5178e89a7036620943799688845.jpg\" alt=\"\" width=\"350\" height=\"467\" srcset=\"https:\/\/neness.pl\/blog\/wp-content\/uploads\/2019\/04\/e8afc5178e89a7036620943799688845.jpg 750w, https:\/\/neness.pl\/blog\/wp-content\/uploads\/2019\/04\/e8afc5178e89a7036620943799688845-225x300.jpg 225w, https:\/\/neness.pl\/blog\/wp-content\/uploads\/2019\/04\/e8afc5178e89a7036620943799688845-610x813.jpg 610w\" sizes=\"auto, (max-width: 350px) 100vw, 350px\" \/><\/a><p id=\"caption-attachment-5710\" class=\"wp-caption-text\">Organic Shop Maska do W\u0142os\u00f3w Organic Avocado and Honey 250ml \/ 8,90 z\u0142<\/p><\/div>\n<h3>Konsystencja<\/h3>\n<p>Dzi\u015b nie zawsze si\u0119 to sprawdza, jednak z regu\u0142y<strong> od\u017cywka ma rzadsz\u0105 konsystencj\u0119<\/strong> ni\u017c maska do w\u0142os\u00f3w. Jest tak ze wzgl\u0119d\u00f3w czysto praktycznych. Od\u017cywk\u0119 nak\u0142adamy na kr\u00f3tko, z regu\u0142y b\u0119d\u0105c pod prysznicem lub w wannie, dlatego mo\u017ce by\u0107 ona lej\u0105ca. Mask\u0119 za\u015b pozostawiamy na w\u0142osach na d\u0142u\u017cej, nie chcemy wi\u0119c, by szybko sp\u0142ywa\u0142a nam z w\u0142os\u00f3w i brudzi\u0142a szlafrok czy ubrania.<\/p>\n<h3>Co lepiej stosowa\u0107?<\/h3>\n<p>Najbardziej op\u0142acalne jest <strong>\u0142\u0105czenie w piel\u0119gnacji w\u0142os\u00f3w od\u017cywki oraz maski.<\/strong> Podczas gdy ten pierwszy produkt <strong>poprawi wygl\u0105d<\/strong> w\u0142os\u00f3w i <strong>u\u0142atwi<\/strong> nam ich <strong>rozczesywanie,<\/strong> drugi <strong>zapewni im optymalny poziom sk\u0142adnik\u00f3w od\u017cywczych.<\/strong> Oczywi\u015bcie przy zdrowych, dobrze nawil\u017conych w\u0142osach mo\u017cna pozwoli\u0107 sobie na nieco rzadsze stosowanie maski, jednak gdy mamy w\u0142osy suche, \u0142amliwe czy zniszczone przez rozja\u015bnianie warto po\u015bwi\u0119ci\u0107 czas na regularne ich regenerowanie.<\/p>\n","protected":false},"excerpt":{"rendered":"<p>Doskonale wiemy, \u017ce pi\u0119kna fryzura wymaga regularnego stosowania produkt\u00f3w piel\u0119gnacyjnych. Bez nich nawet najzdrowsze w\u0142osy szybko zaczn\u0105 si\u0119 rozdwaja\u0107, przesusza\u0107 i traci\u0107 na elastyczno\u015bci. Co jednak wybra\u0107, by je wzmocni\u0107 i chroni\u0107? Czy lepsza jest od\u017cywka, czy mo\u017ce maska? Oto podstawowe r\u00f3\u017cnice mi\u0119dzy tymi dwoma produktami.<\/p>\n","protected":false},"author":2,"featured_media":5708,"comment_status":"open","ping_status":"open","sticky":false,"template":"","format":"standard","meta":{"_et_pb_use_builder":"","_et_pb_old_content":"","_et_gb_content_width":"","footnotes":""},"categories":[1,48],"tags":[],"class_list":["post-5707","post","type-post","status-publish","format-standard","has-post-thumbnail","hentry","category-bez-kategorii","category-wlosy-idealne","et-has-post-format-content","et_post_format-et-post-format-standard"],"_links":{"self":[{"href":"https:\/\/neness.pl\/blog\/wp-json\/wp\/v2\/posts\/5707","targetHints":{"allow":["GET"]}}],"collection":[{"href":"https:\/\/neness.pl\/blog\/wp-json\/wp\/v2\/posts"}],"about":[{"href":"https:\/\/neness.pl\/blog\/wp-json\/wp\/v2\/types\/post"}],"author":[{"embeddable":true,"href":"https:\/\/neness.pl\/blog\/wp-json\/wp\/v2\/users\/2"}],"replies":[{"embeddable":true,"href":"https:\/\/neness.pl\/blog\/wp-json\/wp\/v2\/comments?post=5707"}],"version-history":[{"count":0,"href":"https:\/\/neness.pl\/blog\/wp-json\/wp\/v2\/posts\/5707\/revisions"}],"wp:featuredmedia":[{"embeddable":true,"href":"https:\/\/neness.pl\/blog\/wp-json\/wp\/v2\/media\/5708"}],"wp:attachment":[{"href":"https:\/\/neness.pl\/blog\/wp-json\/wp\/v2\/media?parent=5707"}],"wp:term":[{"taxonomy":"category","embeddable":true,"href":"https:\/\/neness.pl\/blog\/wp-json\/wp\/v2\/categories?post=5707"},{"taxonomy":"post_tag","embeddable":true,"href":"https:\/\/neness.pl\/blog\/wp-json\/wp\/v2\/tags?post=5707"}],"curies":[{"name":"wp","href":"https:\/\/api.w.org\/{rel}","templated":true}]}}