{"id":5701,"date":"2019-04-12T13:47:19","date_gmt":"2019-04-12T11:47:19","guid":{"rendered":"http:\/\/ranking-kosmetykow.pl\/?p=5701"},"modified":"2019-04-12T13:47:19","modified_gmt":"2019-04-12T11:47:19","slug":"jakie-zapachy-relaksuja","status":"publish","type":"post","link":"https:\/\/neness.pl\/blog\/jakie-zapachy-relaksuja\/","title":{"rendered":"Jakie zapachy relaksuj\u0105?"},"content":{"rendered":"<p>Zapachy maj\u0105 na nas ogromny wp\u0142yw. Pami\u0119\u0107 o nich potrafi przetrwa\u0107 w m\u00f3zgu bardzo d\u0142ugo i nawet po latach budz\u0105 w nas te same emocje, kt\u00f3re odczuwali\u015bmy podczas ich w\u0105chania. Nie bez powodu zapach pomara\u0144czy czy cynamonu natychmiast przenosi nas w czasie do wieczoru wigilijnego, a wo\u0144 ulubionych perfum mamy z czas\u00f3w naszego dzieci\u0144stwa, sprawia, \u017ce czujemy si\u0119 bezpiecznie. Pewne zapachy wzbudzaj\u0105 w nas jednak okre\u015blone emocje bez wzgl\u0119du na to, czy wi\u0105\u017cemy z nimi jakie\u015b pozytywne lub negatywne prze\u017cycia. Potrafi\u0105 na przyk\u0142ad pom\u00f3c si\u0119 zrelaksowa\u0107 i poprawi\u0107 nam humor. Wiecie, kt\u00f3re zapachy najlepiej na nas dzia\u0142aj\u0105?<!--more--><\/p>\n<h3>Kosmetyki, kt\u00f3re koj\u0105 nerwy<\/h3>\n<p>W dzisiejszych czasach, gdy wci\u0105\u017c \u017cyjemy w po\u015bpiechu, mierzymy si\u0119 ze stresem czy bezsenno\u015bci\u0105 i nieustannie jeste\u015bmy spi\u0119ci, szczeg\u00f3lnie warto pomy\u015ble\u0107 o kosmetykach maj\u0105cych zapachy, kt\u00f3re dzia\u0142aj\u0105 rozlu\u017aniaj\u0105co, koj\u0105 nerwy i pozwalaj\u0105 spokojnie zasn\u0105\u0107. Najwi\u0119ksz\u0105 moc maj\u0105 tutaj oczywi\u015bcie naturalne olejki eteryczne, ale nawet zwyk\u0142y \u017cel pod prysznic, balsam czy mgie\u0142ka do cia\u0142a o odpowiednio dobranym zapachu potrafi\u0105 wp\u0142yn\u0105\u0107 na nasze samopoczucie. Oto kilka zapach\u00f3w, kt\u00f3re pomagaj\u0105 uspokoi\u0107 si\u0119 po ci\u0119\u017ckim dniu.<\/p>\n<div id=\"attachment_5703\" style=\"width: 360px\" class=\"wp-caption aligncenter\"><a href=\"https:\/\/neness.pl\/organic-shop-nawilzajacy-krem-do-ciala-wanilia-i-smietanka-450ml\"><img loading=\"lazy\" decoding=\"async\" aria-describedby=\"caption-attachment-5703\" class=\"wp-image-5703\" src=\"http:\/\/ranking-kosmetykow.pl\/wp-content\/uploads\/2019\/04\/a24d3c35caafe394b27ff538062559ae.jpg\" alt=\"\" width=\"350\" height=\"467\" srcset=\"https:\/\/neness.pl\/blog\/wp-content\/uploads\/2019\/04\/a24d3c35caafe394b27ff538062559ae.jpg 750w, https:\/\/neness.pl\/blog\/wp-content\/uploads\/2019\/04\/a24d3c35caafe394b27ff538062559ae-225x300.jpg 225w, https:\/\/neness.pl\/blog\/wp-content\/uploads\/2019\/04\/a24d3c35caafe394b27ff538062559ae-610x813.jpg 610w\" sizes=\"auto, (max-width: 350px) 100vw, 350px\" \/><\/a><p id=\"caption-attachment-5703\" class=\"wp-caption-text\">Organic Shop Nawil\u017caj\u0105cy Krem do Cia\u0142a, Waniliowa Bita \u015amietana, 450ml \/ 29,00 z\u0142<\/p><\/div>\n<h3>Ja\u015bmin na depresj\u0119<\/h3>\n<p>Zapach ja\u015bminu wykorzystywany jest do \u0142agodzenia stresu nie od dzi\u015b. Jego wdychanie sprawia, \u017ce czujemy si\u0119 rozlu\u017anieni, dobrze \u015bpimy i mamy lepsze samopoczucie. Niekt\u00f3rzy naukowcy twierdz\u0105 nawet, \u017ce wykazuje dzia\u0142anie antydepresyjne. Olejki eteryczne i kosmetyki o tym zapachu s\u0105 szczeg\u00f3lnie polecane osobom zapracowanym, mierz\u0105cym si\u0119 z presj\u0105 czasu, kt\u00f3rym trudno jest komfortowo wypoczywa\u0107 w domu.<\/p>\n<h3>Wanilia na popraw\u0119 nastroju<\/h3>\n<p>Kolejnym zapachem, na kt\u00f3ry reagujemy zwykle bardzo pozytywnie, jest zapach wanilii. Wo\u0144 ta \u0142agodzi napi\u0119cie nerwowe i sprawia, \u017ce czujemy si\u0119 rado\u015bniejsi i bardziej optymistycznie nastawieni do \u017cycia. Jest to jednak zapach bardzo s\u0142odki i na tyle specyficzny, \u017ce nie wszystkim przypada do gustu. Je\u015bli jednak jeste\u015bmy fanami s\u0142odko\u015bci &#8211; zdecydowanie warto wypr\u00f3bowa\u0107 na sobie jego dzia\u0142anie.<\/p>\n<div id=\"attachment_5704\" style=\"width: 360px\" class=\"wp-caption aligncenter\"><a href=\"https:\/\/neness.pl\/pl\/p\/Body-Collection-Lavender-Sweet-Pea-Zel-i-Balsam-Body-Duo\/5600\"><img loading=\"lazy\" decoding=\"async\" aria-describedby=\"caption-attachment-5704\" class=\"wp-image-5704\" src=\"http:\/\/ranking-kosmetykow.pl\/wp-content\/uploads\/2019\/04\/5d218528985a66d59e9871b183c91eb0.jpg\" alt=\"\" width=\"350\" height=\"350\" srcset=\"https:\/\/neness.pl\/blog\/wp-content\/uploads\/2019\/04\/5d218528985a66d59e9871b183c91eb0.jpg 900w, https:\/\/neness.pl\/blog\/wp-content\/uploads\/2019\/04\/5d218528985a66d59e9871b183c91eb0-300x300.jpg 300w, https:\/\/neness.pl\/blog\/wp-content\/uploads\/2019\/04\/5d218528985a66d59e9871b183c91eb0-150x150.jpg 150w, https:\/\/neness.pl\/blog\/wp-content\/uploads\/2019\/04\/5d218528985a66d59e9871b183c91eb0-768x768.jpg 768w, https:\/\/neness.pl\/blog\/wp-content\/uploads\/2019\/04\/5d218528985a66d59e9871b183c91eb0-610x610.jpg 610w, https:\/\/neness.pl\/blog\/wp-content\/uploads\/2019\/04\/5d218528985a66d59e9871b183c91eb0-440x440.jpg 440w\" sizes=\"auto, (max-width: 350px) 100vw, 350px\" \/><\/a><p id=\"caption-attachment-5704\" class=\"wp-caption-text\">Body Collection Lavender &amp; Sweet Pea \u017bel i Balsam Body Duo \/ 42,90 z\u0142<\/p><\/div>\n<h3>Lawenda na sen<\/h3>\n<p>Je\u015bli wolimy nieco bardziej stonowane zapachy, najlepiej postawi\u0107 na lawend\u0119. Jej wo\u0144 ma niezwykle rozlu\u017aniaj\u0105ce dzia\u0142anie, do tego za\u015b pomaga zasn\u0105\u0107. Co wi\u0119cej, potrafi nawet pom\u00f3c pozby\u0107 si\u0119 migreny. Doskonale nadaje si\u0119 dla os\u00f3b, kt\u00f3re cz\u0119sto s\u0105 rozdra\u017cnione lub zestresowane i musz\u0105 mierzy\u0107 si\u0119 z bezsenno\u015bci\u0105.<\/p>\n<h3>Rumianek na stres<\/h3>\n<p>Na spadki nastroju nieoceniony jest tak\u017ce zapach rumianka. Ten polny kwiat, kt\u00f3ry kojarzymy g\u0142\u00f3wnie z herbatami zio\u0142owymi, potrafi swoim zapachem poprawi\u0107 jako\u015b\u0107 naszego snu, z\u0142agodzi\u0107 stres i wyciszy\u0107 nas po dniu pe\u0142nym wra\u017ce\u0144. Jego zapach jest delikatny, neutralny i nie dra\u017cni intensywno\u015bci\u0105.<\/p>\n","protected":false},"excerpt":{"rendered":"<p>Zapachy maj\u0105 na nas ogromny wp\u0142yw. Pami\u0119\u0107 o nich potrafi przetrwa\u0107 w m\u00f3zgu bardzo d\u0142ugo i nawet po latach budz\u0105 w nas te same emocje, kt\u00f3re odczuwali\u015bmy podczas ich w\u0105chania. Nie bez powodu zapach pomara\u0144czy czy cynamonu natychmiast przenosi nas w czasie do wieczoru wigilijnego, a wo\u0144 ulubionych perfum mamy z czas\u00f3w naszego dzieci\u0144stwa, sprawia, [&hellip;]<\/p>\n","protected":false},"author":2,"featured_media":5702,"comment_status":"open","ping_status":"open","sticky":false,"template":"","format":"standard","meta":{"_et_pb_use_builder":"","_et_pb_old_content":"","_et_gb_content_width":"","footnotes":""},"categories":[19],"tags":[],"class_list":["post-5701","post","type-post","status-publish","format-standard","has-post-thumbnail","hentry","category-zachwycaj-zapachem","et-has-post-format-content","et_post_format-et-post-format-standard"],"_links":{"self":[{"href":"https:\/\/neness.pl\/blog\/wp-json\/wp\/v2\/posts\/5701","targetHints":{"allow":["GET"]}}],"collection":[{"href":"https:\/\/neness.pl\/blog\/wp-json\/wp\/v2\/posts"}],"about":[{"href":"https:\/\/neness.pl\/blog\/wp-json\/wp\/v2\/types\/post"}],"author":[{"embeddable":true,"href":"https:\/\/neness.pl\/blog\/wp-json\/wp\/v2\/users\/2"}],"replies":[{"embeddable":true,"href":"https:\/\/neness.pl\/blog\/wp-json\/wp\/v2\/comments?post=5701"}],"version-history":[{"count":0,"href":"https:\/\/neness.pl\/blog\/wp-json\/wp\/v2\/posts\/5701\/revisions"}],"wp:featuredmedia":[{"embeddable":true,"href":"https:\/\/neness.pl\/blog\/wp-json\/wp\/v2\/media\/5702"}],"wp:attachment":[{"href":"https:\/\/neness.pl\/blog\/wp-json\/wp\/v2\/media?parent=5701"}],"wp:term":[{"taxonomy":"category","embeddable":true,"href":"https:\/\/neness.pl\/blog\/wp-json\/wp\/v2\/categories?post=5701"},{"taxonomy":"post_tag","embeddable":true,"href":"https:\/\/neness.pl\/blog\/wp-json\/wp\/v2\/tags?post=5701"}],"curies":[{"name":"wp","href":"https:\/\/api.w.org\/{rel}","templated":true}]}}