{"id":5677,"date":"2019-04-05T14:07:16","date_gmt":"2019-04-05T12:07:16","guid":{"rendered":"http:\/\/ranking-kosmetykow.pl\/?p=5677"},"modified":"2019-04-05T14:07:16","modified_gmt":"2019-04-05T12:07:16","slug":"wybieramy-baze-pod-makijaz","status":"publish","type":"post","link":"https:\/\/neness.pl\/blog\/wybieramy-baze-pod-makijaz\/","title":{"rendered":"Wybieramy baz\u0119 pod makija\u017c"},"content":{"rendered":"<p>Wszystkie znamy sytuacje, w kt\u00f3rych ju\u017c po kilku godzinach po na\u0142o\u017ceniu makija\u017cu, gdy patrzymy na siebie w lustrze, widzimy plamy po startym podk\u0142adzie, rozmazany tusz i b\u0142yszcz\u0105cy nos. Zdarza si\u0119 to nie tylko<strong> latem<\/strong>, gdy temperatura si\u0119ga czterdziestu stopni, a s\u0142o\u0144ce pra\u017cy niemi\u0142osiernie, ale r\u00f3wnie\u017c <strong>na wielkich imprezach<\/strong> czy <strong>w pracy,<\/strong> gdy ca\u0142y czas jeste\u015bmy w ruchu, a tym samym m\u0119czymy si\u0119 i pocimy.<!--more--><\/p>\n<p>Wtedy niezb\u0119dna staje si\u0119 baza pod makija\u017c, dzi\u0119ki kt\u00f3rej czujemy si\u0119 komfortowo i dobrze wygl\u0105damy nawet w ekstremalnych sytuacjach. Taki produkt potrafi przed\u0142u\u017cy\u0107 trwa\u0142o\u015b\u0107 makija\u017cu nawet o <strong>12 godzin!<\/strong> Wa\u017cne jest jednak, by dobra\u0107 odpowiedni dla nas kosmetyk, kt\u00f3ry przy okazji<strong> nie spowoduje problem\u00f3w z cer\u0105.<\/strong> Zobaczcie, kt\u00f3re bazy najlepiej pasuj\u0105 do poszczeg\u00f3lnych typ\u00f3w sk\u00f3ry.<\/p>\n<div id=\"attachment_5679\" style=\"width: 360px\" class=\"wp-caption aligncenter\"><a href=\"https:\/\/neness.pl\/pl\/p\/Rimmel-Baza-pod-Makijaz-Fix-Protect-Makeup-Primer\/6095\"><img loading=\"lazy\" decoding=\"async\" aria-describedby=\"caption-attachment-5679\" class=\"wp-image-5679\" src=\"http:\/\/ranking-kosmetykow.pl\/wp-content\/uploads\/2019\/04\/329973.jpg\" alt=\"\" width=\"350\" height=\"350\" srcset=\"https:\/\/neness.pl\/blog\/wp-content\/uploads\/2019\/04\/329973.jpg 500w, https:\/\/neness.pl\/blog\/wp-content\/uploads\/2019\/04\/329973-300x300.jpg 300w, https:\/\/neness.pl\/blog\/wp-content\/uploads\/2019\/04\/329973-150x150.jpg 150w, https:\/\/neness.pl\/blog\/wp-content\/uploads\/2019\/04\/329973-440x440.jpg 440w\" sizes=\"auto, (max-width: 350px) 100vw, 350px\" \/><\/a><p id=\"caption-attachment-5679\" class=\"wp-caption-text\">Rimmel Baza pod Makija\u017c Fix &amp; Protect Makeup Primer \/ 22,00 z\u0142<\/p><\/div>\n<h3>Baza silikonowa<\/h3>\n<p>To jeszcze niedawno najbardziej popularny typ bazy pod make-up. Tworzy na twarzy <strong>nieprzepuszczaln\u0105 silikonow\u0105 warstw\u0119,<\/strong> kt\u00f3ra chroni przed rozmazaniem si\u0119 makija\u017cu za spraw\u0105 potu i sebum, dzi\u0119ki czemu makija\u017c prezentuje si\u0119 nienagannie nawet przez <strong>kilkana\u015bcie godzin.<\/strong> Trzeba jednak mie\u0107 na uwadze, \u017ce warstwa ta dzia\u0142a tak\u017ce w drug\u0105 stron\u0119 &#8211; <strong>nie dopuszcza do cery powietrza,<\/strong> przez co sprzyja gromadzeniu si\u0119 bakterii, zatykaniu por\u00f3w oraz tworzeniu si\u0119 zask\u00f3rnik\u00f3w i wyprysk\u00f3w. Dlatego poleca si\u0119 u\u017cywa\u0107 jej tylko w przypadku <strong>sk\u00f3ry suchej i dojrza\u0142ej,<\/strong> a i to nie codziennie, lecz tylko<strong> przy wyj\u0105tkowych okazjach.<\/strong> Ten typ bazy dobrze \u0142\u0105czy si\u0119 z bardzo lekkimi, wodnymi podk\u0142adami, jednak nie stosuje si\u0119 go z ci\u0119\u017ckimi kosmetykami wodoodpornymi.<\/p>\n<h3>Baza \u017celowa<\/h3>\n<p>Ten typ bazy idealnie sprawdza si\u0119 w przypadku<strong> sk\u00f3ry t\u0142ustej, normalnej i tr\u0105dzikowej.<\/strong> Utrwala makija\u017c, zmniejsza widoczno\u015b\u0107 por\u00f3w, wyg\u0142adza i og\u00f3lnie poprawia wygl\u0105d cery, przy tym jednak <strong>nie pozostawia t\u0142ustej warstwy, nawil\u017ca, hamuje wydzielanie sebum i pozwala sk\u00f3rze oddycha\u0107.<\/strong> Nie ma \u017cadnych ogranicze\u0144, je\u015bli chodzi \u0142\u0105czenie tego kosmetyku z podk\u0142adami. R\u00f3wnie dobrze komponuje si\u0119 z lekkimi produktami, jak i z tymi o g\u0119stej konsystencji, a nawet z podk\u0142adami mineralnymi.<\/p>\n<div id=\"attachment_5678\" style=\"width: 180px\" class=\"wp-caption aligncenter\"><a href=\"https:\/\/neness.pl\/pl\/p\/Dermacol-Baza-pod-Makijaz-Black-Magic-Make-up-Base\/5765\"><img loading=\"lazy\" decoding=\"async\" aria-describedby=\"caption-attachment-5678\" class=\"wp-image-5678\" src=\"http:\/\/ranking-kosmetykow.pl\/wp-content\/uploads\/2019\/04\/4420ed5b66f46e6d2873968224897c97.jpg.png\" alt=\"\" width=\"170\" height=\"467\" srcset=\"https:\/\/neness.pl\/blog\/wp-content\/uploads\/2019\/04\/4420ed5b66f46e6d2873968224897c97.jpg.png 291w, https:\/\/neness.pl\/blog\/wp-content\/uploads\/2019\/04\/4420ed5b66f46e6d2873968224897c97.jpg-109x300.png 109w\" sizes=\"auto, (max-width: 170px) 100vw, 170px\" \/><\/a><p id=\"caption-attachment-5678\" class=\"wp-caption-text\">Dermacol Baza pod Makija\u017c Black Magic Make-up Base \/ 44,90 z\u0142<\/p><\/div>\n<h3>Baza olejowa<\/h3>\n<p>Wbrew temu, co mog\u0142oby si\u0119 wydawa\u0107, ten kosmetyk nie jest przeznaczony jedynie dla os\u00f3b, kt\u00f3re maj\u0105 <strong>cer\u0119 such\u0105<\/strong> &#8211; r\u00f3wnie dobrze sprawdza si\u0119 tak\u017ce przy <strong>cerze t\u0142ustej.<\/strong> Tworzony jest na bazie <strong>lekkich olej\u00f3w naturalnych,<\/strong> takich jak <strong>olej r\u00f3\u017cany<\/strong> czy<strong> z pestek malin.<\/strong> Pozostawia na sk\u00f3rze warstw\u0119, kt\u00f3ra u\u0142atwia rozprowadzanie podk\u0142adu i go utrwala, ale w przeciwie\u0144stwie do bazy silikonowej, ten produkt jednak <strong>nie szkodzi cerze,<\/strong> a wr\u0119cz przeciwnie &#8211; dodatkowo j\u0105<strong> nawil\u017ca.<\/strong> Z zasady nie \u0142\u0105czy si\u0119 go z g\u0119stymi, ci\u0119\u017ckimi podk\u0142adami, lecz jedynie z tymi o rzadkiej konsystencji i sypkimi podk\u0142adami mineralnymi.<\/p>\n<h3>Bazy koryguj\u0105ce<\/h3>\n<p>Na rynku dost\u0119pne s\u0105 tak\u017ce <strong>bazy do zada\u0144 specjalnych<\/strong>, czyli <strong>koryguj\u0105ce<\/strong> lub inaczej <strong>kolorowe.<\/strong> Pozostawiaj\u0105 one na sk\u00f3rze warstw\u0119 o delikatnym zabarwieniu, kt\u00f3ra potrafi <strong>poprawi\u0107 koloryt cery<\/strong> lub <strong>ukry\u0107 niedoskona\u0142o\u015bci.<\/strong> W\u015br\u00f3d nich znajdziemy baz\u0119 <strong>zielon\u0105<\/strong> do ukrywania tr\u0105dziku i naczynek, <strong>bia\u0142\u0105<\/strong> &#8211; kt\u00f3ra roz\u015bwietla, <strong>fioletow\u0105<\/strong> &#8211; neutralizuj\u0105c\u0105 przebarwienia, <strong>niebiesk\u0105<\/strong> &#8211; s\u0142u\u017c\u0105c\u0105 do og\u00f3lnego wyr\u00f3wnywania kolorytu cery &#8211; oraz <strong>brzoskwiniow\u0105 &#8211;<\/strong> kt\u00f3ra nadaje zdrowszy odcie\u0144 ziemistej cerze.<\/p>\n","protected":false},"excerpt":{"rendered":"<p>Wszystkie znamy sytuacje, w kt\u00f3rych ju\u017c po kilku godzinach po na\u0142o\u017ceniu makija\u017cu, gdy patrzymy na siebie w lustrze, widzimy plamy po startym podk\u0142adzie, rozmazany tusz i b\u0142yszcz\u0105cy nos. Zdarza si\u0119 to nie tylko latem, gdy temperatura si\u0119ga czterdziestu stopni, a s\u0142o\u0144ce pra\u017cy niemi\u0142osiernie, ale r\u00f3wnie\u017c na wielkich imprezach czy w pracy, gdy ca\u0142y czas jeste\u015bmy [&hellip;]<\/p>\n","protected":false},"author":2,"featured_media":5680,"comment_status":"open","ping_status":"open","sticky":false,"template":"","format":"standard","meta":{"_et_pb_use_builder":"","_et_pb_old_content":"","_et_gb_content_width":"","footnotes":""},"categories":[41],"tags":[],"class_list":["post-5677","post","type-post","status-publish","format-standard","has-post-thumbnail","hentry","category-olsniewaj-makijazem","et-has-post-format-content","et_post_format-et-post-format-standard"],"_links":{"self":[{"href":"https:\/\/neness.pl\/blog\/wp-json\/wp\/v2\/posts\/5677","targetHints":{"allow":["GET"]}}],"collection":[{"href":"https:\/\/neness.pl\/blog\/wp-json\/wp\/v2\/posts"}],"about":[{"href":"https:\/\/neness.pl\/blog\/wp-json\/wp\/v2\/types\/post"}],"author":[{"embeddable":true,"href":"https:\/\/neness.pl\/blog\/wp-json\/wp\/v2\/users\/2"}],"replies":[{"embeddable":true,"href":"https:\/\/neness.pl\/blog\/wp-json\/wp\/v2\/comments?post=5677"}],"version-history":[{"count":0,"href":"https:\/\/neness.pl\/blog\/wp-json\/wp\/v2\/posts\/5677\/revisions"}],"wp:featuredmedia":[{"embeddable":true,"href":"https:\/\/neness.pl\/blog\/wp-json\/wp\/v2\/media\/5680"}],"wp:attachment":[{"href":"https:\/\/neness.pl\/blog\/wp-json\/wp\/v2\/media?parent=5677"}],"wp:term":[{"taxonomy":"category","embeddable":true,"href":"https:\/\/neness.pl\/blog\/wp-json\/wp\/v2\/categories?post=5677"},{"taxonomy":"post_tag","embeddable":true,"href":"https:\/\/neness.pl\/blog\/wp-json\/wp\/v2\/tags?post=5677"}],"curies":[{"name":"wp","href":"https:\/\/api.w.org\/{rel}","templated":true}]}}