{"id":5672,"date":"2019-04-04T13:50:58","date_gmt":"2019-04-04T11:50:58","guid":{"rendered":"http:\/\/ranking-kosmetykow.pl\/?p=5672"},"modified":"2019-04-04T13:50:58","modified_gmt":"2019-04-04T11:50:58","slug":"trendy-w-koloryzacji-color-no-color","status":"publish","type":"post","link":"https:\/\/neness.pl\/blog\/trendy-w-koloryzacji-color-no-color\/","title":{"rendered":"Trendy w koloryzacji &#8211; color no color"},"content":{"rendered":"<p>Moda na naturalny look trwa ju\u017c od kilku lat. Z ch\u0119ci\u0105 rezygnujemy z ci\u0119\u017ckiego makija\u017cu i zast\u0119pujemy krzykliwe lakiery do paznokci bardziej <strong>stonowanymi<\/strong> albo po prostu <strong>od\u017cywkami.<\/strong> Zamiast robi\u0107 kunsztowne koki, stawiamy na <strong>delikatne fale,<\/strong> a ubieramy si\u0119 w stylu, kt\u00f3ry zapewnia nam <strong>swobod\u0119.<\/strong> W tym sezonie styli\u015bci poszli jednak jeszcze krok dalej &#8211; lansuj\u0105 oni koloryzacj\u0119 w\u0142os\u00f3w zwan\u0105 color no color!<!--more--><\/p>\n<h3>Color no color &#8211; co to takiego?<\/h3>\n<p>Trend color no color, jak \u0142atwo si\u0119 domy\u015bli\u0107, oznacza<strong> powr\u00f3t do naturalnego koloru w\u0142os\u00f3w,<\/strong> kt\u00f3ry przecie\u017c powinien najbardziej nam pasowa\u0107. Styli\u015bci zdaj\u0105 sobie jednak spraw\u0119 z tego, \u017ce w\u0142osy niepofarbowane cz\u0119sto s\u0105 matowe i pozbawione refleks\u00f3w, a w dodatku szybko pojawiaj\u0105 si\u0119 w nich siwe pasma. Dlatego koloryzacja color no color ma polega\u0107 na <strong>dobieraniu farby o tonie maksymalnie zbli\u017conym do naturalnego odcienia w\u0142os\u00f3w.<\/strong> Ma to sprawi\u0107, \u017ce fryzura b\u0119dzie <strong>l\u015bni\u0105ca<\/strong> i zachowa <strong>pi\u0119kny, tr\u00f3jwymiarowy kolor,<\/strong> kt\u00f3ry jednak nie b\u0119dzie sprawia\u0142 wra\u017cenia sztuczno\u015bci.<\/p>\n<div id=\"attachment_5674\" style=\"width: 360px\" class=\"wp-caption aligncenter\"><a href=\"https:\/\/neness.pl\/natura-siberica-szampon-do-farbowanych-i-zniszczonych-wlosow-ochrona-i-polysk-400ml\"><img loading=\"lazy\" decoding=\"async\" aria-describedby=\"caption-attachment-5674\" class=\"wp-image-5674\" src=\"http:\/\/ranking-kosmetykow.pl\/wp-content\/uploads\/2019\/04\/0991bc726d2c619859ff41be7f9eb811.jpg\" alt=\"\" width=\"350\" height=\"467\" srcset=\"https:\/\/neness.pl\/blog\/wp-content\/uploads\/2019\/04\/0991bc726d2c619859ff41be7f9eb811.jpg 750w, https:\/\/neness.pl\/blog\/wp-content\/uploads\/2019\/04\/0991bc726d2c619859ff41be7f9eb811-225x300.jpg 225w, https:\/\/neness.pl\/blog\/wp-content\/uploads\/2019\/04\/0991bc726d2c619859ff41be7f9eb811-610x813.jpg 610w\" sizes=\"auto, (max-width: 350px) 100vw, 350px\" \/><\/a><p id=\"caption-attachment-5674\" class=\"wp-caption-text\">Natura Siberica Szampon Do Farbowanych i Zniszczonych W\u0142os\u00f3w &#8222;Ochrona i Po\u0142ysk&#8221; 400ml \/ 25,40 z\u0142<\/p><\/div>\n<h3>Nie kolor jest najwa\u017cniejszy<\/h3>\n<p>To nie kolor jest jednak istot\u0105 tego trendu. Chodzi w nim przede wszystkim o to, by w\u0142osy by\u0142y naturalnie pi\u0119kne, a wi\u0119c odpowiednio zadbane. Decyduj\u0105c si\u0119 na color no color nale\u017cy wi\u0119c przede wszystkim postawi\u0107 na<strong> w\u0142a\u015bciw\u0105 piel\u0119gnacj\u0119.<\/strong> Chodzi tutaj nie tylko o dobranie dobrego szamponu i od\u017cywki pe\u0142nej naturalnych, cennych sk\u0142adnik\u00f3w &#8211; cho\u0107 oczywi\u015bcie jest to podstawa. W sk\u0142ad zabieg\u00f3w piel\u0119gnacyjnych powinny te\u017c wchodzi\u0107: <strong>olejowanie<\/strong> (o tym, jak olejowa\u0107 w\u0142osy, przeczytacie<a href=\"http:\/\/ranking-kosmetykow.pl\/2018\/01\/08\/olejowanie-wlosow-krotki-poradnik\/\"> tutaj<\/a>),<strong> stosowanie masek do w\u0142os\u00f3w, zabezpieczanie ko\u0144c\u00f3wek za pomoc\u0105 serum czy robienie peeling\u00f3w sk\u00f3ry g\u0142owy.<\/strong> Warto r\u00f3wnie\u017c zadba\u0107 o w\u0142osy od wewn\u0105trz, <strong>stosuj\u0105c urozmaicon\u0105,<\/strong> <strong>bogat\u0105 w witaminy diet\u0119<\/strong> oraz <strong>pij\u0105c napary zio\u0142owe<\/strong> &#8211; na przyk\u0142ad z pokrzywy. Tylko przy takiej piel\u0119gnacji w\u0142osy b\u0119d\u0105 naprawd\u0119 \u015bwietnie si\u0119 prezentowa\u0107, zw\u0142aszcza je\u015bli dodatkowo postawimy na naturaln\u0105, prost\u0105 fryzur\u0119, na przyk\u0142ad rozpuszczone pasma lub bardzo lu\u017any, niski kok.<\/p>\n<div id=\"attachment_5675\" style=\"width: 360px\" class=\"wp-caption aligncenter\"><a href=\"https:\/\/neness.pl\/pl\/p\/Natura-Estonica-Maska-do-Wlosow-Slabych-i-Farbowanych\/5270\"><img loading=\"lazy\" decoding=\"async\" aria-describedby=\"caption-attachment-5675\" class=\"wp-image-5675\" src=\"http:\/\/ranking-kosmetykow.pl\/wp-content\/uploads\/2019\/04\/6088257b45cc16845d350d0626c4fbcc.jpg\" alt=\"\" width=\"350\" height=\"350\" srcset=\"https:\/\/neness.pl\/blog\/wp-content\/uploads\/2019\/04\/6088257b45cc16845d350d0626c4fbcc.jpg 800w, https:\/\/neness.pl\/blog\/wp-content\/uploads\/2019\/04\/6088257b45cc16845d350d0626c4fbcc-300x300.jpg 300w, https:\/\/neness.pl\/blog\/wp-content\/uploads\/2019\/04\/6088257b45cc16845d350d0626c4fbcc-150x150.jpg 150w, https:\/\/neness.pl\/blog\/wp-content\/uploads\/2019\/04\/6088257b45cc16845d350d0626c4fbcc-768x768.jpg 768w, https:\/\/neness.pl\/blog\/wp-content\/uploads\/2019\/04\/6088257b45cc16845d350d0626c4fbcc-610x610.jpg 610w, https:\/\/neness.pl\/blog\/wp-content\/uploads\/2019\/04\/6088257b45cc16845d350d0626c4fbcc-440x440.jpg 440w\" sizes=\"auto, (max-width: 350px) 100vw, 350px\" \/><\/a><p id=\"caption-attachment-5675\" class=\"wp-caption-text\">Natura Estonica Maska do W\u0142os\u00f3w S\u0142abych i Farbowanych \/ 11,80 z\u0142<\/p><\/div>\n<h3>Do czego to pasuje?<\/h3>\n<p>Fryzura w stylu color no color doskonale pasuje do<strong> naturalnej stylizacji.<\/strong> Warto wi\u0119c zestawia\u0107 j\u0105 z makija\u017cem <strong>make-up no make-up<\/strong> oraz <strong>subtelnym manicurem.<\/strong> \u015awietnie wygl\u0105da przy lu\u017anych <strong>kreacjach w stylu boho<\/strong> i takich w\u0142a\u015bnie dodatkach. Wzory etniczne, \u017cywe barwy, koraliki, pi\u00f3ra, drewniane ozdoby &#8211; to wszystko doskonale skomponuje si\u0119 z tym typem koloryzacji. Czy Wy te\u017c zdecydujecie si\u0119 na podobny luz i swobod\u0119 tej wiosny?<\/p>\n","protected":false},"excerpt":{"rendered":"<p>Moda na naturalny look trwa ju\u017c od kilku lat. Z ch\u0119ci\u0105 rezygnujemy z ci\u0119\u017ckiego makija\u017cu i zast\u0119pujemy krzykliwe lakiery do paznokci bardziej stonowanymi albo po prostu od\u017cywkami. Zamiast robi\u0107 kunsztowne koki, stawiamy na delikatne fale, a ubieramy si\u0119 w stylu, kt\u00f3ry zapewnia nam swobod\u0119. W tym sezonie styli\u015bci poszli jednak jeszcze krok dalej &#8211; lansuj\u0105 [&hellip;]<\/p>\n","protected":false},"author":2,"featured_media":5673,"comment_status":"open","ping_status":"open","sticky":false,"template":"","format":"standard","meta":{"_et_pb_use_builder":"","_et_pb_old_content":"","_et_gb_content_width":"","footnotes":""},"categories":[48],"tags":[],"class_list":["post-5672","post","type-post","status-publish","format-standard","has-post-thumbnail","hentry","category-wlosy-idealne","et-has-post-format-content","et_post_format-et-post-format-standard"],"_links":{"self":[{"href":"https:\/\/neness.pl\/blog\/wp-json\/wp\/v2\/posts\/5672","targetHints":{"allow":["GET"]}}],"collection":[{"href":"https:\/\/neness.pl\/blog\/wp-json\/wp\/v2\/posts"}],"about":[{"href":"https:\/\/neness.pl\/blog\/wp-json\/wp\/v2\/types\/post"}],"author":[{"embeddable":true,"href":"https:\/\/neness.pl\/blog\/wp-json\/wp\/v2\/users\/2"}],"replies":[{"embeddable":true,"href":"https:\/\/neness.pl\/blog\/wp-json\/wp\/v2\/comments?post=5672"}],"version-history":[{"count":0,"href":"https:\/\/neness.pl\/blog\/wp-json\/wp\/v2\/posts\/5672\/revisions"}],"wp:featuredmedia":[{"embeddable":true,"href":"https:\/\/neness.pl\/blog\/wp-json\/wp\/v2\/media\/5673"}],"wp:attachment":[{"href":"https:\/\/neness.pl\/blog\/wp-json\/wp\/v2\/media?parent=5672"}],"wp:term":[{"taxonomy":"category","embeddable":true,"href":"https:\/\/neness.pl\/blog\/wp-json\/wp\/v2\/categories?post=5672"},{"taxonomy":"post_tag","embeddable":true,"href":"https:\/\/neness.pl\/blog\/wp-json\/wp\/v2\/tags?post=5672"}],"curies":[{"name":"wp","href":"https:\/\/api.w.org\/{rel}","templated":true}]}}