{"id":5661,"date":"2019-04-02T13:21:23","date_gmt":"2019-04-02T11:21:23","guid":{"rendered":"http:\/\/ranking-kosmetykow.pl\/?p=5661"},"modified":"2019-04-02T13:21:23","modified_gmt":"2019-04-02T11:21:23","slug":"czy-mozna-farbowac-wlosy-w-ciazy","status":"publish","type":"post","link":"https:\/\/neness.pl\/blog\/czy-mozna-farbowac-wlosy-w-ciazy\/","title":{"rendered":"Czy mo\u017cna farbowa\u0107 w\u0142osy w ci\u0105\u017cy?"},"content":{"rendered":"<p>Farbowa\u0107 w\u0142osy w ci\u0105\u017cy czy te\u017c tego nie robi\u0107? Ten temat nieustannie budzi kontrowersje. Z jednej strony przysz\u0142e mamy boj\u0105 si\u0119, \u017ce koloryzacja mo\u017ce zaszkodzi\u0107 im lub dziecku, z drugiej chodzenie w 9-miesi\u0119cznych odrostach wydaje si\u0119 przera\u017caj\u0105ce. Czy jednak rzeczywi\u015bcie farbowanie w\u0142os\u00f3w w ci\u0105\u017cy jest tak niebezpieczne, jak to si\u0119 cz\u0119sto przedstawia?<!--more--><\/p>\n<h3>Czy farby s\u0105 niebezpieczne?<\/h3>\n<p>Obawy zwi\u0105zane z koloryzacj\u0105 w\u0142os\u00f3w w ci\u0105\u017cy wi\u0105\u017c\u0105 si\u0119 przede wszystkim z tym, \u017ce w farbach zawarte s\u0105 <strong>zwi\u0105zki chemiczne,<\/strong> np. amoniak, kt\u00f3rych wp\u0142yw na p\u0142\u00f3d nie jest do ko\u0144ca znany. Jednak obecnie nie ma \u017cadnych bada\u0144, kt\u00f3re dowodzi\u0142yby, \u017ce mog\u0105 one w jakikolwiek spos\u00f3b wp\u0142ywa\u0107 na dziecko. Wr\u0119cz przeciwnie, wi\u0119kszo\u015b\u0107 lekarzy uwa\u017ca, \u017ce tylko niewielka ich ilo\u015b\u0107 przenika przez sk\u00f3r\u0119, za\u015b w og\u00f3le <strong>nie przedostaj\u0105 si\u0119 one do krwiobiegu.<\/strong> Dodatkowo producenci coraz bardziej ograniczaj\u0105 u\u017cycie silnych chemikali\u00f3w i zast\u0119puj\u0105 je<strong> \u0142agodniejszymi, naturalnymi substancjami.<\/strong> Z uwagi na to, \u017ce nie mo\u017cna jednak w tej chwili wykluczy\u0107 ca\u0142kowicie, \u017ce farby w jaki\u015b spos\u00f3b wp\u0142ywaj\u0105 na rozw\u00f3j p\u0142odu, lekarze zalecaj\u0105 <strong>rezygnacj\u0119 z koloryzacji w\u0142os\u00f3w w pierwszym trymestrze ci\u0105\u017cy,<\/strong> czyli okresie kluczowym dla rozwoju organ\u00f3w dziecka. P\u00f3\u017aniej za\u015b spokojnie mo\u017cna ju\u017c zadba\u0107 o fryzur\u0119.<\/p>\n<div id=\"attachment_5663\" style=\"width: 260px\" class=\"wp-caption aligncenter\"><a href=\"https:\/\/neness.pl\/pl\/p\/Natura-Estonica-Szampon-do-Wlosow-Farbowanych\/5288\"><img loading=\"lazy\" decoding=\"async\" aria-describedby=\"caption-attachment-5663\" class=\"wp-image-5663\" src=\"http:\/\/ranking-kosmetykow.pl\/wp-content\/uploads\/2019\/04\/58d932399e37d94929adfaa1120abf6c.jpg.png\" alt=\"\" width=\"250\" height=\"465\" srcset=\"https:\/\/neness.pl\/blog\/wp-content\/uploads\/2019\/04\/58d932399e37d94929adfaa1120abf6c.jpg.png 340w, https:\/\/neness.pl\/blog\/wp-content\/uploads\/2019\/04\/58d932399e37d94929adfaa1120abf6c.jpg-161x300.png 161w\" sizes=\"auto, (max-width: 250px) 100vw, 250px\" \/><\/a><p id=\"caption-attachment-5663\" class=\"wp-caption-text\">Natura Estonica Szampon do W\u0142os\u00f3w Farbowanych \/ 12,90 z\u0142<\/p><\/div>\n<p>Nale\u017cy jednak pami\u0119ta\u0107, \u017ce przez hormony produkowane w okresie ci\u0105\u017cy nasz organizm mo\u017ce reagowa\u0107 na farby nieco inaczej ni\u017c zwykle. W zwi\u0105zku z tym istnieje prawdopodobie\u0144stwo wyst\u0105pienia <strong>podra\u017cnie\u0144<\/strong> lub <strong>alergii<\/strong> w wyniku koloryzacji, nie mo\u017cna tak\u017ce wykluczy\u0107, \u017ce <strong>uzyskany kolor b\u0119dzie nieco inny<\/strong> ni\u017c w okresie przed ci\u0105\u017c\u0105. Dlatego szczeg\u00f3lnie wa\u017cne jest, by farbuj\u0105c w\u0142osy w ci\u0105\u017cy, wykonywa\u0107 wcze\u015bniej <strong>pr\u00f3by uczuleniowe.<\/strong><\/p>\n<h3>Farbuj z g\u0142ow\u0105<\/h3>\n<p>Nie da si\u0119 jednak ukry\u0107, \u017ce farby do w\u0142os\u00f3w maj\u0105 bardzo intensywny, mocno specyficzny zapach, kt\u00f3ry mo\u017ce spowodowa\u0107 u ci\u0119\u017carnej<strong> b\u00f3le lub zawroty g\u0142owy<\/strong> czy nawet<strong> nudno\u015bci.<\/strong> Dlatego najlepiej farbowa\u0107 w\u0142osy w du\u017cych,<strong> dobrze wentylowanych pomieszczeniach<\/strong> i mo\u017cliwie skr\u00f3ci\u0107 czas, w kt\u00f3rym nara\u017cone jeste\u015bmy na dzia\u0142anie farby &#8211; na przyk\u0142ad <strong>farbowa\u0107 jedynie odrosty<\/strong>. Warto te\u017c zrezygnowa\u0107 w tym okresie z wszelkich d\u0142ugich, kilkugodzinnych zabieg\u00f3w fryzjerskich.<\/p>\n<div id=\"attachment_5664\" style=\"width: 360px\" class=\"wp-caption aligncenter\"><a href=\"https:\/\/neness.pl\/natura-siberica-odbudowujacy-balsam-loves-latvia-do-wlosow-farbowanych-400ml\"><img loading=\"lazy\" decoding=\"async\" aria-describedby=\"caption-attachment-5664\" class=\"wp-image-5664\" src=\"http:\/\/ranking-kosmetykow.pl\/wp-content\/uploads\/2019\/04\/e74fc36f9c715d1b23543d89c5c45087.jpg\" alt=\"\" width=\"350\" height=\"467\" srcset=\"https:\/\/neness.pl\/blog\/wp-content\/uploads\/2019\/04\/e74fc36f9c715d1b23543d89c5c45087.jpg 750w, https:\/\/neness.pl\/blog\/wp-content\/uploads\/2019\/04\/e74fc36f9c715d1b23543d89c5c45087-225x300.jpg 225w, https:\/\/neness.pl\/blog\/wp-content\/uploads\/2019\/04\/e74fc36f9c715d1b23543d89c5c45087-610x813.jpg 610w\" sizes=\"auto, (max-width: 350px) 100vw, 350px\" \/><\/a><p id=\"caption-attachment-5664\" class=\"wp-caption-text\">Natura Siberica Odbudowuj\u0105cy Balsam Loves Latvia do W\u0142os\u00f3w Farbowanych, 400ml \/ 17,50 z\u0142<\/p><\/div>\n<p>Je\u015bli decydujemy si\u0119 na wizyt\u0119 w salonie, najlepiej <strong>upewni\u0107 si\u0119, \u017ce zostaniemy przyj\u0119te o konkretnej godzinie<\/strong> i nie b\u0119dziemy musia\u0142y d\u0142ugo czeka\u0107 w oparach kosmetyk\u00f3w. Dobrze jest te\u017c dodatkowo umawia\u0107 si\u0119 na wizyty w godzinach, w kt\u00f3rych salon nie jest oblegany, a tym samym st\u0119\u017cenie chemikali\u00f3w, kt\u00f3re w nim panuje jest mniejsze.<\/p>\n","protected":false},"excerpt":{"rendered":"<p>Farbowa\u0107 w\u0142osy w ci\u0105\u017cy czy te\u017c tego nie robi\u0107? Ten temat nieustannie budzi kontrowersje. Z jednej strony przysz\u0142e mamy boj\u0105 si\u0119, \u017ce koloryzacja mo\u017ce zaszkodzi\u0107 im lub dziecku, z drugiej chodzenie w 9-miesi\u0119cznych odrostach wydaje si\u0119 przera\u017caj\u0105ce. Czy jednak rzeczywi\u015bcie farbowanie w\u0142os\u00f3w w ci\u0105\u017cy jest tak niebezpieczne, jak to si\u0119 cz\u0119sto przedstawia?<\/p>\n","protected":false},"author":2,"featured_media":5662,"comment_status":"open","ping_status":"open","sticky":false,"template":"","format":"standard","meta":{"_et_pb_use_builder":"","_et_pb_old_content":"","_et_gb_content_width":"","footnotes":""},"categories":[48],"tags":[],"class_list":["post-5661","post","type-post","status-publish","format-standard","has-post-thumbnail","hentry","category-wlosy-idealne","et-has-post-format-content","et_post_format-et-post-format-standard"],"_links":{"self":[{"href":"https:\/\/neness.pl\/blog\/wp-json\/wp\/v2\/posts\/5661","targetHints":{"allow":["GET"]}}],"collection":[{"href":"https:\/\/neness.pl\/blog\/wp-json\/wp\/v2\/posts"}],"about":[{"href":"https:\/\/neness.pl\/blog\/wp-json\/wp\/v2\/types\/post"}],"author":[{"embeddable":true,"href":"https:\/\/neness.pl\/blog\/wp-json\/wp\/v2\/users\/2"}],"replies":[{"embeddable":true,"href":"https:\/\/neness.pl\/blog\/wp-json\/wp\/v2\/comments?post=5661"}],"version-history":[{"count":0,"href":"https:\/\/neness.pl\/blog\/wp-json\/wp\/v2\/posts\/5661\/revisions"}],"wp:featuredmedia":[{"embeddable":true,"href":"https:\/\/neness.pl\/blog\/wp-json\/wp\/v2\/media\/5662"}],"wp:attachment":[{"href":"https:\/\/neness.pl\/blog\/wp-json\/wp\/v2\/media?parent=5661"}],"wp:term":[{"taxonomy":"category","embeddable":true,"href":"https:\/\/neness.pl\/blog\/wp-json\/wp\/v2\/categories?post=5661"},{"taxonomy":"post_tag","embeddable":true,"href":"https:\/\/neness.pl\/blog\/wp-json\/wp\/v2\/tags?post=5661"}],"curies":[{"name":"wp","href":"https:\/\/api.w.org\/{rel}","templated":true}]}}