{"id":5634,"date":"2019-03-22T13:48:00","date_gmt":"2019-03-22T12:48:00","guid":{"rendered":"http:\/\/ranking-kosmetykow.pl\/?p=5634"},"modified":"2019-03-22T13:48:00","modified_gmt":"2019-03-22T12:48:00","slug":"jakie-sa-rodzaje-cery","status":"publish","type":"post","link":"https:\/\/neness.pl\/blog\/jakie-sa-rodzaje-cery\/","title":{"rendered":"Jakie s\u0105 rodzaje cery?"},"content":{"rendered":"<p>Czy naprawd\u0119 wszyscy wiemy, jaki mamy rodzaj cery? Nawet je\u015bli kiedy\u015b uda\u0142o nam si\u0119 to ustali\u0107, wcale nie musi to oznacza\u0107, \u017ce nadal jest ona taka sama jak jeszcze kilka lat temu. Cho\u0107 rodzaj cery ma genetyczne uwarunkowanie, bywa \u017ce zmienia si\u0119 pod wp\u0142ywem r\u00f3\u017cnorakich czynnik\u00f3w zewn\u0119trznych. Jak wi\u0119c mo\u017cna okre\u015bli\u0107 sw\u00f3j aktualny typ i dobra\u0107 do niego odpowiednie kosmetyki?<!--more--><\/p>\n<h3>Cera mieszana<\/h3>\n<p>Ten rodzaj cery nale\u017cy do tych <strong>najbardziej problematycznych.<\/strong> Dlaczego jest on tak k\u0142opotliwy? Ot\u00f3\u017c charakteryzuje si\u0119 on <strong>cechami i sk\u00f3ry t\u0142ustej, i suchej,<\/strong> co oznacza niez\u0142\u0105 zagwozdk\u0119 w wyborze odpowiednich kosmetyk\u00f3w do piel\u0119gnacji. W strefie T, czyli na nosie brodzie i czole, sk\u00f3ra ta produkuje nadmiern\u0105 ilo\u015b\u0107 sebum i cz\u0119sto si\u0119 b\u0142yszczy, za\u015b w pozosta\u0142ych partiach twarzy jest sucha i napi\u0119ta. Piel\u0119gnacja cery tego typu nie jest prosta i najcz\u0119\u015bciej wymaga u\u017cywania<strong> r\u00f3\u017cnych kosmetyk\u00f3w<\/strong> piel\u0119gnacyjnych w poszczeg\u00f3lnych strefach.<\/p>\n<h3>Cera t\u0142usta<\/h3>\n<p>Cera t\u0142usta charakteryzuje si\u0119 <strong>rozszerzonymi porami, ma sk\u0142onno\u015b\u0107 do wyprysk\u00f3w i zask\u00f3rnik\u00f3w.<\/strong> Rzadko reaguje alergicznie na kosmetyki, za to ma tendencj\u0119 do produkcji du\u017cej ilo\u015bci sebum, przez co szybko zaczyna si\u0119 nieestetycznie b\u0142yszcze\u0107. Bardzo du\u017cy wp\u0142yw na jej stan maj\u0105 takie czynniki jak stres czy zmiany hormonalne, ale d\u0142ugo zachowuje m\u0142odo\u015b\u0107. Do jej piel\u0119gnacji polecane s\u0105 <strong>nieobci\u0105\u017caj\u0105ce kosmetyki o lekkiej formule.<\/strong><\/p>\n<div id=\"attachment_5636\" style=\"width: 360px\" class=\"wp-caption aligncenter\"><a href=\"https:\/\/neness.pl\/pl\/p\/Natura-Siberica-Nawilzajacy-Krem-do-Twarzy-na-Dzien\/5309\"><img loading=\"lazy\" decoding=\"async\" aria-describedby=\"caption-attachment-5636\" class=\"wp-image-5636\" src=\"http:\/\/ranking-kosmetykow.pl\/wp-content\/uploads\/2019\/03\/4702a0bb0eac090208728a243caf764a.jpg\" alt=\"\" width=\"350\" height=\"400\" srcset=\"https:\/\/neness.pl\/blog\/wp-content\/uploads\/2019\/03\/4702a0bb0eac090208728a243caf764a.jpg 568w, https:\/\/neness.pl\/blog\/wp-content\/uploads\/2019\/03\/4702a0bb0eac090208728a243caf764a-263x300.jpg 263w\" sizes=\"auto, (max-width: 350px) 100vw, 350px\" \/><\/a><p id=\"caption-attachment-5636\" class=\"wp-caption-text\">Natura Siberica Nawil\u017caj\u0105cy Krem do Twarzy na Dzie\u0144 \/ 47,90 z\u0142<\/p><\/div>\n<h3>Cera sucha<\/h3>\n<p>Sk\u00f3ra sucha to taka, kt\u00f3ra produkuje mniej sebum ni\u017c powinna. Po jej umyciu cz\u0119sto mamy <strong>uczucie \u015bci\u0105gni\u0119cia i pieczenia<\/strong>, bywa matowa i je\u015bli jest nieodpowiednio piel\u0119gnowana, momentalnie zaczyna wygl\u0105da\u0107 blado i niezdrowo. Posiadacze tego rodzaju cery nie maj\u0105 problem\u00f3w z wypryskami i zask\u00f3rnikami, za to musz\u0105 liczy\u0107 si\u0119 z szybkim pojawieniem si\u0119 zmarszczek. Do piel\u0119gnacji sk\u00f3ry suchej nale\u017cy u\u017cywa\u0107 <strong>kosmetyk\u00f3w o bardzo bogatym sk\u0142adzie<\/strong>, najlepiej zawieraj\u0105cych olejki dzia\u0142aj\u0105ce nawil\u017caj\u0105co i od\u017cywczo.<\/p>\n<h3>Cera tr\u0105dzikowa<\/h3>\n<p>Najcz\u0119\u015bciej ten typ cery \u0142\u0105czy si\u0119 z nastolatkami, ale mog\u0105 mie\u0107 go tak\u017ce osoby, kt\u00f3re dawno przesz\u0142y ju\u017c wiek dojrzewania. Znaki charakterystyczne sk\u00f3ry tego rodzaju to <strong>zask\u00f3rniki, wypryski i blizny potr\u0105dzikowe.<\/strong> Wymaga <strong>starannie dobranych kosmetyk\u00f3w, cz\u0119sto z apteki<\/strong>, kt\u00f3rych wyb\u00f3r najlepiej skonsultowa\u0107 z dermatologiem.<\/p>\n<div id=\"attachment_5637\" style=\"width: 360px\" class=\"wp-caption aligncenter\"><a href=\"https:\/\/neness.pl\/pl\/p\/White-Agafia-Lekki-Krem-do-Twarzy-na-Dzien\/5383\"><img loading=\"lazy\" decoding=\"async\" aria-describedby=\"caption-attachment-5637\" class=\"wp-image-5637\" src=\"http:\/\/ranking-kosmetykow.pl\/wp-content\/uploads\/2019\/03\/47d0605d1cd938d752298f443ed5545f.jpg\" alt=\"\" width=\"350\" height=\"350\" srcset=\"https:\/\/neness.pl\/blog\/wp-content\/uploads\/2019\/03\/47d0605d1cd938d752298f443ed5545f.jpg 800w, https:\/\/neness.pl\/blog\/wp-content\/uploads\/2019\/03\/47d0605d1cd938d752298f443ed5545f-300x300.jpg 300w, https:\/\/neness.pl\/blog\/wp-content\/uploads\/2019\/03\/47d0605d1cd938d752298f443ed5545f-150x150.jpg 150w, https:\/\/neness.pl\/blog\/wp-content\/uploads\/2019\/03\/47d0605d1cd938d752298f443ed5545f-768x768.jpg 768w, https:\/\/neness.pl\/blog\/wp-content\/uploads\/2019\/03\/47d0605d1cd938d752298f443ed5545f-610x610.jpg 610w, https:\/\/neness.pl\/blog\/wp-content\/uploads\/2019\/03\/47d0605d1cd938d752298f443ed5545f-440x440.jpg 440w\" sizes=\"auto, (max-width: 350px) 100vw, 350px\" \/><\/a><p id=\"caption-attachment-5637\" class=\"wp-caption-text\">White Agafia Lekki Krem do Twarzy na Dzie\u0144 \/ 13,99 z\u0142<\/p><\/div>\n<h3>Cera wra\u017cliwa<\/h3>\n<p>Cera wra\u017cliwa bardzo<strong> intensywnie reaguje na kosmetyki, ale te\u017c na warunki atmosferyczne,<\/strong> na przyk\u0142ad mr\u00f3z czy ekspozycj\u0119 na s\u0142o\u0144ce. Dobieraj\u0105c kosmetyki do jej piel\u0119gnacji, nale\u017cy by\u0107 bardzo ostro\u017cnym. Najlepiej postawi\u0107 tutaj na <strong>produkty hipoalergiczne<\/strong> i zawsze testowa\u0107 je na niewielkiej powierzchni przed ich zastosowaniem.<\/p>\n<h3>Cera normalna<\/h3>\n<p>Ten typ sk\u00f3ry <strong>produkuje prawid\u0142ow\u0105 ilo\u015b\u0107 \u0142oju, dobrze reaguje na kosmetyki i warunki atmosferyczne,<\/strong> a z jego piel\u0119gnacj\u0105 nie ma \u017cadnych k\u0142opot\u00f3w. Niestety rzadko wyst\u0119puje u os\u00f3b doros\u0142ych &#8211; najcz\u0119\u015bciej zdarza si\u0119 u dzieci, jednak w okresie dojrzewania zmienia si\u0119 w inny typ cery.<\/p>\n","protected":false},"excerpt":{"rendered":"<p>Czy naprawd\u0119 wszyscy wiemy, jaki mamy rodzaj cery? Nawet je\u015bli kiedy\u015b uda\u0142o nam si\u0119 to ustali\u0107, wcale nie musi to oznacza\u0107, \u017ce nadal jest ona taka sama jak jeszcze kilka lat temu. Cho\u0107 rodzaj cery ma genetyczne uwarunkowanie, bywa \u017ce zmienia si\u0119 pod wp\u0142ywem r\u00f3\u017cnorakich czynnik\u00f3w zewn\u0119trznych. Jak wi\u0119c mo\u017cna okre\u015bli\u0107 sw\u00f3j aktualny typ i [&hellip;]<\/p>\n","protected":false},"author":2,"featured_media":5635,"comment_status":"open","ping_status":"open","sticky":false,"template":"","format":"standard","meta":{"_et_pb_use_builder":"","_et_pb_old_content":"","_et_gb_content_width":"","footnotes":""},"categories":[185],"tags":[],"class_list":["post-5634","post","type-post","status-publish","format-standard","has-post-thumbnail","hentry","category-codzienna-pielegnacja","et-has-post-format-content","et_post_format-et-post-format-standard"],"_links":{"self":[{"href":"https:\/\/neness.pl\/blog\/wp-json\/wp\/v2\/posts\/5634","targetHints":{"allow":["GET"]}}],"collection":[{"href":"https:\/\/neness.pl\/blog\/wp-json\/wp\/v2\/posts"}],"about":[{"href":"https:\/\/neness.pl\/blog\/wp-json\/wp\/v2\/types\/post"}],"author":[{"embeddable":true,"href":"https:\/\/neness.pl\/blog\/wp-json\/wp\/v2\/users\/2"}],"replies":[{"embeddable":true,"href":"https:\/\/neness.pl\/blog\/wp-json\/wp\/v2\/comments?post=5634"}],"version-history":[{"count":0,"href":"https:\/\/neness.pl\/blog\/wp-json\/wp\/v2\/posts\/5634\/revisions"}],"wp:featuredmedia":[{"embeddable":true,"href":"https:\/\/neness.pl\/blog\/wp-json\/wp\/v2\/media\/5635"}],"wp:attachment":[{"href":"https:\/\/neness.pl\/blog\/wp-json\/wp\/v2\/media?parent=5634"}],"wp:term":[{"taxonomy":"category","embeddable":true,"href":"https:\/\/neness.pl\/blog\/wp-json\/wp\/v2\/categories?post=5634"},{"taxonomy":"post_tag","embeddable":true,"href":"https:\/\/neness.pl\/blog\/wp-json\/wp\/v2\/tags?post=5634"}],"curies":[{"name":"wp","href":"https:\/\/api.w.org\/{rel}","templated":true}]}}