{"id":5612,"date":"2019-03-18T14:32:33","date_gmt":"2019-03-18T13:32:33","guid":{"rendered":"http:\/\/ranking-kosmetykow.pl\/?p=5612"},"modified":"2019-03-18T14:32:33","modified_gmt":"2019-03-18T13:32:33","slug":"negative-space-nowy-trend-w-koloryzacji-wlosow","status":"publish","type":"post","link":"https:\/\/neness.pl\/blog\/negative-space-nowy-trend-w-koloryzacji-wlosow\/","title":{"rendered":"Negative space &#8211; nowy trend w koloryzacji w\u0142os\u00f3w"},"content":{"rendered":"<p>Ka\u017cdego roku pojawia si\u0119 mn\u00f3stwo nowych trend\u00f3w w koloryzacji w\u0142os\u00f3w. Jedne z nich pozostaj\u0105 z nami na d\u0142u\u017cej, jak popularne swego czasu ombre czy jego bardziej stonowana wersja &#8211; sombre, inne przemijaj\u0105 niemal bez echa. W tym roku styli\u015bci lansuj\u0105 technik\u0119 farbowania zwan\u0105 <strong>Negative Space.<\/strong> Czy zyska ona tak\u0105 sam\u0105 popularno\u015b\u0107 jak jej poprzedniczki?<!--more--><\/p>\n<h3>Negative space &#8211; co to takiego?<\/h3>\n<p>Negative space to trend bazuj\u0105cy na popularnej swego czasu czasu technice koloryzacji zwanej <strong>balayage.<\/strong> S\u0105 jednak oczywi\u015bcie ogromne r\u00f3\u017cnice w wykonywaniu jednego i drugiego zabiegu. Tradycyjny balayage polega\u0142 na malowaniu <strong>na ca\u0142ej d\u0142ugo\u015bci w\u0142os\u00f3w<\/strong> pasemek w ciemniejszym lub ja\u015bniejszym kolorze ni\u017c naturalne w\u0142osy danej osoby. Cz\u0119sto farba by\u0142a tutaj dobierana w taki spos\u00f3b, by jak najbardziej z nimi kontrastowa\u0142a, co tworzy\u0142o nienaturalny, nachalny efekt.<br \/>\nNegative Space ma za\u015b by\u0107 jak najbardziej naturalny. Ta technika r\u00f3wnie\u017c bazuje na tworzeniu pasemek na ca\u0142ej d\u0142ugo\u015bci w\u0142osa &#8211; w przeciwie\u0144stwie do ombre i sombre &#8211; jednak tutaj kolor powinien<strong> jak najlepiej wsp\u00f3\u0142gra\u0107 z naturalnym odcieniem w\u0142os\u00f3w klientki.<\/strong> Nie mo\u017ce r\u00f3\u017cni\u0107 si\u0119 od niego\u00a0 o wi\u0119cej ni\u017c <strong>2-3 tony.<\/strong> Same pasemka za\u015b wykonuje si\u0119 nie na ca\u0142ej d\u0142ugo\u015bci, ale <strong>jedynie na przednich pasmach w\u0142os\u00f3w<\/strong> &#8211; tych najbli\u017cej twarzy.<\/p>\n<div id=\"attachment_5614\" style=\"width: 260px\" class=\"wp-caption aligncenter\"><a href=\"https:\/\/neness.pl\/pl\/p\/Natura-Siberica-Fresh-Spa-Szampon-do-Wlosow-Farbowanych\/5251\"><img loading=\"lazy\" decoding=\"async\" aria-describedby=\"caption-attachment-5614\" class=\"wp-image-5614\" src=\"http:\/\/ranking-kosmetykow.pl\/wp-content\/uploads\/2019\/03\/56dcd8980248247fff45b3a524ebc037.jpg\" alt=\"\" width=\"250\" height=\"286\" srcset=\"https:\/\/neness.pl\/blog\/wp-content\/uploads\/2019\/03\/56dcd8980248247fff45b3a524ebc037.jpg 385w, https:\/\/neness.pl\/blog\/wp-content\/uploads\/2019\/03\/56dcd8980248247fff45b3a524ebc037-263x300.jpg 263w\" sizes=\"auto, (max-width: 250px) 100vw, 250px\" \/><\/a><p id=\"caption-attachment-5614\" class=\"wp-caption-text\">Natura Siberica Fresh Spa Szampon do W\u0142os\u00f3w Farbowanych \/ 27,90 z\u0142<\/p><\/div>\n<h3>Komu pasuje Negative Space?<\/h3>\n<p>Negative Space \u015bwietnie wygl\u0105da u wszystkich kobiet, niezale\u017cnie od koloru w\u0142os\u00f3w. R\u00f3wnie dobry efekt daje u blondynek i szatynek, co u rudych i brunetek. \u015awietnie<strong> rozja\u015bnia i odm\u0142adza twarz,<\/strong> sprawiaj\u0105c, \u017ce wygl\u0105da na bardziej promienn\u0105 i wypocz\u0119t\u0105. T\u0105 metod\u0105 koloryzacji powinny si\u0119 jednak przede wszystkim zainteresowa\u0107 te osoby, kt\u00f3re maj\u0105 z natury <strong>cienkie w\u0142osy.<\/strong> G\u0142\u00f3wnym zadaniem pasemek jest bowiem <strong>optyczne powi\u0119kszenie obj\u0119to\u015bci w\u0142os\u00f3w<\/strong> i nadanie im lekko\u015bci.<\/p>\n<h3>Trend dla zabieganych<\/h3>\n<p>O popularno\u015bci Negative Space na pewno decyduje g\u0142\u00f3wnie to, \u017ce daje na w\u0142osach naprawd\u0119 <strong>spektakularny efekt.<\/strong> Jednak wymieniaj\u0105c jego zalety, nale\u017cy te\u017c wspomnie\u0107 o tym, \u017ce jest to technika koloryzacji idealna dla os\u00f3b <strong>zabieganych i zapracowanych,<\/strong> kt\u00f3re nie mog\u0105 pozwoli\u0107 sobie na regularne wizyty u fryzjera. Dobrze wykonany Negative Space nie musi by\u0107 poprawiany przez wiele tygodni i nadal wygl\u0105da \u015bwietnie. Jest to <strong>korzystne<\/strong> r\u00f3wnie\u017c <strong>dla w\u0142os\u00f3w<\/strong> &#8211; w ko\u0144cu im rzadziej nara\u017camy je na farbowanie, tym mniej si\u0119 one niszcz\u0105.<\/p>\n","protected":false},"excerpt":{"rendered":"<p>Ka\u017cdego roku pojawia si\u0119 mn\u00f3stwo nowych trend\u00f3w w koloryzacji w\u0142os\u00f3w. Jedne z nich pozostaj\u0105 z nami na d\u0142u\u017cej, jak popularne swego czasu ombre czy jego bardziej stonowana wersja &#8211; sombre, inne przemijaj\u0105 niemal bez echa. W tym roku styli\u015bci lansuj\u0105 technik\u0119 farbowania zwan\u0105 Negative Space. Czy zyska ona tak\u0105 sam\u0105 popularno\u015b\u0107 jak jej poprzedniczki?<\/p>\n","protected":false},"author":2,"featured_media":5613,"comment_status":"open","ping_status":"open","sticky":false,"template":"","format":"standard","meta":{"_et_pb_use_builder":"","_et_pb_old_content":"","_et_gb_content_width":"","footnotes":""},"categories":[6,48],"tags":[],"class_list":["post-5612","post","type-post","status-publish","format-standard","has-post-thumbnail","hentry","category-trendy","category-wlosy-idealne","et-has-post-format-content","et_post_format-et-post-format-standard"],"_links":{"self":[{"href":"https:\/\/neness.pl\/blog\/wp-json\/wp\/v2\/posts\/5612","targetHints":{"allow":["GET"]}}],"collection":[{"href":"https:\/\/neness.pl\/blog\/wp-json\/wp\/v2\/posts"}],"about":[{"href":"https:\/\/neness.pl\/blog\/wp-json\/wp\/v2\/types\/post"}],"author":[{"embeddable":true,"href":"https:\/\/neness.pl\/blog\/wp-json\/wp\/v2\/users\/2"}],"replies":[{"embeddable":true,"href":"https:\/\/neness.pl\/blog\/wp-json\/wp\/v2\/comments?post=5612"}],"version-history":[{"count":0,"href":"https:\/\/neness.pl\/blog\/wp-json\/wp\/v2\/posts\/5612\/revisions"}],"wp:featuredmedia":[{"embeddable":true,"href":"https:\/\/neness.pl\/blog\/wp-json\/wp\/v2\/media\/5613"}],"wp:attachment":[{"href":"https:\/\/neness.pl\/blog\/wp-json\/wp\/v2\/media?parent=5612"}],"wp:term":[{"taxonomy":"category","embeddable":true,"href":"https:\/\/neness.pl\/blog\/wp-json\/wp\/v2\/categories?post=5612"},{"taxonomy":"post_tag","embeddable":true,"href":"https:\/\/neness.pl\/blog\/wp-json\/wp\/v2\/tags?post=5612"}],"curies":[{"name":"wp","href":"https:\/\/api.w.org\/{rel}","templated":true}]}}