{"id":5565,"date":"2019-02-27T13:54:02","date_gmt":"2019-02-27T12:54:02","guid":{"rendered":"http:\/\/ranking-kosmetykow.pl\/?p=5565"},"modified":"2019-02-27T13:54:02","modified_gmt":"2019-02-27T12:54:02","slug":"najmodniejsze-kolory-wlosow-na-wiosne-2019","status":"publish","type":"post","link":"https:\/\/neness.pl\/blog\/najmodniejsze-kolory-wlosow-na-wiosne-2019\/","title":{"rendered":"Najmodniejsze kolory w\u0142os\u00f3w na wiosn\u0119 2019"},"content":{"rendered":"<p>Zbli\u017caj\u0105ca si\u0119 wiosna to dobra okazja do tego, by zmieni\u0107 co\u015b w swoim wizerunku &#8211; na przyk\u0142ad postawi\u0107 na zupe\u0142nie nowy kolor w\u0142os\u00f3w. A w tym sezonie w trendach dotycz\u0105cych koloryzacji dzieje si\u0119 naprawd\u0119 du\u017co. Zobaczcie, jakie w\u0142osy b\u0119d\u0105 hitem w nadchodz\u0105cych miesi\u0105cach.<!--more--><\/p>\n<h3>Wielki powr\u00f3t skrajno\u015bci<\/h3>\n<p>Jeszcze niedawno styli\u015bci lansowali naturalne kolory i \u0142agodne przej\u015bcia, ale dzi\u015b powracaj\u0105 kolory, o kt\u00f3rych my\u015bleli\u015bmy, \u017ce bezpowrotnie odesz\u0142y do lamusa. Wiosn\u0105 ponownie rz\u0105dzi\u0107 b\u0119dzie na przyk\u0142ad <strong>platynowy blond<\/strong>, kt\u00f3ry jeszcze niedawno uwa\u017cany by\u0142 za kwintesencj\u0119 kiczu. T\u0119 mod\u0119 ju\u017c teraz lansuj\u0105 gwiazdy na czerwonych dywanach &#8211; fryzur\u0119 tego typu zafundowa\u0142 sobie nawet Zac Efron! Platynowy blond tej wiosny dopuszczalny jest nawet z odrostami! Opr\u00f3cz tego wr\u00f3ci do \u0142ask tak\u017ce <strong>smolista czer\u0144<\/strong> w stylu Morticii Addams! G\u0142\u0119boki czarny kolor najlepiej b\u0119dzie prezentowa\u0142 si\u0119 z mocnymi akcentami w makija\u017cu.<\/p>\n<div id=\"attachment_5568\" style=\"width: 210px\" class=\"wp-caption aligncenter\"><a href=\"https:\/\/neness.pl\/pl\/p\/Natura-Estonica-Szampon-do-Wlosow-Farbowanych\/5288\"><img loading=\"lazy\" decoding=\"async\" aria-describedby=\"caption-attachment-5568\" class=\"wp-image-5568\" src=\"http:\/\/ranking-kosmetykow.pl\/wp-content\/uploads\/2019\/02\/58d932399e37d94929adfaa1120abf6c.jpg.png\" alt=\"\" width=\"200\" height=\"372\" srcset=\"https:\/\/neness.pl\/blog\/wp-content\/uploads\/2019\/02\/58d932399e37d94929adfaa1120abf6c.jpg.png 340w, https:\/\/neness.pl\/blog\/wp-content\/uploads\/2019\/02\/58d932399e37d94929adfaa1120abf6c.jpg-161x300.png 161w\" sizes=\"auto, (max-width: 200px) 100vw, 200px\" \/><\/a><p id=\"caption-attachment-5568\" class=\"wp-caption-text\">Natura Estonica Szampon do W\u0142os\u00f3w Farbowanych \/ 12,90 z\u0142<\/p><\/div>\n<h3>Co\u015b dla rudych<\/h3>\n<p>W tym sezonie pojawi si\u0119 r\u00f3wnie\u017c co\u015b dla wielbicielek rudych odcieni. Wiosn\u0105 zrezygnujemy jednak z intensywnych, ognistych rudo\u015bci, za to skupimy si\u0119 na <strong>nieco przygaszonych, wr\u0119cz kasztanowych odcieniach.<\/strong> Rudy pojawi si\u0119 jednak r\u00f3wnie\u017c w formie <strong>delikatnych refleks\u00f3w<\/strong> na ju\u017c wspomnianej czerni &#8211; takie po\u0142\u0105czenie daje ciep\u0142y, bardzo interesuj\u0105cy efekt.<\/p>\n<h3>A mo\u017ce odrobina szale\u0144stwa?<\/h3>\n<p>Wiosna b\u0119dzie te\u017c czasem eksperyment\u00f3w z naprawd\u0119 szalonymi odcieniami. B\u0119dziemy mog\u0142y pozwoli\u0107 sobie na fryzur\u0119 w kolorze <strong>intensywnego<\/strong> <strong>r\u00f3\u017cu, purpury,<\/strong> a nawet <strong>pomara\u0144czow\u0105!<\/strong> Na tapecie pojawi si\u0119 tak\u017ce <strong>ognista czerwie\u0144.<\/strong> W tym sezonie b\u0119dziemy wi\u0119c barwne jak motyle i tylko nasza wyobra\u017ania b\u0119dzie nas ogranicza\u0107!<\/p>\n<h3>Smoked Marshmallow<\/h3>\n<p>Dla tych, kt\u00f3rzy wol\u0105 cieniowane fryzury, projektanci przewidzieli za\u015b w\u0142osy <strong>smoked marshmallow.<\/strong> To fryzura o tyle wygodna, \u017ce nie wymaga przejmowania si\u0119 odrostami. W tym przypadku w\u0142osy farbuje si\u0119<strong> trzema odcieniami br\u0105zu<\/strong> i uzupe\u0142nia <strong>ja\u015bniejszym tonem<\/strong> na ko\u0144c\u00f3wkach. Ca\u0142o\u015b\u0107 ma sprawia\u0107 jak najbardziej naturalne wra\u017cenie, a przej\u015bcia powinny by\u0107 niemal niezauwa\u017calne. Taka fryzura, je\u015bli jest dobrze wykonana, mo\u017ce obej\u015b\u0107 si\u0119 bez poprawek przez ca\u0142e tygodnie, jest wi\u0119c idealna dla tych, kt\u00f3rzy nie maj\u0105 czasu na cz\u0119ste wizyty u fryzjera.<\/p>\n","protected":false},"excerpt":{"rendered":"<p>Zbli\u017caj\u0105ca si\u0119 wiosna to dobra okazja do tego, by zmieni\u0107 co\u015b w swoim wizerunku &#8211; na przyk\u0142ad postawi\u0107 na zupe\u0142nie nowy kolor w\u0142os\u00f3w. A w tym sezonie w trendach dotycz\u0105cych koloryzacji dzieje si\u0119 naprawd\u0119 du\u017co. Zobaczcie, jakie w\u0142osy b\u0119d\u0105 hitem w nadchodz\u0105cych miesi\u0105cach.<\/p>\n","protected":false},"author":2,"featured_media":5566,"comment_status":"open","ping_status":"open","sticky":false,"template":"","format":"standard","meta":{"_et_pb_use_builder":"","_et_pb_old_content":"","_et_gb_content_width":"","footnotes":""},"categories":[6],"tags":[],"class_list":["post-5565","post","type-post","status-publish","format-standard","has-post-thumbnail","hentry","category-trendy","et-has-post-format-content","et_post_format-et-post-format-standard"],"_links":{"self":[{"href":"https:\/\/neness.pl\/blog\/wp-json\/wp\/v2\/posts\/5565","targetHints":{"allow":["GET"]}}],"collection":[{"href":"https:\/\/neness.pl\/blog\/wp-json\/wp\/v2\/posts"}],"about":[{"href":"https:\/\/neness.pl\/blog\/wp-json\/wp\/v2\/types\/post"}],"author":[{"embeddable":true,"href":"https:\/\/neness.pl\/blog\/wp-json\/wp\/v2\/users\/2"}],"replies":[{"embeddable":true,"href":"https:\/\/neness.pl\/blog\/wp-json\/wp\/v2\/comments?post=5565"}],"version-history":[{"count":0,"href":"https:\/\/neness.pl\/blog\/wp-json\/wp\/v2\/posts\/5565\/revisions"}],"wp:featuredmedia":[{"embeddable":true,"href":"https:\/\/neness.pl\/blog\/wp-json\/wp\/v2\/media\/5566"}],"wp:attachment":[{"href":"https:\/\/neness.pl\/blog\/wp-json\/wp\/v2\/media?parent=5565"}],"wp:term":[{"taxonomy":"category","embeddable":true,"href":"https:\/\/neness.pl\/blog\/wp-json\/wp\/v2\/categories?post=5565"},{"taxonomy":"post_tag","embeddable":true,"href":"https:\/\/neness.pl\/blog\/wp-json\/wp\/v2\/tags?post=5565"}],"curies":[{"name":"wp","href":"https:\/\/api.w.org\/{rel}","templated":true}]}}