{"id":5541,"date":"2019-02-19T15:05:52","date_gmt":"2019-02-19T14:05:52","guid":{"rendered":"http:\/\/ranking-kosmetykow.pl\/?p=5541"},"modified":"2019-02-19T15:05:52","modified_gmt":"2019-02-19T14:05:52","slug":"miod-w-kosmetyce","status":"publish","type":"post","link":"https:\/\/neness.pl\/blog\/miod-w-kosmetyce\/","title":{"rendered":"Mi\u00f3d w kosmetyce"},"content":{"rendered":"<p>Nie od dzi\u015b wiadomo, \u017ce mi\u00f3d jest nie tylko wa\u017cnym produktem spo\u017cywczym, ale te\u017c znakomitym <strong>naturalnym kosmetykiem.<\/strong> Pono\u0107 jego dzia\u0142anie piel\u0119gnacyjne docenia\u0142a sama <strong>Kleopatra!<\/strong> Dzi\u015b popularno\u015b\u0107 miodu w kosmetyce jest ogromna &#8211; staje si\u0119 on sk\u0142adnikiem r\u00f3\u017cnorakich kosmetyk\u00f3w, ale nie brakuje tak\u017ce przepis\u00f3w, kt\u00f3re radz\u0105, jak wykorzysta\u0107 go w czystej postaci. Co jest szczeg\u00f3lnego w miodzie, \u017ce zdoby\u0142 on tak wielkie uznanie?<!--more--><\/p>\n<h3>Pomoc dla odwodnionej sk\u00f3ry<\/h3>\n<p>Przede wszystkim mi\u00f3d ma <strong>w\u0142a\u015bciwo\u015bci nawil\u017caj\u0105ce<\/strong>, jest wi\u0119c idealnym sk\u0142adnikiem wszystkich kosmetyk\u00f3w do sk\u00f3ry suchej &#8211; od\u017cywia j\u0105, poprawia koloryt, regeneruje i sprawia, \u017ce staje si\u0119 bardziej elastyczna. Dzia\u0142a tak\u017ce <strong>prewencyjnie<\/strong> &#8211; znakomicie chroni przed szkodliwym wp\u0142ywem s\u0142o\u0144ca, wiatru i innych czynnik\u00f3w zewn\u0119trznych. Cz\u0119sto znajduje si\u0119 wi\u0119c w <strong>kosmetykach<\/strong> <strong>przeznaczonych na zim\u0119,<\/strong> kiedy to warunki atmosferyczne zdecydowanie nie rozpieszczaj\u0105 sk\u00f3ry.<\/p>\n<div id=\"attachment_5543\" style=\"width: 360px\" class=\"wp-caption aligncenter\"><a href=\"https:\/\/neness.pl\/organic-shop-odzywka-do-wlosow-delikatna-pielegnacja-miod-i-winogrona-280ml\"><img loading=\"lazy\" decoding=\"async\" aria-describedby=\"caption-attachment-5543\" class=\"wp-image-5543\" src=\"http:\/\/ranking-kosmetykow.pl\/wp-content\/uploads\/2019\/02\/690e5e95a57c537871f8a0701d28ec19.jpg\" alt=\"\" width=\"350\" height=\"467\" srcset=\"https:\/\/neness.pl\/blog\/wp-content\/uploads\/2019\/02\/690e5e95a57c537871f8a0701d28ec19.jpg 750w, https:\/\/neness.pl\/blog\/wp-content\/uploads\/2019\/02\/690e5e95a57c537871f8a0701d28ec19-225x300.jpg 225w, https:\/\/neness.pl\/blog\/wp-content\/uploads\/2019\/02\/690e5e95a57c537871f8a0701d28ec19-610x813.jpg 610w\" sizes=\"auto, (max-width: 350px) 100vw, 350px\" \/><\/a><p id=\"caption-attachment-5543\" class=\"wp-caption-text\">Organic Shop Od\u017cywka do W\u0142os\u00f3w Delikatna Piel\u0119gnacja, Mi\u00f3d i Winogrona, 280ml \/ 8,90 z\u0142<\/p><\/div>\n<h3>Pi\u0119kne, l\u015bni\u0105ce w\u0142osy<\/h3>\n<p>Mi\u00f3d jest \u017ar\u00f3d\u0142em wielu <strong>cennych sk\u0142adnik\u00f3w.<\/strong> Znajdziemy w nim witamin\u0119 C, E i A, kwas foliowy, biotyn\u0119, potas, magnez, \u017celazo, wap\u0144 i wiele innych mikroelement\u00f3w. Sprawia to, \u017ce staje si\u0119 wyj\u0105tkowo po\u017c\u0105dany w kosmetykach <strong>do w\u0142os\u00f3w zniszczonych i suchych.<\/strong> Wszystkie panie, kt\u00f3re borykaj\u0105 si\u0119 z podobnym problemem, powinny poszuka\u0107 na drogeryjnych p\u00f3\u0142kach <strong>szampon\u00f3w<\/strong> i <strong>od\u017cywek<\/strong> z miodem albo postawi\u0107 na <strong>domow\u0105 miodow\u0105 mask\u0119.<\/strong> Najlepiej sprawdza si\u0119 tutaj mi\u00f3d zmieszany z oliw\u0105 z oliwek nak\u0142adany na w\u0142osy na oko\u0142o p\u00f3\u0142 godziny przed planowanym myciem w\u0142os\u00f3w.<\/p>\n<h3>W walce z tr\u0105dzikiem<\/h3>\n<p>Po kosmetyki z miodem \u015bmia\u0142o mog\u0105 te\u017c si\u0119ga\u0107 osoby, kt\u00f3re maj\u0105 cer\u0119 tr\u0105dzikow\u0105. Substancja ta ma dzia\u0142anie <strong>przeciwzapalne<\/strong> i <strong>bakteriob\u00f3jcze<\/strong>, dodatkowo za\u015b <strong>przyspiesza gojenie si\u0119 ran<\/strong>, dzi\u0119ki czemu pomaga szybko pozby\u0107 si\u0119 nieestetycznych wyprysk\u00f3w. To jednak nie jedyny wp\u0142yw kosmetyk\u00f3w z miodem na cer\u0119 z problemami &#8211; zmniejszaj\u0105 one te\u017c ryzyko powstawania blizn potr\u0105dzikowych i pomagaj\u0105 pozby\u0107 si\u0119 ju\u017c istniej\u0105cych.<\/p>\n<div id=\"attachment_5544\" style=\"width: 360px\" class=\"wp-caption aligncenter\"><a href=\"https:\/\/neness.pl\/organic-shop-odzywczy-mus-do-ciala-migdaly--miod-450ml\"><img loading=\"lazy\" decoding=\"async\" aria-describedby=\"caption-attachment-5544\" class=\"wp-image-5544\" src=\"http:\/\/ranking-kosmetykow.pl\/wp-content\/uploads\/2019\/02\/e65fc7aa5678e6e68a2bd3a88fb3b0aa.jpg\" alt=\"\" width=\"350\" height=\"467\" srcset=\"https:\/\/neness.pl\/blog\/wp-content\/uploads\/2019\/02\/e65fc7aa5678e6e68a2bd3a88fb3b0aa.jpg 750w, https:\/\/neness.pl\/blog\/wp-content\/uploads\/2019\/02\/e65fc7aa5678e6e68a2bd3a88fb3b0aa-225x300.jpg 225w, https:\/\/neness.pl\/blog\/wp-content\/uploads\/2019\/02\/e65fc7aa5678e6e68a2bd3a88fb3b0aa-610x813.jpg 610w\" sizes=\"auto, (max-width: 350px) 100vw, 350px\" \/><\/a><p id=\"caption-attachment-5544\" class=\"wp-caption-text\">Organic Shop Od\u017cywczy Mus do Cia\u0142a Migda\u0142y &amp; Mi\u00f3d 450ml \/ 21,40 z\u0142<\/p><\/div>\n<p>Na tr\u0105dzik dzia\u0142a tak\u017ce mi\u00f3d w czystej postaci. Wystarczy na\u0142o\u017cy\u0107 odrobin\u0119 tego specyfiku na wyprysk, a nast\u0119pnie zaklei\u0107 plastrem i pozostawi\u0107 na<strong> 15-20 minut.<\/strong> Potem nale\u017cy zmy\u0107 go zimn\u0105 wod\u0105.<\/p>\n<h3>Uwaga!<\/h3>\n<p>Mi\u00f3d ma silne <strong>dzia\u0142anie uczulaj\u0105ce<\/strong>, dlatego zanim zdecydujemy si\u0119 na u\u017cycie kosmetyku z miodem lub domowego specyfiku na bazie tej substancji powinni\u015bmy przeprowadzi\u0107 <strong>pr\u00f3b\u0119 uczuleniow\u0105<\/strong> i skontrolowa\u0107 reakcj\u0119 sk\u00f3ry na ten sk\u0142adnik.<\/p>\n<p>&nbsp;<\/p>\n","protected":false},"excerpt":{"rendered":"<p>Nie od dzi\u015b wiadomo, \u017ce mi\u00f3d jest nie tylko wa\u017cnym produktem spo\u017cywczym, ale te\u017c znakomitym naturalnym kosmetykiem. Pono\u0107 jego dzia\u0142anie piel\u0119gnacyjne docenia\u0142a sama Kleopatra! Dzi\u015b popularno\u015b\u0107 miodu w kosmetyce jest ogromna &#8211; staje si\u0119 on sk\u0142adnikiem r\u00f3\u017cnorakich kosmetyk\u00f3w, ale nie brakuje tak\u017ce przepis\u00f3w, kt\u00f3re radz\u0105, jak wykorzysta\u0107 go w czystej postaci. Co jest szczeg\u00f3lnego w [&hellip;]<\/p>\n","protected":false},"author":2,"featured_media":5542,"comment_status":"open","ping_status":"open","sticky":false,"template":"","format":"standard","meta":{"_et_pb_use_builder":"","_et_pb_old_content":"","_et_gb_content_width":"","footnotes":""},"categories":[185],"tags":[],"class_list":["post-5541","post","type-post","status-publish","format-standard","has-post-thumbnail","hentry","category-codzienna-pielegnacja","et-has-post-format-content","et_post_format-et-post-format-standard"],"_links":{"self":[{"href":"https:\/\/neness.pl\/blog\/wp-json\/wp\/v2\/posts\/5541","targetHints":{"allow":["GET"]}}],"collection":[{"href":"https:\/\/neness.pl\/blog\/wp-json\/wp\/v2\/posts"}],"about":[{"href":"https:\/\/neness.pl\/blog\/wp-json\/wp\/v2\/types\/post"}],"author":[{"embeddable":true,"href":"https:\/\/neness.pl\/blog\/wp-json\/wp\/v2\/users\/2"}],"replies":[{"embeddable":true,"href":"https:\/\/neness.pl\/blog\/wp-json\/wp\/v2\/comments?post=5541"}],"version-history":[{"count":0,"href":"https:\/\/neness.pl\/blog\/wp-json\/wp\/v2\/posts\/5541\/revisions"}],"wp:featuredmedia":[{"embeddable":true,"href":"https:\/\/neness.pl\/blog\/wp-json\/wp\/v2\/media\/5542"}],"wp:attachment":[{"href":"https:\/\/neness.pl\/blog\/wp-json\/wp\/v2\/media?parent=5541"}],"wp:term":[{"taxonomy":"category","embeddable":true,"href":"https:\/\/neness.pl\/blog\/wp-json\/wp\/v2\/categories?post=5541"},{"taxonomy":"post_tag","embeddable":true,"href":"https:\/\/neness.pl\/blog\/wp-json\/wp\/v2\/tags?post=5541"}],"curies":[{"name":"wp","href":"https:\/\/api.w.org\/{rel}","templated":true}]}}