{"id":5534,"date":"2019-02-15T14:22:03","date_gmt":"2019-02-15T13:22:03","guid":{"rendered":"http:\/\/ranking-kosmetykow.pl\/?p=5534"},"modified":"2019-02-15T14:22:03","modified_gmt":"2019-02-15T13:22:03","slug":"komu-pasuje-grzywka","status":"publish","type":"post","link":"https:\/\/neness.pl\/blog\/komu-pasuje-grzywka\/","title":{"rendered":"Komu pasuje grzywka?"},"content":{"rendered":"<p>Grzywki nigdy nie wychodz\u0105 z mody. Raz kr\u00f3luj\u0105 kr\u00f3tkie i proste, kilka miesi\u0119cy p\u00f3\u017aniej hitem s\u0105 d\u0142ugie i sko\u015bnie \u015bci\u0119te, ale zawsze pojawiaj\u0105 si\u0119 jako trend na kolejny sezon. Nie warto jednak \u015blepo pod\u0105\u017ca\u0107 za mod\u0105 &#8211; grzywka nie ka\u017cdemu dodaje uroku. A najbardziej pasuj\u0105ce do nas ci\u0119cie nie zawsze musi by\u0107 tym najpopularniejszym w danym momencie. Oto kilka wskaz\u00f3wek na temat tego, kto mo\u017ce zdecydowa\u0107 si\u0119 na grzywk\u0119 i jak dobra\u0107 jej rodzaj.<!--more--><\/p>\n<h3>Kto powinien zrezygnowa\u0107 z grzywki?<\/h3>\n<p>Zacznijmy jednak od tego, kto zdecydowanie powinien odpu\u015bci\u0107 sobie grzywk\u0119. Przede wszystkim tego typu uczesanie nie pasuje osobom, kt\u00f3re maj\u0105 z natury bardzo <strong>cienkie, rzadkie w\u0142osy.<\/strong> Aby zrobi\u0107 z nich grzywk\u0119, kt\u00f3ra dobrze si\u0119 prezentuje, fryzjer musi wykorzysta\u0107 w\u0142osy cz\u0119sto nawet od po\u0142owy g\u0142owy, przez co reszta fryzury wydaje si\u0119 jeszcze <strong>mnie okaza\u0142a.<\/strong><\/p>\n<div id=\"attachment_5537\" style=\"width: 360px\" class=\"wp-caption aligncenter\"><a href=\"https:\/\/neness.pl\/dr-konopkas-regenerujaca-odzywka-do-wlosow-500ml\"><img loading=\"lazy\" decoding=\"async\" aria-describedby=\"caption-attachment-5537\" class=\"wp-image-5537\" src=\"http:\/\/ranking-kosmetykow.pl\/wp-content\/uploads\/2019\/02\/60a7860361be83bca0d815ffcd4c51d1.png\" alt=\"\" width=\"350\" height=\"467\" srcset=\"https:\/\/neness.pl\/blog\/wp-content\/uploads\/2019\/02\/60a7860361be83bca0d815ffcd4c51d1.png 750w, https:\/\/neness.pl\/blog\/wp-content\/uploads\/2019\/02\/60a7860361be83bca0d815ffcd4c51d1-225x300.png 225w, https:\/\/neness.pl\/blog\/wp-content\/uploads\/2019\/02\/60a7860361be83bca0d815ffcd4c51d1-610x813.png 610w\" sizes=\"auto, (max-width: 350px) 100vw, 350px\" \/><\/a><p id=\"caption-attachment-5537\" class=\"wp-caption-text\">Dr. Konopka&#8217;s Regeneruj\u0105ca Od\u017cywka do W\u0142os\u00f3w 500ml \/ 15,49 z\u0142<\/p><\/div>\n<p>Grzywka nie jest te\u017c dobrym rozwi\u0105zaniem w przypadku tych, kt\u00f3rzy maj\u0105<strong> sk\u0142onne do przet\u0142uszczania si\u0119 w\u0142osy.<\/strong> U nich ju\u017c po kilku godzinach fryzura mo\u017ce wygl\u0105da\u0107 na <strong>nie\u015bwie\u017c\u0105,<\/strong> a nigdzie nie rzuca si\u0119 to w oczy tak bardzo jak na grzywce. Tego typu uczesanie mo\u017ce by\u0107 niefortunnym wyborem r\u00f3wnie\u017c w przypadku os\u00f3b, kt\u00f3re maj\u0105 z natury<strong> kr\u0119cone w\u0142osy<\/strong> &#8211; wtedy fryzura jest niezwykle trudna do ujarzmienia. Jej u\u0142o\u017cenie wymaga u\u017cycia suszarki, prostownicy i kosmetyk\u00f3w do stylizacji, a efekt i tak mo\u017ce szybko zosta\u0107 zepsuty przez niesprzyjaj\u0105c\u0105 pogod\u0119.<\/p>\n<h3>Grzywka a kszta\u0142t twarzy<\/h3>\n<p>To, czy grzywka b\u0119dzie dla nas odpowiednim rozwi\u0105zaniem, zale\u017cy w du\u017cym stopniu od kszta\u0142tu naszej twarzy. Z pewno\u015bci\u0105 sprawdzi si\u0119 ona doskonale u os\u00f3b maj\u0105cych <strong>twarz pod\u0142u\u017cn\u0105.<\/strong> W tym przypadku \u0142adnie skr\u00f3ci j\u0105 optycznie, nadaj\u0105c jej lepsze proporcje. Dobrym rozwi\u0105zaniem jest tutaj zar\u00f3wno<strong> grzywka prosta<\/strong>, jak i <strong>sko\u015bna,<\/strong> a nawet <strong>p\u00f3\u0142okr\u0105g\u0142a.<\/strong><\/p>\n<p>Grzywka s\u0142u\u017cy tak\u017ce osobom, kt\u00f3re maj\u0105 <strong>nieregularne rysy<\/strong> &#8211; pomaga ona ukry\u0107 wszelkie defekty i <strong>\u0142agodzi linie twarzy.<\/strong> Przy takich rysach warto jednak zrezygnowa\u0107 z prostej grzywki na rzecz <strong>d\u0142u\u017cszej, uko\u015bnej.<\/strong> Najlepiej b\u0119dzie wygl\u0105da\u0142a, je\u015bli zdecydujemy si\u0119 na przedzia\u0142ek z boku.<\/p>\n<div id=\"attachment_5538\" style=\"width: 360px\" class=\"wp-caption aligncenter\"><a href=\"https:\/\/neness.pl\/kallos-go-go-zel-do-wlosow-styling-gel-125ml\"><img loading=\"lazy\" decoding=\"async\" aria-describedby=\"caption-attachment-5538\" class=\"wp-image-5538\" src=\"http:\/\/ranking-kosmetykow.pl\/wp-content\/uploads\/2019\/02\/aedf9a031f92361f1b6ebca9983d0375.jpg\" alt=\"\" width=\"350\" height=\"467\" srcset=\"https:\/\/neness.pl\/blog\/wp-content\/uploads\/2019\/02\/aedf9a031f92361f1b6ebca9983d0375.jpg 750w, https:\/\/neness.pl\/blog\/wp-content\/uploads\/2019\/02\/aedf9a031f92361f1b6ebca9983d0375-225x300.jpg 225w, https:\/\/neness.pl\/blog\/wp-content\/uploads\/2019\/02\/aedf9a031f92361f1b6ebca9983d0375-610x813.jpg 610w\" sizes=\"auto, (max-width: 350px) 100vw, 350px\" \/><\/a><p id=\"caption-attachment-5538\" class=\"wp-caption-text\">Kallos Go Go \u017bel do W\u0142os\u00f3w Styling Gel 125ml \/ 5,50 z\u0142<\/p><\/div>\n<p>Osoby, kt\u00f3re maj\u0105 bardzo <strong>wyra\u017anie zarysowan\u0105, spiczast\u0105 brod\u0119,<\/strong> mog\u0105 za to zdecydowa\u0107 si\u0119 na grzywk\u0119 prost\u0105. Najlepiej w ich przypadku wygl\u0105da<strong> g\u0142adka<\/strong> i stosunkowo <strong>d\u0142uga<\/strong> &#8211; a\u017c do linii brwi. Taki typ uczesania skupia uwag\u0119 na g\u00f3rnych partiach twarzy i odci\u0105ga wzrok od brody. Grzywka to tak\u017ce \u015bwietne rozwi\u0105zanie w przypadku os\u00f3b, kt\u00f3re maj\u0105 <strong>du\u017c\u0105, kwadratow\u0105 szcz\u0119k\u0119.<\/strong> D\u0142uga i uko\u015bnie \u015bci\u0119ta potrafi z\u0142agodzi\u0107 rysy, wysmukli\u0107 twarz i uczyni\u0107 j\u0105 bardziej proporcjonaln\u0105. Z tego typu uczesania powinny za to <strong>zrezygnowa\u0107<\/strong> osoby maj\u0105ce <strong>okr\u0105g\u0142\u0105 twarz.<\/strong> Nawet je\u015bli s\u0105 z natury bardzo szczup\u0142e, sprawi to wra\u017cenie, \u017ce ich policzki s\u0105 puco\u0142owate.<\/p>\n","protected":false},"excerpt":{"rendered":"<p>Grzywki nigdy nie wychodz\u0105 z mody. Raz kr\u00f3luj\u0105 kr\u00f3tkie i proste, kilka miesi\u0119cy p\u00f3\u017aniej hitem s\u0105 d\u0142ugie i sko\u015bnie \u015bci\u0119te, ale zawsze pojawiaj\u0105 si\u0119 jako trend na kolejny sezon. Nie warto jednak \u015blepo pod\u0105\u017ca\u0107 za mod\u0105 &#8211; grzywka nie ka\u017cdemu dodaje uroku. A najbardziej pasuj\u0105ce do nas ci\u0119cie nie zawsze musi by\u0107 tym najpopularniejszym w [&hellip;]<\/p>\n","protected":false},"author":2,"featured_media":5539,"comment_status":"open","ping_status":"open","sticky":false,"template":"","format":"standard","meta":{"_et_pb_use_builder":"","_et_pb_old_content":"","_et_gb_content_width":"","footnotes":""},"categories":[48],"tags":[],"class_list":["post-5534","post","type-post","status-publish","format-standard","has-post-thumbnail","hentry","category-wlosy-idealne","et-has-post-format-content","et_post_format-et-post-format-standard"],"_links":{"self":[{"href":"https:\/\/neness.pl\/blog\/wp-json\/wp\/v2\/posts\/5534","targetHints":{"allow":["GET"]}}],"collection":[{"href":"https:\/\/neness.pl\/blog\/wp-json\/wp\/v2\/posts"}],"about":[{"href":"https:\/\/neness.pl\/blog\/wp-json\/wp\/v2\/types\/post"}],"author":[{"embeddable":true,"href":"https:\/\/neness.pl\/blog\/wp-json\/wp\/v2\/users\/2"}],"replies":[{"embeddable":true,"href":"https:\/\/neness.pl\/blog\/wp-json\/wp\/v2\/comments?post=5534"}],"version-history":[{"count":0,"href":"https:\/\/neness.pl\/blog\/wp-json\/wp\/v2\/posts\/5534\/revisions"}],"wp:featuredmedia":[{"embeddable":true,"href":"https:\/\/neness.pl\/blog\/wp-json\/wp\/v2\/media\/5539"}],"wp:attachment":[{"href":"https:\/\/neness.pl\/blog\/wp-json\/wp\/v2\/media?parent=5534"}],"wp:term":[{"taxonomy":"category","embeddable":true,"href":"https:\/\/neness.pl\/blog\/wp-json\/wp\/v2\/categories?post=5534"},{"taxonomy":"post_tag","embeddable":true,"href":"https:\/\/neness.pl\/blog\/wp-json\/wp\/v2\/tags?post=5534"}],"curies":[{"name":"wp","href":"https:\/\/api.w.org\/{rel}","templated":true}]}}