{"id":5500,"date":"2019-02-06T13:39:25","date_gmt":"2019-02-06T12:39:25","guid":{"rendered":"http:\/\/ranking-kosmetykow.pl\/?p=5500"},"modified":"2019-02-06T13:39:25","modified_gmt":"2019-02-06T12:39:25","slug":"gliceryna-w-kosmetykach","status":"publish","type":"post","link":"https:\/\/neness.pl\/blog\/gliceryna-w-kosmetykach\/","title":{"rendered":"Gliceryna w kosmetykach"},"content":{"rendered":"<p>Gliceryna to bardzo popularny sk\u0142adnik kosmetyk\u00f3w. Jest obecna w wielu kremach do twarzy, balsamach, szminkach ochronnych i innych produktach do piel\u0119gnacji. Ale jakie jest tak naprawd\u0119 jej dzia\u0142anie? I dlaczego tak cz\u0119sto j\u0105 stosujemy?<!--more--><\/p>\n<h3>Czym jest gliceryna?<\/h3>\n<p>Gliceryna to inaczej alkohol tr\u00f3jwodorotlenowy. Jest substancj\u0105, kt\u00f3ra powstaje w procesie&#8230; produkcji myd\u0142a! Jest tam rodzajem odpadku, jednak jej dzia\u0142anie sprawia, \u017ce zdecydowanie nie jest bezwarto\u015bciowa. Ma w\u0142a\u015bciwo\u015bci silnie <strong>nawil\u017caj\u0105ce<\/strong> i <strong>zmi\u0119kczaj\u0105ce<\/strong>, a dodatkowo zapobiega wysychaniu kosmetyk\u00f3w, <strong>konserwuje<\/strong> je i <strong>pomaga<\/strong> <strong>\u0142\u0105czy\u0107<\/strong> ze sob\u0105 ich <strong>sk\u0142adniki.<\/strong> Obecnie w produktach piel\u0119gnacyjnych mo\u017cemy spotka\u0107 dwa rodzaje gliceryny \u2013 naturaln\u0105 i syntetyczn\u0105.<\/p>\n<div id=\"attachment_5502\" style=\"width: 360px\" class=\"wp-caption aligncenter\"><a href=\"https:\/\/neness.pl\/dermacol-aroma-ritual-zel-pod-prysznic-arbuz\"><img loading=\"lazy\" decoding=\"async\" aria-describedby=\"caption-attachment-5502\" class=\"wp-image-5502\" src=\"http:\/\/ranking-kosmetykow.pl\/wp-content\/uploads\/2019\/02\/3dd81ac931849fa2fe6072f96911b5e0.jpg.png\" alt=\"\" width=\"350\" height=\"467\" srcset=\"https:\/\/neness.pl\/blog\/wp-content\/uploads\/2019\/02\/3dd81ac931849fa2fe6072f96911b5e0.jpg.png 750w, https:\/\/neness.pl\/blog\/wp-content\/uploads\/2019\/02\/3dd81ac931849fa2fe6072f96911b5e0.jpg-225x300.png 225w, https:\/\/neness.pl\/blog\/wp-content\/uploads\/2019\/02\/3dd81ac931849fa2fe6072f96911b5e0.jpg-610x813.png 610w\" sizes=\"auto, (max-width: 350px) 100vw, 350px\" \/><\/a><p id=\"caption-attachment-5502\" class=\"wp-caption-text\">Dermacol Aroma Ritual \u017bel Pod Prysznic Arbuz \/ 9,90 z\u0142<\/p><\/div>\n<h3>Co mo\u017ce gliceryna?<\/h3>\n<p>Jak ju\u017c wspominali\u015bmy, gliceryna ma dzia\u0142anie nawil\u017caj\u0105ce i \u015bwietnie wi\u0105\u017ce wod\u0119 w nask\u00f3rku, dlatego jest niezast\u0105pionym sk\u0142adnikiem <strong>krem\u00f3w do cery suchej<\/strong> czy<strong> dojrza\u0142ej<\/strong> (zw\u0142aszcza, \u017ce pomaga te\u017c w transporcie substancji od\u017cywczych do g\u0142\u0119bokich warstw sk\u00f3ry). Jej dzia\u0142anie por\u00f3wnuje si\u0119 czasem nawet z dzia\u0142aniem <strong>kwasu hialuronowego!<\/strong><\/p>\n<p>Gliceryna rzadko powoduje reakcje uczuleniowe, dlatego produkty, kt\u00f3re maj\u0105 j\u0105 w sk\u0142adzie, du\u017co lepiej nadaj\u0105 si\u0119 dla <strong>alergik\u00f3w<\/strong> ni\u017c te, wykorzystuj\u0105ce<strong> parafin\u0119<\/strong> \u2013 substancj\u0119, kt\u00f3ra w niekt\u00f3rych kosmetykach pe\u0142ni podobn\u0105 do gliceryny funkcj\u0119. Sprawdza si\u0119 te\u017c w przypadku produkt\u00f3w do piel\u0119gnacji <strong>pi\u0119t<\/strong> czy <strong>\u0142okci,<\/strong> bo \u015bwietnie radzi sobie z przesuszon\u0105, zrogowacia\u0142\u0105 sk\u00f3r\u0105. Jest tak\u017ce u\u017cywana w kosmetykach na zim\u0119, bo chroni przed mrozem i wiatrem.<\/p>\n<div id=\"attachment_5503\" style=\"width: 360px\" class=\"wp-caption aligncenter\"><a href=\"https:\/\/neness.pl\/mediheal-capsule100-derm-clear-2-etapowa-maska-z-kwasem-hialuronowym\"><img loading=\"lazy\" decoding=\"async\" aria-describedby=\"caption-attachment-5503\" class=\"wp-image-5503\" src=\"http:\/\/ranking-kosmetykow.pl\/wp-content\/uploads\/2019\/02\/6210a5ea5bd1be7f076c45b16debce54.jpg\" alt=\"\" width=\"350\" height=\"467\" srcset=\"https:\/\/neness.pl\/blog\/wp-content\/uploads\/2019\/02\/6210a5ea5bd1be7f076c45b16debce54.jpg 750w, https:\/\/neness.pl\/blog\/wp-content\/uploads\/2019\/02\/6210a5ea5bd1be7f076c45b16debce54-225x300.jpg 225w, https:\/\/neness.pl\/blog\/wp-content\/uploads\/2019\/02\/6210a5ea5bd1be7f076c45b16debce54-610x813.jpg 610w\" sizes=\"auto, (max-width: 350px) 100vw, 350px\" \/><\/a><p id=\"caption-attachment-5503\" class=\"wp-caption-text\">Mediheal Capsule100 Derm Clear 2-Etapowa Maska \/ 16,10 z\u0142<\/p><\/div>\n<h3>Sprawd\u017a st\u0119\u017cenie<\/h3>\n<p>Gliceryna stanowi cenny sk\u0142adnik kosmetyk\u00f3w, jednak tylko w <strong>odpowiednim st\u0119\u017ceniu.<\/strong> Je\u015bli wynosi ono <strong>5-15%<\/strong> &#8211; to \u015bwietnie. Wtedy na pewno zadba o odpowiedni poziom nawil\u017cenia sk\u00f3ry i w\u0142os\u00f3w. Gorzej, gdy warto\u015b\u0107 ta zostanie przekroczona. Je\u015bli st\u0119\u017cenie jest wy\u017csze ni\u017c zalecane, dzia\u0142anie gliceryny jest wr\u0119cz <strong>odwrotne.<\/strong> Zaczyna przeszkadza\u0107 w pobieraniu wody z otoczenia, powoduje wysuszanie sk\u00f3ry i mocno j\u0105 podra\u017cnia. Jest to wa\u017cna uwaga zw\u0142aszcza dla tych, kt\u00f3rzy sami tworz\u0105 swoje kosmetyki z p\u00f3\u0142produkt\u00f3w.<\/p>\n<h3>Gliceryna z apteki<\/h3>\n<p>Gliceryn\u0119 mo\u017cna tak\u017ce kupi\u0107 w czystej postaci. W aptekach jej cena nie przekracza zwykle <strong>3 z\u0142.<\/strong> W tej formie \u015bwietnie nadaje si\u0119 jako <strong>uzupe\u0142nienie<\/strong> kosmetyk\u00f3w. \u015amia\u0142o mo\u017cemy doda\u0107 kilka jej kropel do szamponu, maski do w\u0142os\u00f3w, \u017celu pod prysznic, a nawet do maseczki na twarz. Mimo \u017ce polecana jest g\u0142\u00f3wnie do sk\u00f3ry suchej i dojrza\u0142ej, mo\u017ce by\u0107 stosowana przez wszystkich. Oczywi\u015bcie w odpowiednich dawkach.<\/p>\n","protected":false},"excerpt":{"rendered":"<p>Gliceryna to bardzo popularny sk\u0142adnik kosmetyk\u00f3w. Jest obecna w wielu kremach do twarzy, balsamach, szminkach ochronnych i innych produktach do piel\u0119gnacji. Ale jakie jest tak naprawd\u0119 jej dzia\u0142anie? I dlaczego tak cz\u0119sto j\u0105 stosujemy?<\/p>\n","protected":false},"author":2,"featured_media":5501,"comment_status":"open","ping_status":"open","sticky":false,"template":"","format":"standard","meta":{"_et_pb_use_builder":"","_et_pb_old_content":"","_et_gb_content_width":"","footnotes":""},"categories":[185],"tags":[],"class_list":["post-5500","post","type-post","status-publish","format-standard","has-post-thumbnail","hentry","category-codzienna-pielegnacja","et-has-post-format-content","et_post_format-et-post-format-standard"],"_links":{"self":[{"href":"https:\/\/neness.pl\/blog\/wp-json\/wp\/v2\/posts\/5500","targetHints":{"allow":["GET"]}}],"collection":[{"href":"https:\/\/neness.pl\/blog\/wp-json\/wp\/v2\/posts"}],"about":[{"href":"https:\/\/neness.pl\/blog\/wp-json\/wp\/v2\/types\/post"}],"author":[{"embeddable":true,"href":"https:\/\/neness.pl\/blog\/wp-json\/wp\/v2\/users\/2"}],"replies":[{"embeddable":true,"href":"https:\/\/neness.pl\/blog\/wp-json\/wp\/v2\/comments?post=5500"}],"version-history":[{"count":0,"href":"https:\/\/neness.pl\/blog\/wp-json\/wp\/v2\/posts\/5500\/revisions"}],"wp:featuredmedia":[{"embeddable":true,"href":"https:\/\/neness.pl\/blog\/wp-json\/wp\/v2\/media\/5501"}],"wp:attachment":[{"href":"https:\/\/neness.pl\/blog\/wp-json\/wp\/v2\/media?parent=5500"}],"wp:term":[{"taxonomy":"category","embeddable":true,"href":"https:\/\/neness.pl\/blog\/wp-json\/wp\/v2\/categories?post=5500"},{"taxonomy":"post_tag","embeddable":true,"href":"https:\/\/neness.pl\/blog\/wp-json\/wp\/v2\/tags?post=5500"}],"curies":[{"name":"wp","href":"https:\/\/api.w.org\/{rel}","templated":true}]}}