{"id":5491,"date":"2019-02-01T12:44:16","date_gmt":"2019-02-01T11:44:16","guid":{"rendered":"http:\/\/ranking-kosmetykow.pl\/?p=5491"},"modified":"2019-02-01T12:44:16","modified_gmt":"2019-02-01T11:44:16","slug":"czy-mozna-codziennie-myc-wlosy","status":"publish","type":"post","link":"https:\/\/neness.pl\/blog\/czy-mozna-codziennie-myc-wlosy\/","title":{"rendered":"Czy mo\u017cna codziennie my\u0107 w\u0142osy?"},"content":{"rendered":"<p>Pytanie, czy mo\u017cna my\u0107 w\u0142osy codziennie, zaprz\u0105ta g\u0142ow\u0119 wielu kobiet. Zw\u0142aszcza te z nas, kt\u00f3re maj\u0105 z natury sk\u0142onne do przet\u0142uszczania si\u0119 w\u0142osy, mierz\u0105 si\u0119 z tym dylematem. Z jednej strony bez codziennego mycia ich fryzura jest oklapni\u0119ta i t\u0142usta, z drugiej wsz\u0119dzie dooko\u0142a s\u0142ycha\u0107, \u017ce codzienne mycie mo\u017ce tylko pog\u0142\u0119bi\u0107 problem. Czy rzeczywi\u015bcie tak jest?<!--more--><\/p>\n<h3>Myj w\u0142osy tak cz\u0119sto, jak tego potrzebuj\u0105<\/h3>\n<p>Ta rada jest najlepsz\u0105 odpowiedzi\u0105 na pytanie, czy powinno si\u0119 my\u0107 w\u0142osy codziennie. Je\u015bli nie przet\u0142uszczaj\u0105 si\u0119 one szybko, nie ma powodu, by oczyszcza\u0107 je tak cz\u0119sto tylko po to, by usun\u0105\u0107 z nich<strong> kurz<\/strong>, kt\u00f3ry osiada na nich w ci\u0105gu dnia. Ale gdy czujemy, \u017ce w\u0142osy ju\u017c po jednym dniu wygl\u0105daj\u0105 po prostu \u017ale, <strong>\u015bmia\u0142o mo\u017cemy je umy\u0107.<\/strong> I je\u015bli b\u0119dziemy robi\u0107 to za pomoc\u0105 odpowiednich produkt\u00f3w, na pewno nic z\u0142ego im si\u0119 od tego nie stanie.<\/p>\n<div id=\"attachment_5493\" style=\"width: 360px\" class=\"wp-caption aligncenter\"><a href=\"https:\/\/neness.pl\/natura-siberica-neutralny-szampon-do-wrazliwej-skory-400ml\"><img loading=\"lazy\" decoding=\"async\" aria-describedby=\"caption-attachment-5493\" class=\"wp-image-5493\" src=\"http:\/\/ranking-kosmetykow.pl\/wp-content\/uploads\/2019\/02\/bc6c85d0ce4ee821b64af04103791899.jpg\" alt=\"\" width=\"350\" height=\"467\" srcset=\"https:\/\/neness.pl\/blog\/wp-content\/uploads\/2019\/02\/bc6c85d0ce4ee821b64af04103791899.jpg 750w, https:\/\/neness.pl\/blog\/wp-content\/uploads\/2019\/02\/bc6c85d0ce4ee821b64af04103791899-225x300.jpg 225w, https:\/\/neness.pl\/blog\/wp-content\/uploads\/2019\/02\/bc6c85d0ce4ee821b64af04103791899-610x813.jpg 610w\" sizes=\"auto, (max-width: 350px) 100vw, 350px\" \/><\/a><p id=\"caption-attachment-5493\" class=\"wp-caption-text\">Natura Siberica Neutralny Szampon Do Wra\u017cliwej Sk\u00f3ry, 400ml \/ 25,40 z\u0142<\/p><\/div>\n<h3>To sk\u0105d te opinie?<\/h3>\n<p>Opinie, \u017ce w\u0142osy zaczynaj\u0105 szybciej si\u0119 przet\u0142uszcza\u0107, gdy cz\u0119sto je myjemy, nie s\u0105 zupe\u0142nie bezpodstawne. S\u0105 po prostu <strong>przestarza\u0142e.<\/strong> Jeszcze kilkana\u015bcie lat temu tak cz\u0119ste stosowanie szamponu rzeczywi\u015bcie mog\u0142o zaburzy\u0107 r\u00f3wnowag\u0119 sk\u00f3ry g\u0142owy i doprowadzi\u0107 do produkcji <strong>nadmiernej ilo\u015bci sebum.<\/strong> To dlatego, \u017ce g\u0142\u00f3wn\u0105 rol\u0105 szampon\u00f3w by\u0142o wtedy dok\u0142adne <strong>oczyszczenie w\u0142os\u00f3w,<\/strong> nie za\u015b ich piel\u0119gnacja. Nie dzieli\u0142y si\u0119 wi\u0119c one na produkty przeznaczone do konkretnego rodzaju w\u0142os\u00f3w i nie zawiera\u0142y sk\u0142adnik\u00f3w dbaj\u0105cych o odpowiedni poziom ich nawil\u017cenia i od\u017cywienia.<\/p>\n<p>W\u0142a\u015bciwe s\u0142owo, by opisa\u0107 te produkty, to<strong> \u201cagresywne\u201d.<\/strong> Brutalnie usuwa\u0142y one wszystkie zanieczyszczenia zebrane na w\u0142osach, ale wraz z nimi wymywa\u0142y te\u017c <strong>naturaln\u0105 barier\u0119 ochronn\u0105<\/strong> sk\u00f3ry g\u0142owy. Powodowa\u0142o to, \u017ce w obronie produkowa\u0142a ona jeszcze wi\u0119cej sebum, przez co w\u0142osy przet\u0142uszcza\u0142y si\u0119 szybciej. Dzi\u015b jednak na drogeryjnych p\u00f3\u0142kach znajdziemy du\u017co lepsze produkty, kt\u00f3re nie maj\u0105 tak negatywnego wp\u0142ywu na w\u0142osy.<\/p>\n<div id=\"attachment_5494\" style=\"width: 360px\" class=\"wp-caption aligncenter\"><a href=\"https:\/\/neness.pl\/organic-shop-delikatny-szampon-miod-i-winogrona-soft-shampoo-honey-grape-280ml\"><img loading=\"lazy\" decoding=\"async\" aria-describedby=\"caption-attachment-5494\" class=\"wp-image-5494\" src=\"http:\/\/ranking-kosmetykow.pl\/wp-content\/uploads\/2019\/02\/672aaa961e3ad4917c8a071084a328e9.jpg\" alt=\"\" width=\"350\" height=\"467\" srcset=\"https:\/\/neness.pl\/blog\/wp-content\/uploads\/2019\/02\/672aaa961e3ad4917c8a071084a328e9.jpg 750w, https:\/\/neness.pl\/blog\/wp-content\/uploads\/2019\/02\/672aaa961e3ad4917c8a071084a328e9-225x300.jpg 225w, https:\/\/neness.pl\/blog\/wp-content\/uploads\/2019\/02\/672aaa961e3ad4917c8a071084a328e9-610x813.jpg 610w\" sizes=\"auto, (max-width: 350px) 100vw, 350px\" \/><\/a><p id=\"caption-attachment-5494\" class=\"wp-caption-text\">Organic Shop Delikatny Szampon Mi\u00f3d i Winogrona Soft Shampoo Honey Grape 280ml \/ 11,50 z\u0142<\/p><\/div>\n<h3>Jakich szampon\u00f3w u\u017cywa\u0107?<\/h3>\n<p>Je\u015bli wi\u0119c decydujemy si\u0119 my\u0107 w\u0142osy codziennie, powinni\u015bmy po prostu wybra\u0107 szampon, kt\u00f3ry przeznaczony jest do <strong>codziennej piel\u0119gnacji.<\/strong> Takie kosmetyki s\u0105 du\u017co \u0142agodniejsze i zawieraj\u0105 sk\u0142adniki nawil\u017caj\u0105ce i regeneruj\u0105ce w\u0142osy. Dobrym zamiennikiem dla tych produkt\u00f3w s\u0105 te\u017c szampony przeznaczone <strong>dla dzieci.<\/strong> Ich tak\u017ce \u015bmia\u0142o mo\u017cemy u\u017cywa\u0107 na co dzie\u0144. Wa\u017cne jednak, by mie\u0107 tak\u017ce na p\u00f3\u0142ce mocniejszy szampon, kt\u00f3rym b\u0119dziemy dok\u0142adnie oczyszcza\u0107 w\u0142osy mniej wi\u0119cej raz w tygodniu.<\/p>\n<p>&nbsp;<\/p>\n","protected":false},"excerpt":{"rendered":"<p>Pytanie, czy mo\u017cna my\u0107 w\u0142osy codziennie, zaprz\u0105ta g\u0142ow\u0119 wielu kobiet. Zw\u0142aszcza te z nas, kt\u00f3re maj\u0105 z natury sk\u0142onne do przet\u0142uszczania si\u0119 w\u0142osy, mierz\u0105 si\u0119 z tym dylematem. Z jednej strony bez codziennego mycia ich fryzura jest oklapni\u0119ta i t\u0142usta, z drugiej wsz\u0119dzie dooko\u0142a s\u0142ycha\u0107, \u017ce codzienne mycie mo\u017ce tylko pog\u0142\u0119bi\u0107 problem. Czy rzeczywi\u015bcie tak [&hellip;]<\/p>\n","protected":false},"author":2,"featured_media":5492,"comment_status":"open","ping_status":"open","sticky":false,"template":"","format":"standard","meta":{"_et_pb_use_builder":"","_et_pb_old_content":"","_et_gb_content_width":"","footnotes":""},"categories":[48],"tags":[],"class_list":["post-5491","post","type-post","status-publish","format-standard","has-post-thumbnail","hentry","category-wlosy-idealne","et-has-post-format-content","et_post_format-et-post-format-standard"],"_links":{"self":[{"href":"https:\/\/neness.pl\/blog\/wp-json\/wp\/v2\/posts\/5491","targetHints":{"allow":["GET"]}}],"collection":[{"href":"https:\/\/neness.pl\/blog\/wp-json\/wp\/v2\/posts"}],"about":[{"href":"https:\/\/neness.pl\/blog\/wp-json\/wp\/v2\/types\/post"}],"author":[{"embeddable":true,"href":"https:\/\/neness.pl\/blog\/wp-json\/wp\/v2\/users\/2"}],"replies":[{"embeddable":true,"href":"https:\/\/neness.pl\/blog\/wp-json\/wp\/v2\/comments?post=5491"}],"version-history":[{"count":0,"href":"https:\/\/neness.pl\/blog\/wp-json\/wp\/v2\/posts\/5491\/revisions"}],"wp:featuredmedia":[{"embeddable":true,"href":"https:\/\/neness.pl\/blog\/wp-json\/wp\/v2\/media\/5492"}],"wp:attachment":[{"href":"https:\/\/neness.pl\/blog\/wp-json\/wp\/v2\/media?parent=5491"}],"wp:term":[{"taxonomy":"category","embeddable":true,"href":"https:\/\/neness.pl\/blog\/wp-json\/wp\/v2\/categories?post=5491"},{"taxonomy":"post_tag","embeddable":true,"href":"https:\/\/neness.pl\/blog\/wp-json\/wp\/v2\/tags?post=5491"}],"curies":[{"name":"wp","href":"https:\/\/api.w.org\/{rel}","templated":true}]}}