{"id":5486,"date":"2019-01-31T12:37:54","date_gmt":"2019-01-31T11:37:54","guid":{"rendered":"http:\/\/ranking-kosmetykow.pl\/?p=5486"},"modified":"2019-01-31T12:37:54","modified_gmt":"2019-01-31T11:37:54","slug":"przywracamy-wlosom-blask","status":"publish","type":"post","link":"https:\/\/neness.pl\/blog\/przywracamy-wlosom-blask\/","title":{"rendered":"Przywracamy w\u0142osom blask"},"content":{"rendered":"<p>W\u0142osy na skutek niew\u0142a\u015bciwej piel\u0119gnacji i zbyt cz\u0119stego kontaktu ze \u015brodkami do stylizacji staj\u0105 si\u0119 suche i matowe. Je\u015bli tak w\u0142a\u015bnie sta\u0142o si\u0119 w Waszym przypadku, najwy\u017cszy czas, by przywr\u00f3ci\u0107 im <strong>naturalny blask<\/strong> i sprawi\u0107, by zn\u00f3w by\u0142y pi\u0119kne i zdrowe! W jaki spos\u00f3b to zrobi\u0107?<!--more--><\/p>\n<h3>Uffff, jak gor\u0105co!<\/h3>\n<p>Pierwszym krokiem jest na pewno ograniczenie wszelkiej stylizacji na gor\u0105co. Codzienne u\u017cywanie <strong>prostownicy, lok\u00f3wki<\/strong> czy suszenie w\u0142os\u00f3w <strong>gor\u0105cym strumieniem powietrza<\/strong> to prawdziwy koszmar dla fryzury. Urz\u0105dzenia te najlepiej stosowa\u0107 wi\u0119c tylko wtedy, gdy jest to naprawd\u0119 konieczne, a i przy takich okazjach warto pami\u0119ta\u0107, \u017ceby wcze\u015bniej zabezpieczy\u0107 w\u0142osy<strong> sprayem termoizolacyjnym.<\/strong><\/p>\n<div id=\"attachment_5488\" style=\"width: 360px\" class=\"wp-caption aligncenter\"><a href=\"https:\/\/neness.pl\/kallos-spa-odzywka-na-objetosc-i-polysk-gentle-conditioner-200ml\"><img loading=\"lazy\" decoding=\"async\" aria-describedby=\"caption-attachment-5488\" class=\"wp-image-5488\" src=\"http:\/\/ranking-kosmetykow.pl\/wp-content\/uploads\/2019\/01\/5b411c3d658d928fda688e0911c61090.jpg\" alt=\"\" width=\"350\" height=\"467\" srcset=\"https:\/\/neness.pl\/blog\/wp-content\/uploads\/2019\/01\/5b411c3d658d928fda688e0911c61090.jpg 750w, https:\/\/neness.pl\/blog\/wp-content\/uploads\/2019\/01\/5b411c3d658d928fda688e0911c61090-225x300.jpg 225w, https:\/\/neness.pl\/blog\/wp-content\/uploads\/2019\/01\/5b411c3d658d928fda688e0911c61090-610x813.jpg 610w\" sizes=\"auto, (max-width: 350px) 100vw, 350px\" \/><\/a><p id=\"caption-attachment-5488\" class=\"wp-caption-text\">Kallos SPA Od\u017cywka na Obj\u0119to\u015b\u0107 i Po\u0142ysk Gentle Conditioner 200ml \/ 6,70 z\u0142<\/p><\/div>\n<p>Nie oznacza to jednak, \u017ce na co dzie\u0144 musimy rezygnowa\u0107 z pi\u0119knej fryzury. W\u0142osy \u015bmia\u0142o mo\u017cemy suszy\u0107, stosuj\u0105c <strong>zimny nawiew.<\/strong> Pi\u0119kne fale lub loki z powodzeniem zrobimy za\u015b bez u\u017cycia ciep\u0142a. O tym, w jaki spos\u00f3b osi\u0105gn\u0105\u0107 taki efekt, przeczytacie <a href=\"http:\/\/ranking-kosmetykow.pl\/2018\/10\/19\/4-metody-na-piekne-fale\/\">tutaj.<\/a> R\u00f3wnie \u0142atwo mo\u017cecie wyprostowa\u0107 w\u0142osy bez prostownicy, o czym r\u00f3wnie\u017c pisali\u015bmy w jednym z naszych <a href=\"http:\/\/ranking-kosmetykow.pl\/2018\/12\/05\/jak-wyprostowac-wlosy-bez-prostownicy\/\">wcze\u015bniejszych artyku\u0142\u00f3w.<\/a><\/p>\n<h3>Od\u017cywiamy w\u0142osy<\/h3>\n<p>Matowym w\u0142osom przyda si\u0119 te\u017c spora dawka od\u017cywienia. Pora wi\u0119c zmieni\u0107 szampon i od\u017cywk\u0119 na takie, kt\u00f3re dostarcz\u0105 im <strong>du\u017cej ilo\u015bci witamin.<\/strong> Jakich produkt\u00f3w szuka\u0107? Najlepiej sprawdz\u0105 si\u0119 takie, kt\u00f3re zawieraj\u0105 <strong>proteiny, mi\u00f3d, aloes<\/strong> lub <strong>kwas hialuronowy.<\/strong> Znakomitym dope\u0142nieniem kuracji mo\u017ce by\u0107 tak\u017ce nak\u0142adanie na w\u0142osy olej\u00f3w. Bardzo dobrym wyborem b\u0119dzie tutaj<strong> olej z pestek winogron<\/strong> lub <strong>olej kokosowy.<\/strong> Wybrany produkt nak\u0142adamy od po\u0142owy d\u0142ugo\u015bci w\u0142os\u00f3w (je\u015bli na\u0142o\u017cymy go od nasady, w\u0142osy b\u0119d\u0105 oklapni\u0119te i szybko stan\u0105 si\u0119 przet\u0142uszczone) i trzymamy na g\u0142owie co najmniej dwie godziny. Najlepiej za\u015b pozostawi\u0107 olej nawet na ca\u0142\u0105 noc.<\/p>\n<p><a href=\"https:\/\/neness.pl\/natura-siberica-frozen-berries-witaminowy-szampon-do-wlosow-zamrozone-jagody-400ml\"><img loading=\"lazy\" decoding=\"async\" class=\"aligncenter wp-image-5489\" src=\"http:\/\/ranking-kosmetykow.pl\/wp-content\/uploads\/2019\/01\/szampon.jpg\" alt=\"\" width=\"350\" height=\"467\" srcset=\"https:\/\/neness.pl\/blog\/wp-content\/uploads\/2019\/01\/szampon.jpg 750w, https:\/\/neness.pl\/blog\/wp-content\/uploads\/2019\/01\/szampon-225x300.jpg 225w, https:\/\/neness.pl\/blog\/wp-content\/uploads\/2019\/01\/szampon-610x813.jpg 610w\" sizes=\"auto, (max-width: 350px) 100vw, 350px\" \/><\/a><\/p>\n<h3>Co\u015b kwa\u015bnego<\/h3>\n<p>W przywr\u00f3ceniu w\u0142osom blasku pomog\u0105 tak\u017ce<strong> domowe p\u0142ukanki<\/strong> &#8211; najlepiej z <strong>cytryny<\/strong> lub <strong>octu<\/strong> wymieszanych z wod\u0105. Te kwa\u015bne produkty znakomicie pomagaj\u0105 w zamkni\u0119ciu \u0142usek w\u0142os\u00f3w i tym samym sprawiaj\u0105, \u017ce wydaj\u0105 si\u0119 one znacznie zdrowsze i bardziej l\u015bni\u0105ce. Wybrany produkt stosujemy przy ostatnim p\u0142ukaniu w\u0142os\u00f3w po ich umyciu.<\/p>\n<h3>Szybkie nab\u0142yszczanie<\/h3>\n<p>Dora\u017anie pom\u00f3c mog\u0105 tak\u017ce specjalne <strong>produkty nab\u0142yszczaj\u0105ce w sprayu.<\/strong> Za ich pomoc\u0105 w kilka chwil mo\u017cemy sprawi\u0107, \u017ce w\u0142osy odzyskaj\u0105 dawny blask. \u015awietnie sprawdzaj\u0105 si\u0119 one podczas wa\u017cnych wyj\u015b\u0107 i du\u017cych uroczysto\u015bci, kiedy zale\u017cy nam na efekcie wow. Nie mo\u017cna jednak zapomina\u0107, \u017ce takie kosmetyki tylko<strong> tuszuj\u0105 problem<\/strong> i nie zbli\u017caj\u0105 nas do jego rozwi\u0105zania. Mo\u017cemy wi\u0119c je stosowa\u0107, ale opr\u00f3cz tego koniecznie powinni\u015bmy zadba\u0107 o w\u0142a\u015bciw\u0105 piel\u0119gnacj\u0119 w\u0142os\u00f3w.<\/p>\n","protected":false},"excerpt":{"rendered":"<p>W\u0142osy na skutek niew\u0142a\u015bciwej piel\u0119gnacji i zbyt cz\u0119stego kontaktu ze \u015brodkami do stylizacji staj\u0105 si\u0119 suche i matowe. Je\u015bli tak w\u0142a\u015bnie sta\u0142o si\u0119 w Waszym przypadku, najwy\u017cszy czas, by przywr\u00f3ci\u0107 im naturalny blask i sprawi\u0107, by zn\u00f3w by\u0142y pi\u0119kne i zdrowe! W jaki spos\u00f3b to zrobi\u0107?<\/p>\n","protected":false},"author":2,"featured_media":5487,"comment_status":"open","ping_status":"open","sticky":false,"template":"","format":"standard","meta":{"_et_pb_use_builder":"","_et_pb_old_content":"","_et_gb_content_width":"","footnotes":""},"categories":[48],"tags":[],"class_list":["post-5486","post","type-post","status-publish","format-standard","has-post-thumbnail","hentry","category-wlosy-idealne","et-has-post-format-content","et_post_format-et-post-format-standard"],"_links":{"self":[{"href":"https:\/\/neness.pl\/blog\/wp-json\/wp\/v2\/posts\/5486","targetHints":{"allow":["GET"]}}],"collection":[{"href":"https:\/\/neness.pl\/blog\/wp-json\/wp\/v2\/posts"}],"about":[{"href":"https:\/\/neness.pl\/blog\/wp-json\/wp\/v2\/types\/post"}],"author":[{"embeddable":true,"href":"https:\/\/neness.pl\/blog\/wp-json\/wp\/v2\/users\/2"}],"replies":[{"embeddable":true,"href":"https:\/\/neness.pl\/blog\/wp-json\/wp\/v2\/comments?post=5486"}],"version-history":[{"count":0,"href":"https:\/\/neness.pl\/blog\/wp-json\/wp\/v2\/posts\/5486\/revisions"}],"wp:featuredmedia":[{"embeddable":true,"href":"https:\/\/neness.pl\/blog\/wp-json\/wp\/v2\/media\/5487"}],"wp:attachment":[{"href":"https:\/\/neness.pl\/blog\/wp-json\/wp\/v2\/media?parent=5486"}],"wp:term":[{"taxonomy":"category","embeddable":true,"href":"https:\/\/neness.pl\/blog\/wp-json\/wp\/v2\/categories?post=5486"},{"taxonomy":"post_tag","embeddable":true,"href":"https:\/\/neness.pl\/blog\/wp-json\/wp\/v2\/tags?post=5486"}],"curies":[{"name":"wp","href":"https:\/\/api.w.org\/{rel}","templated":true}]}}