{"id":5474,"date":"2019-01-29T13:35:19","date_gmt":"2019-01-29T12:35:19","guid":{"rendered":"http:\/\/ranking-kosmetykow.pl\/?p=5474"},"modified":"2019-01-29T13:35:19","modified_gmt":"2019-01-29T12:35:19","slug":"mity-na-temat-wlosow-czesc-2","status":"publish","type":"post","link":"https:\/\/neness.pl\/blog\/mity-na-temat-wlosow-czesc-2\/","title":{"rendered":"Mity na temat w\u0142os\u00f3w, cz\u0119\u015b\u0107 2"},"content":{"rendered":"<p>Niedawno pisali\u015bmy Wam troch\u0119 o <a href=\"http:\/\/ranking-kosmetykow.pl\/2018\/12\/19\/fakty-i-mity-na-temat-pielegnacji-wlosow\/\">mitach na temat piel\u0119gnacji w\u0142os\u00f3w,<\/a> kt\u00f3re nieustannie kr\u0105\u017c\u0105 po internecie. Jednak tych fa\u0142szywych informacji jest w obiegu o wiele wi\u0119cej! Dlatego dzi\u015b ci\u0105g dalszy! Zobaczcie, czy wszystko, co wiecie na temat piel\u0119gnacji na pewno jest prawd\u0105.<!--more--><\/p>\n<h3>W\u0142osy trzeba przeczesa\u0107 100 razy<\/h3>\n<p>Ten mit mo\u017cemy us\u0142ysze\u0107 nawet od naszych bab\u0107. M\u00f3wi on, \u017ce bardzo d\u0142ugie rozczesywanie w\u0142os\u00f3w sprawia, \u017ce staj\u0105 si\u0119 one bardziej b\u0142yszcz\u0105ce, zdrowsze i pi\u0119kniejsze. Nic bardziej mylnego! Czesanie w\u0142os\u00f3w tak d\u0142ugo mo\u017ce powodowa\u0107<strong> niszczenie ich struktury<\/strong> i <strong>\u0142amanie si\u0119<\/strong>, zw\u0142aszcza je\u015bli stosujemy nieodpowiedni\u0105 plastikow\u0105 szczotk\u0119. W\u0142osy wystarczy przeczesa\u0107 kilkana\u015bcie razy, a w razie potrzeby powtarza\u0107 zabieg w ci\u0105gu dnia. O tym, jak dobra\u0107 najlepsz\u0105 do tego szczotk\u0119, przeczytacie<a href=\"http:\/\/ranking-kosmetykow.pl\/2018\/05\/28\/szczotka-czy-grzebien-co-wybrac\/\"> tutaj.<\/a><\/p>\n<div id=\"attachment_5476\" style=\"width: 360px\" class=\"wp-caption aligncenter\"><a href=\"https:\/\/neness.pl\/kallos-odzywka-rewitalizujaca-superfruits-conditioner-300ml\"><img loading=\"lazy\" decoding=\"async\" aria-describedby=\"caption-attachment-5476\" class=\"wp-image-5476\" src=\"http:\/\/ranking-kosmetykow.pl\/wp-content\/uploads\/2019\/01\/b66477b1de35a748cb246e91b59ed399.jpg\" alt=\"\" width=\"350\" height=\"467\" srcset=\"https:\/\/neness.pl\/blog\/wp-content\/uploads\/2019\/01\/b66477b1de35a748cb246e91b59ed399.jpg 750w, https:\/\/neness.pl\/blog\/wp-content\/uploads\/2019\/01\/b66477b1de35a748cb246e91b59ed399-225x300.jpg 225w, https:\/\/neness.pl\/blog\/wp-content\/uploads\/2019\/01\/b66477b1de35a748cb246e91b59ed399-610x813.jpg 610w\" sizes=\"auto, (max-width: 350px) 100vw, 350px\" \/><\/a><p id=\"caption-attachment-5476\" class=\"wp-caption-text\">Kallos Od\u017cywka Rewitalizuj\u0105ca Superfruits Conditioner 300ml \/ 11,99 z\u0142<\/p><\/div>\n<h3>Od farbowania wypadaj\u0105 w\u0142osy<\/h3>\n<p>Nie farbuj w\u0142os\u00f3w, bo ci wypadn\u0105 \u2013 zdarzy\u0142o Wam si\u0119 s\u0142ysze\u0107 kiedy\u015b tak\u0105 przestrog\u0119? Dobra wiadomo\u015b\u0107 dla wszystkich mi\u0142o\u015bniczek koloryzacji. Farba <strong>nie wnika w sk\u00f3r\u0119,<\/strong> wi\u0119c nie mo\u017ce te\u017c powodowa\u0107 os\u0142abienia czy zniszczenia cebulek w\u0142os\u00f3w. Oczywi\u015bcie nie znaczy to, \u017ce farba nie mo\u017ce podra\u017cni\u0107 sk\u00f3ry g\u0142owy czy wywo\u0142a\u0107 <strong>reakcji alergicznej.<\/strong> Dlatego bardzo wa\u017cne jest, by przed farbowaniem przetestowa\u0107 preparat zgodnie z zalecaniami producenta.<\/p>\n<h3>Suszenie w\u0142os\u00f3w je niszczy<\/h3>\n<p>To nie sam proces suszenia sprawia, \u017ce w\u0142osy staj\u0105 si\u0119 suche i \u0142amliwe. Powoduje to<strong> wysoka temperatura nawiewu.<\/strong> Dlatego nie musimy ca\u0142kowicie rezygnowa\u0107 z suszenia, wystarczy robi\u0107 to za pomoc\u0105 <strong>ch\u0142odnego strumienia powietrza.<\/strong> Je\u015bli mamy zwyczaj my\u0107 g\u0142ow\u0119 tu\u017c przed p\u00f3j\u015bciem spa\u0107, b\u0119dzie to dla w\u0142os\u00f3w nawet zdrowsze ni\u017c k\u0142adzenie si\u0119 spa\u0107 bez ich suszenia. Mokre w\u0142osy s\u0105 wyj\u0105tkowo podatne na uszkodzenia i \u0142atwo mog\u0105 zniszczy\u0107 si\u0119 przez kontakt z prze\u015bcierad\u0142em i poduszk\u0105.<\/p>\n<div id=\"attachment_5477\" style=\"width: 360px\" class=\"wp-caption aligncenter\"><a href=\"https:\/\/neness.pl\/pl\/p\/Markell-Bio-Hellix-Szampon-do-Wlosow-z-Ekstraktem-ze-Sluzu-Slimaka-250ml\/5410\"><img loading=\"lazy\" decoding=\"async\" aria-describedby=\"caption-attachment-5477\" class=\"wp-image-5477\" src=\"http:\/\/ranking-kosmetykow.pl\/wp-content\/uploads\/2019\/01\/f989e0d7fb5d28f1905564a61a87de2a.jpg.png\" alt=\"\" width=\"350\" height=\"350\" srcset=\"https:\/\/neness.pl\/blog\/wp-content\/uploads\/2019\/01\/f989e0d7fb5d28f1905564a61a87de2a.jpg.png 700w, https:\/\/neness.pl\/blog\/wp-content\/uploads\/2019\/01\/f989e0d7fb5d28f1905564a61a87de2a.jpg-300x300.png 300w, https:\/\/neness.pl\/blog\/wp-content\/uploads\/2019\/01\/f989e0d7fb5d28f1905564a61a87de2a.jpg-150x150.png 150w, https:\/\/neness.pl\/blog\/wp-content\/uploads\/2019\/01\/f989e0d7fb5d28f1905564a61a87de2a.jpg-610x610.png 610w, https:\/\/neness.pl\/blog\/wp-content\/uploads\/2019\/01\/f989e0d7fb5d28f1905564a61a87de2a.jpg-440x440.png 440w\" sizes=\"auto, (max-width: 350px) 100vw, 350px\" \/><\/a><p id=\"caption-attachment-5477\" class=\"wp-caption-text\">Markell Bio-Hellix Szampon do W\u0142os\u00f3w z Ekstraktem ze \u015aluzu \u015alimaka 250ml \/ 20,90 z\u0142<\/p><\/div>\n<h3>Szampony dla dzieci s\u0105 wy\u0142\u0105cznie dla dzieci<\/h3>\n<p>Wr\u0119cz przeciwnie! Szampony dla dzieci mog\u0105 \u015bwietnie sprawdza\u0107 si\u0119 r\u00f3wnie\u017c u doros\u0142ych. Je\u015bli mamy z natury <strong>t\u0142uste w\u0142osy,<\/strong> kt\u00f3re cz\u0119sto wymagaj\u0105 mycia, s\u0105 one nawet wskazane. Ich sk\u0142ad sprawia, \u017ce delikatnie oczyszczaj\u0105 w\u0142osy, ale ich <strong>nie niszcz\u0105,<\/strong> dlatego nawet je\u015bli s\u0105 u\u017cywane bardzo cz\u0119sto, nie powoduj\u0105 spustoszenia na g\u0142owie. Oczywi\u015bcie nie znaczy to, \u017ce doro\u015bli mog\u0105 my\u0107 w\u0142osy takimi szamponami przez ca\u0142y czas. Raz na tydzie\u0144 czy p\u00f3\u0142tora tygodnia w\u0142osy na pewno b\u0119d\u0105 potrzebowa\u0142y dok\u0142adnego czyszczenia<strong> silniejszym preparatem.<\/strong><\/p>\n","protected":false},"excerpt":{"rendered":"<p>Niedawno pisali\u015bmy Wam troch\u0119 o mitach na temat piel\u0119gnacji w\u0142os\u00f3w, kt\u00f3re nieustannie kr\u0105\u017c\u0105 po internecie. Jednak tych fa\u0142szywych informacji jest w obiegu o wiele wi\u0119cej! Dlatego dzi\u015b ci\u0105g dalszy! Zobaczcie, czy wszystko, co wiecie na temat piel\u0119gnacji na pewno jest prawd\u0105.<\/p>\n","protected":false},"author":2,"featured_media":5475,"comment_status":"open","ping_status":"open","sticky":false,"template":"","format":"standard","meta":{"_et_pb_use_builder":"","_et_pb_old_content":"","_et_gb_content_width":"","footnotes":""},"categories":[48],"tags":[],"class_list":["post-5474","post","type-post","status-publish","format-standard","has-post-thumbnail","hentry","category-wlosy-idealne","et-has-post-format-content","et_post_format-et-post-format-standard"],"_links":{"self":[{"href":"https:\/\/neness.pl\/blog\/wp-json\/wp\/v2\/posts\/5474","targetHints":{"allow":["GET"]}}],"collection":[{"href":"https:\/\/neness.pl\/blog\/wp-json\/wp\/v2\/posts"}],"about":[{"href":"https:\/\/neness.pl\/blog\/wp-json\/wp\/v2\/types\/post"}],"author":[{"embeddable":true,"href":"https:\/\/neness.pl\/blog\/wp-json\/wp\/v2\/users\/2"}],"replies":[{"embeddable":true,"href":"https:\/\/neness.pl\/blog\/wp-json\/wp\/v2\/comments?post=5474"}],"version-history":[{"count":0,"href":"https:\/\/neness.pl\/blog\/wp-json\/wp\/v2\/posts\/5474\/revisions"}],"wp:featuredmedia":[{"embeddable":true,"href":"https:\/\/neness.pl\/blog\/wp-json\/wp\/v2\/media\/5475"}],"wp:attachment":[{"href":"https:\/\/neness.pl\/blog\/wp-json\/wp\/v2\/media?parent=5474"}],"wp:term":[{"taxonomy":"category","embeddable":true,"href":"https:\/\/neness.pl\/blog\/wp-json\/wp\/v2\/categories?post=5474"},{"taxonomy":"post_tag","embeddable":true,"href":"https:\/\/neness.pl\/blog\/wp-json\/wp\/v2\/tags?post=5474"}],"curies":[{"name":"wp","href":"https:\/\/api.w.org\/{rel}","templated":true}]}}