{"id":5462,"date":"2019-01-24T13:47:56","date_gmt":"2019-01-24T12:47:56","guid":{"rendered":"http:\/\/ranking-kosmetykow.pl\/?p=5462"},"modified":"2019-01-24T13:47:56","modified_gmt":"2019-01-24T12:47:56","slug":"czy-mozna-uzywac-przeterminowanych-kosmetykow","status":"publish","type":"post","link":"https:\/\/neness.pl\/blog\/czy-mozna-uzywac-przeterminowanych-kosmetykow\/","title":{"rendered":"Czy mo\u017cna u\u017cywa\u0107 przeterminowanych kosmetyk\u00f3w?"},"content":{"rendered":"<p>Kiedy wydajemy mn\u00f3stwo pieni\u0119dzy na wymarzony kosmetyk, trudno nam si\u0119 z nim rozsta\u0107, gdy up\u0142ynie termin jego wa\u017cno\u015bci. Wmawiamy sobie, \u017ce jeszcze tylko tydzie\u0144, \u017ce przecie\u017c nic si\u0119 nie stanie i w rezultacie u\u017cywamy przeterminowanych produkt\u00f3w nawet przez lata! To jednak mo\u017ce spowodowa\u0107 powa\u017cne problemy zdrowotne.<!--more--><\/p>\n<h3>Co dzieje si\u0119 z przeterminowanymi kosmetykami?<\/h3>\n<p>Wed\u0142ug standard\u00f3w europejskich ka\u017cdy kosmetyk powinien wytrzymywa\u0107 <strong>30 miesi\u0119cy od chwili wyprodukowania.<\/strong> Potem jednak zawarte w nim konserwanty przestaj\u0105 dzia\u0142a\u0107, a substancje aktywne, kt\u00f3re ma w sk\u0142adzie, trac\u0105 stabilno\u015b\u0107. Kosmetyk staje si\u0119 doskona\u0142ym miejscem do rozwoju <strong>bakterii,<\/strong> kt\u00f3re s\u0105 bardzo szkodliwe dla zdrowia. Badania naukowc\u00f3w z Uniwersytetu Metropolitan w Londynie dowodz\u0105, \u017ce mog\u0105 one spowodowa\u0107 <strong>nasilenie problem\u00f3w z tr\u0105dzikiem,<\/strong> ale te\u017c du\u017co powa\u017cniejsze choroby &#8211; w skrajnych przypadkach nawet <strong>zapalenie opon m\u00f3zgowych<\/strong> czy <strong>zaka\u017cenie uk\u0142adu oddechowego.<\/strong> Szkodz\u0105 przy tym nie tylko osobom, kt\u00f3re u\u017cywaj\u0105 przeterminowanych kosmetyk\u00f3w, ale te\u017c wszystkim, kt\u00f3rzy maj\u0105 z nimi kontakt &#8211; przenosz\u0105 si\u0119 nawet przez zwyk\u0142y dotyk!<\/p>\n<h3>Po czym pozna\u0107, \u017ce kosmetyk jest przeterminowany?<\/h3>\n<p>Nie ka\u017cda z nas ma nawyk regularnego sprawdzania daty wa\u017cno\u015bci na opakowaniu kosmetyku, jednak to, \u017ce produkt jest zepsuty mo\u017cemy z regu\u0142y pozna\u0107 go\u0142ym okiem. W przypadku <strong>perfum<\/strong> objawem jest skr\u00f3cenie ich trwa\u0142o\u015bci i zm\u0119tnienie. Przeterminowane <strong>kremy w s\u0142oiczku<\/strong> maj\u0105 na wierzchu warstw\u0119 substancji o rzadszej konsystencji ni\u017c sam kosmetyk, a w przypadku tych <strong>w tubce<\/strong> przy wyciskaniu najpierw pojawia si\u0119 woda lub olej. Stara <strong>szminka<\/strong> zmienia sw\u00f3j zapach oraz smak i zbiera si\u0119 w grudkach na ustach. <strong>Lakier do paznokci<\/strong> robi si\u0119 g\u0119sty, <strong>podk\u0142ad i puder<\/strong> zaczynaj\u0105 zostawia\u0107 smugi na twarzy, a <strong>tusz do rz\u0119s<\/strong> staje si\u0119 suchy i grudkowaty. Je\u015bli zaobserwujemy kt\u00f3ry\u015b z tych objaw\u00f3w, oznacza to, \u017ce powinni\u015bmy jak najszybciej pozby\u0107 si\u0119 danego kosmetyku.<\/p>\n<h3>Jak unikn\u0105\u0107 niebezpiecze\u0144stwa?<\/h3>\n<p>Kosmetyki maj\u0105 okre\u015blon\u0105 dat\u0119 przydatno\u015bci do u\u017cycia, jednak odnosi si\u0119 ona do produkt\u00f3w, kt\u00f3re s\u0105 prawid\u0142owo <strong>przechowywane i u\u017cywane w odpowiedni spos\u00f3b.<\/strong> Je\u015bli nie dbamy o nie odpowiednio, mog\u0105 popsu\u0107 si\u0119 nawet szybciej. Jak unikn\u0105\u0107 ich przedwczesnego zestarzenia si\u0119? Przede wszystkim powinni\u015bmy przechowywa\u0107 je w odpowiednich do tego miejscach, o czym pisali\u015bmy ju\u017c <a href=\"http:\/\/ranking-kosmetykow.pl\/2018\/12\/11\/jak-przechowywac-kosmetyki\/\">w jednym z naszych artyku\u0142\u00f3w<\/a>, ale te\u017c stosowa\u0107 je tak, by <strong>uniemo\u017cliwi\u0107 gromadzenie si\u0119 bakterii.<\/strong> Jak to robi\u0107? Nale\u017cy nak\u0142ada\u0107 je nie za pomoc\u0105 palc\u00f3w, ale przeznaczonych do tego p\u0119dzli, g\u0105beczek i szpatu\u0142ek. Warto tak\u017ce cz\u0119sto my\u0107 ciep\u0142\u0105 wod\u0105 z myd\u0142em wszelkie narz\u0119dzia do nak\u0142adania makija\u017cu oraz pami\u0119ta\u0107, by nie pozostawia\u0107 otwartych opakowa\u0144 z kosmetykami.<\/p>\n<p>&nbsp;<\/p>\n","protected":false},"excerpt":{"rendered":"<p>Kiedy wydajemy mn\u00f3stwo pieni\u0119dzy na wymarzony kosmetyk, trudno nam si\u0119 z nim rozsta\u0107, gdy up\u0142ynie termin jego wa\u017cno\u015bci. Wmawiamy sobie, \u017ce jeszcze tylko tydzie\u0144, \u017ce przecie\u017c nic si\u0119 nie stanie i w rezultacie u\u017cywamy przeterminowanych produkt\u00f3w nawet przez lata! To jednak mo\u017ce spowodowa\u0107 powa\u017cne problemy zdrowotne.<\/p>\n","protected":false},"author":2,"featured_media":5463,"comment_status":"open","ping_status":"open","sticky":false,"template":"","format":"standard","meta":{"_et_pb_use_builder":"","_et_pb_old_content":"","_et_gb_content_width":"","footnotes":""},"categories":[185,41],"tags":[],"class_list":["post-5462","post","type-post","status-publish","format-standard","has-post-thumbnail","hentry","category-codzienna-pielegnacja","category-olsniewaj-makijazem","et-has-post-format-content","et_post_format-et-post-format-standard"],"_links":{"self":[{"href":"https:\/\/neness.pl\/blog\/wp-json\/wp\/v2\/posts\/5462","targetHints":{"allow":["GET"]}}],"collection":[{"href":"https:\/\/neness.pl\/blog\/wp-json\/wp\/v2\/posts"}],"about":[{"href":"https:\/\/neness.pl\/blog\/wp-json\/wp\/v2\/types\/post"}],"author":[{"embeddable":true,"href":"https:\/\/neness.pl\/blog\/wp-json\/wp\/v2\/users\/2"}],"replies":[{"embeddable":true,"href":"https:\/\/neness.pl\/blog\/wp-json\/wp\/v2\/comments?post=5462"}],"version-history":[{"count":0,"href":"https:\/\/neness.pl\/blog\/wp-json\/wp\/v2\/posts\/5462\/revisions"}],"wp:featuredmedia":[{"embeddable":true,"href":"https:\/\/neness.pl\/blog\/wp-json\/wp\/v2\/media\/5463"}],"wp:attachment":[{"href":"https:\/\/neness.pl\/blog\/wp-json\/wp\/v2\/media?parent=5462"}],"wp:term":[{"taxonomy":"category","embeddable":true,"href":"https:\/\/neness.pl\/blog\/wp-json\/wp\/v2\/categories?post=5462"},{"taxonomy":"post_tag","embeddable":true,"href":"https:\/\/neness.pl\/blog\/wp-json\/wp\/v2\/tags?post=5462"}],"curies":[{"name":"wp","href":"https:\/\/api.w.org\/{rel}","templated":true}]}}