{"id":5431,"date":"2019-01-10T14:32:20","date_gmt":"2019-01-10T13:32:20","guid":{"rendered":"http:\/\/ranking-kosmetykow.pl\/?p=5431"},"modified":"2019-01-10T14:32:20","modified_gmt":"2019-01-10T13:32:20","slug":"kiedy-makijaz-postarza","status":"publish","type":"post","link":"https:\/\/neness.pl\/blog\/kiedy-makijaz-postarza\/","title":{"rendered":"Kiedy makija\u017c postarza?"},"content":{"rendered":"<p>Make-up potrafi zatuszowa\u0107 niedoskona\u0142o\u015bci cery, uwypukli\u0107 nasze atuty i sprawi\u0107, \u017ce wygl\u0105damy pi\u0119knie i m\u0142odo. \u0141atwo jednak mo\u017ce sta\u0107 si\u0119 tak\u017ce mask\u0105, kt\u00f3ra zamiast doda\u0107 nam uroku, postarzy nas nawet o kilkana\u015bcie lat! Czego unika\u0107 w makija\u017cu, by wygl\u0105da\u0107 \u015bwie\u017co i promiennie i nie podkre\u015bla\u0107 niepotrzebnie oznak starzenia si\u0119 sk\u00f3ry?<!--more--><\/p>\n<h3>Za ciemny podk\u0142ad<\/h3>\n<p>Podk\u0142ad ciemniejszy od cery nigdy nie jest dobrym pomys\u0142em. Nieelegancko odcina si\u0119 od szyi, sprawiaj\u0105c tym samym, \u017ce makija\u017c wygl\u0105da <strong>nienaturalnie.<\/strong> To jednak nie jedyna jego wada \u2013 potrafi on tak\u017ce bardzo postarzy\u0107 nas optycznie. Kosmetyk, zbieraj\u0105c si\u0119 w tworz\u0105cych si\u0119 zmarszczkach i bruzdach, niepotrzebnie zwraca na nie uwag\u0119 i sprawia, \u017ce <strong>wydaj\u0105 si\u0119 du\u017co g\u0142\u0119bsze.<\/strong> Odpowiednio dobrany kolor podk\u0142adu to wi\u0119c podstawa udanego make-upu.<\/p>\n<h3>Zbyt du\u017co kosmetyk\u00f3w matuj\u0105cych<\/h3>\n<p>Kosmetyki o<strong> satynowym wyko\u0144czeniu<\/strong> rozpraszaj\u0105 \u015bwiat\u0142o, dzi\u0119ki czemu skutecznie odwracaj\u0105 uwag\u0119 od wszelkich niedoskona\u0142o\u015bci cery. Dlatego s\u0105 przyjacielem wszystkich kobiet, kt\u00f3re chc\u0105 ukry\u0107 oznaki starzenia. Zupe\u0142nie inny efekt daj\u0105 za to kosmetyki matuj\u0105ce. Podk\u0142ad o takim dzia\u0142aniu po\u0142\u0105czony z nadmiarem pudru nadaj\u0105 sk\u00f3rze karykaturalny wygl\u0105d, kt\u00f3ry dodatkowo<strong> skupia \u015bwiat\u0142o,<\/strong> prezentuj\u0105c w pe\u0142nej krasie wszelkie zmarszczki. Je\u015bli wi\u0119c na naszej sk\u00f3rze pojawiaj\u0105 si\u0119 pierwsze zmarszczki, czas porzuci\u0107 mat i poszuka\u0107 dobrze nawil\u017caj\u0105cego, lekko roz\u015bwietlaj\u0105cego podk\u0142adu, z pudru za\u015b korzysta\u0107 z umiarem.<\/p>\n<h3>Szminka w ciemnym kolorze<\/h3>\n<p>Szminki w ciemnych kolorach przyci\u0105gaj\u0105 nas niczym magnes i wiele z nas uwielbia u\u017cywa\u0107 ich nawet na co dzie\u0144. Jednak sprawiaj\u0105 one, \u017ce usta wydaj\u0105 si\u0119 <strong>mniejsze,<\/strong> co powoduje, \u017ce wydajemy si\u0119 nawet o kilka lat starsze! Dlatego du\u017co bardziej op\u0142aca si\u0119 postawi\u0107 na ja\u015bniejsze koloryty, jak<strong> r\u00f3\u017cowy<\/strong> czy <strong>brzoskwiniowy<\/strong>, albo na <strong>czerwie\u0144.<\/strong> Jeszcze lepszy efekt osi\u0105gniemy, je\u015bli na\u0142o\u017cymy na usta odrobin\u0119 <strong>b\u0142yszczyku<\/strong> \u2013 to powi\u0119kszy je optycznie i nada nam m\u0142odzie\u0144czy wygl\u0105d.<\/p>\n<h3>Mocno po\u0142yskuj\u0105ce cienie<\/h3>\n<p>Je\u015bli delikatnie roz\u015bwietlamy twarz, odm\u0142adzamy j\u0105 i nadamy jej blasku, jednak co za du\u017co, to niezdrowo. Cienie z brokatem dzia\u0142aj\u0105 wr\u0119cz odwrotnie. B\u0142yszcz\u0105ce drobinki szybko <strong>zbieraj\u0105 si\u0119 w zmarszczkach,<\/strong> przyci\u0105gaj\u0105c do nich wzrok i sprawiaj\u0105c, \u017ce sk\u00f3ra wydaje si\u0119 starsza ni\u017c w rzeczywisto\u015bci. Dlatego je\u015bli chcemy odwr\u00f3ci\u0107 uwag\u0119 od kurzych \u0142apek, powinny\u015bmy postawi\u0107 na <strong>matowe cienie,<\/strong> a tych z po\u0142yskiem u\u017cywa\u0107 jedynie do delikatnego roz\u015bwietlenia wewn\u0119trznego k\u0105cika oka.<\/p>\n","protected":false},"excerpt":{"rendered":"<p>Make-up potrafi zatuszowa\u0107 niedoskona\u0142o\u015bci cery, uwypukli\u0107 nasze atuty i sprawi\u0107, \u017ce wygl\u0105damy pi\u0119knie i m\u0142odo. \u0141atwo jednak mo\u017ce sta\u0107 si\u0119 tak\u017ce mask\u0105, kt\u00f3ra zamiast doda\u0107 nam uroku, postarzy nas nawet o kilkana\u015bcie lat! Czego unika\u0107 w makija\u017cu, by wygl\u0105da\u0107 \u015bwie\u017co i promiennie i nie podkre\u015bla\u0107 niepotrzebnie oznak starzenia si\u0119 sk\u00f3ry?<\/p>\n","protected":false},"author":2,"featured_media":5432,"comment_status":"open","ping_status":"open","sticky":false,"template":"","format":"standard","meta":{"_et_pb_use_builder":"","_et_pb_old_content":"","_et_gb_content_width":"","footnotes":""},"categories":[41],"tags":[],"class_list":["post-5431","post","type-post","status-publish","format-standard","has-post-thumbnail","hentry","category-olsniewaj-makijazem","et-has-post-format-content","et_post_format-et-post-format-standard"],"_links":{"self":[{"href":"https:\/\/neness.pl\/blog\/wp-json\/wp\/v2\/posts\/5431","targetHints":{"allow":["GET"]}}],"collection":[{"href":"https:\/\/neness.pl\/blog\/wp-json\/wp\/v2\/posts"}],"about":[{"href":"https:\/\/neness.pl\/blog\/wp-json\/wp\/v2\/types\/post"}],"author":[{"embeddable":true,"href":"https:\/\/neness.pl\/blog\/wp-json\/wp\/v2\/users\/2"}],"replies":[{"embeddable":true,"href":"https:\/\/neness.pl\/blog\/wp-json\/wp\/v2\/comments?post=5431"}],"version-history":[{"count":0,"href":"https:\/\/neness.pl\/blog\/wp-json\/wp\/v2\/posts\/5431\/revisions"}],"wp:featuredmedia":[{"embeddable":true,"href":"https:\/\/neness.pl\/blog\/wp-json\/wp\/v2\/media\/5432"}],"wp:attachment":[{"href":"https:\/\/neness.pl\/blog\/wp-json\/wp\/v2\/media?parent=5431"}],"wp:term":[{"taxonomy":"category","embeddable":true,"href":"https:\/\/neness.pl\/blog\/wp-json\/wp\/v2\/categories?post=5431"},{"taxonomy":"post_tag","embeddable":true,"href":"https:\/\/neness.pl\/blog\/wp-json\/wp\/v2\/tags?post=5431"}],"curies":[{"name":"wp","href":"https:\/\/api.w.org\/{rel}","templated":true}]}}