{"id":5419,"date":"2019-01-08T13:12:35","date_gmt":"2019-01-08T12:12:35","guid":{"rendered":"http:\/\/ranking-kosmetykow.pl\/?p=5419"},"modified":"2019-01-08T13:12:35","modified_gmt":"2019-01-08T12:12:35","slug":"najlepsze-fryzury-na-slub","status":"publish","type":"post","link":"https:\/\/neness.pl\/blog\/najlepsze-fryzury-na-slub\/","title":{"rendered":"Najlepsze fryzury na \u015blub"},"content":{"rendered":"<p>Wyb\u00f3r odpowiedniej fryzury \u015blubnej sp\u0119dza pannom m\u0142odym sen z powiek cz\u0119sto nawet przez d\u0142ugie tygodnie. Na jak\u0105 si\u0119 zdecydowa\u0107, by pasowa\u0142a do sukni i stylu, w jakim organizowane jest wesele? Kt\u00f3ra b\u0119dzie najwygodniejsza? I, oczywi\u015bcie, co jest aktualnie modne? Dlatego w\u0142a\u015bnie dzisiaj omawiamy, jakie fryzury \u015blubne b\u0119d\u0105 popularne w najbli\u017cszych miesi\u0105cach.<!--more--><\/p>\n<h3>Lu\u017ane upi\u0119cia<\/h3>\n<p>Czasy, w kt\u00f3rych panny m\u0142ode mia\u0142y na g\u0142owach sztywne koki, kt\u00f3re a\u017c \u015bwieci\u0142y si\u0119 od nadmiaru lakieru, dawno ju\u017c odesz\u0142y w niepami\u0119\u0107. Teraz na \u015blubnych ceremoniach rz\u0105dz\u0105 przede wszystkim <strong>lu\u017ane, niskie upi\u0119cia<\/strong>, kt\u00f3re sprawiaj\u0105 wra\u017cenie niedba\u0142ych. Prosty kok z kilkoma pasmami swobodnie, pozornie przypadkiem wymykaj\u0105cymi si\u0119 wsuwkom, b\u0119dzie idealne pasowa\u0142 nawet do bardzo eleganckich sukien. By osi\u0105gn\u0105\u0107 jeszcze pi\u0119kniejszy efekt, warto wpi\u0105\u0107 we w\u0142osy <strong>srebrn\u0105 lub z\u0142ot\u0105 spink\u0119 albo kwiat.<\/strong><\/p>\n<div id=\"attachment_5421\" style=\"width: 710px\" class=\"wp-caption aligncenter\"><img loading=\"lazy\" decoding=\"async\" aria-describedby=\"caption-attachment-5421\" class=\"wp-image-5421\" src=\"http:\/\/ranking-kosmetykow.pl\/wp-content\/uploads\/2019\/01\/AdobeStock_97579663-1024x683.jpeg\" alt=\"\" width=\"700\" height=\"467\" srcset=\"https:\/\/neness.pl\/blog\/wp-content\/uploads\/2019\/01\/AdobeStock_97579663-1024x683.jpeg 1024w, https:\/\/neness.pl\/blog\/wp-content\/uploads\/2019\/01\/AdobeStock_97579663-300x200.jpeg 300w, https:\/\/neness.pl\/blog\/wp-content\/uploads\/2019\/01\/AdobeStock_97579663-768x512.jpeg 768w, https:\/\/neness.pl\/blog\/wp-content\/uploads\/2019\/01\/AdobeStock_97579663-1536x1024.jpeg 1536w, https:\/\/neness.pl\/blog\/wp-content\/uploads\/2019\/01\/AdobeStock_97579663-2048x1365.jpeg 2048w, https:\/\/neness.pl\/blog\/wp-content\/uploads\/2019\/01\/AdobeStock_97579663-1080x720.jpeg 1080w, https:\/\/neness.pl\/blog\/wp-content\/uploads\/2019\/01\/AdobeStock_97579663-610x407.jpeg 610w\" sizes=\"auto, (max-width: 700px) 100vw, 700px\" \/><p id=\"caption-attachment-5421\" class=\"wp-caption-text\">AdobeStock, autor: Maryia Bahutskaya, 97579663<\/p><\/div>\n<h3>Look w stylu boho<\/h3>\n<p>Na wi\u0119ksz\u0105 swobod\u0119 mog\u0105 pozwoli\u0107 sobie panny m\u0142ode, kt\u00f3re wybieraj\u0105 zwiewne, proste suknie. Te nie musz\u0105 wcale upina\u0107 w\u0142os\u00f3w. Do tego typu stroju idealnie b\u0119d\u0105 pasowa\u0107 <strong>romantyczne fale<\/strong> lu\u017ano opadaj\u0105ce na ramiona. Do takiego uczesania mo\u017cemy oczywi\u015bcie za\u0142o\u017cy\u0107 tradycyjny welon, pi\u0119knie b\u0119dzie wygl\u0105da\u0142 przy nim jednak r\u00f3wnie\u017c <strong>wianek z kwiat\u00f3w.<\/strong> Mo\u017ce by\u0107 on wykonany z ro\u015blin o bia\u0142ych p\u0142atach, mo\u017cna jednak te\u017c wprowadzi\u0107 do swojego wizerunku nieco intensywniejsze barwy i zdecydowa\u0107 si\u0119 na wianek z czerwonych kwiat\u00f3w lub nawet <strong>wielobarwny.<\/strong> W po\u0142\u0105czeniu ze zwiewn\u0105 sukni\u0105 da to wra\u017cenie lekko\u015bci i eteryczno\u015bci. Jest to fryzura idealna dla romantycznych panien m\u0142odych, kt\u00f3re marz\u0105 o looku w stylu pi\u0119knej nimfy.<\/p>\n<div id=\"attachment_5422\" style=\"width: 710px\" class=\"wp-caption aligncenter\"><img loading=\"lazy\" decoding=\"async\" aria-describedby=\"caption-attachment-5422\" class=\"wp-image-5422\" src=\"http:\/\/ranking-kosmetykow.pl\/wp-content\/uploads\/2019\/01\/AdobeStock_108642240-1024x683.jpeg\" alt=\"\" width=\"700\" height=\"467\" srcset=\"https:\/\/neness.pl\/blog\/wp-content\/uploads\/2019\/01\/AdobeStock_108642240-1024x683.jpeg 1024w, https:\/\/neness.pl\/blog\/wp-content\/uploads\/2019\/01\/AdobeStock_108642240-300x200.jpeg 300w, https:\/\/neness.pl\/blog\/wp-content\/uploads\/2019\/01\/AdobeStock_108642240-768x512.jpeg 768w, https:\/\/neness.pl\/blog\/wp-content\/uploads\/2019\/01\/AdobeStock_108642240-1080x720.jpeg 1080w, https:\/\/neness.pl\/blog\/wp-content\/uploads\/2019\/01\/AdobeStock_108642240-610x407.jpeg 610w, https:\/\/neness.pl\/blog\/wp-content\/uploads\/2019\/01\/AdobeStock_108642240.jpeg 1200w\" sizes=\"auto, (max-width: 700px) 100vw, 700px\" \/><p id=\"caption-attachment-5422\" class=\"wp-caption-text\">AdobeStock, autor: melanjurga, 108642240<\/p><\/div>\n<h3>Powr\u00f3t do tradycji<\/h3>\n<p>W modzie s\u0105 tak\u017ce wszystkie fryzury w stylu ludowym. Je\u015bli wi\u0119c mamy \u015blub w najbli\u017cszych miesi\u0105cach, \u015bmia\u0142o mo\u017cemy zdecydowa\u0107 si\u0119 nawet na tradycyjne <strong>warkocze<\/strong>! \u015awietnie sprawdzaj\u0105 si\u0119 tak\u017ce <strong>k\u0142osy<\/strong> czy <strong>warkocze dobierane.<\/strong> Fryzury tego typu b\u0119d\u0105 pasowa\u0142y do sukienek w stylu boho lub nawi\u0105zuj\u0105cych do motyw\u00f3w ludowych, nie b\u0119d\u0105 jednak dobrze wsp\u00f3\u0142gra\u0142y z bardzo eleganckimi kreacjami. Przy takich sukniach najlepiej zdecydowa\u0107 si\u0119 na koka, a warkocz lub plecionk\u0119 uczyni\u0107 tylko jednym z motyw\u00f3w we fryzurze. Delikatny dobieraniec mo\u017ce znale\u017a\u0107 si\u0119 z boku upi\u0119cia lub ople\u015b\u0107 g\u0142ow\u0119 na kszta\u0142t korony. Oczywi\u015bcie do takich fryzur r\u00f3wnie\u017c doskonale pasuj\u0105 kwiaty.<\/p>\n","protected":false},"excerpt":{"rendered":"<p>Wyb\u00f3r odpowiedniej fryzury \u015blubnej sp\u0119dza pannom m\u0142odym sen z powiek cz\u0119sto nawet przez d\u0142ugie tygodnie. Na jak\u0105 si\u0119 zdecydowa\u0107, by pasowa\u0142a do sukni i stylu, w jakim organizowane jest wesele? Kt\u00f3ra b\u0119dzie najwygodniejsza? I, oczywi\u015bcie, co jest aktualnie modne? Dlatego w\u0142a\u015bnie dzisiaj omawiamy, jakie fryzury \u015blubne b\u0119d\u0105 popularne w najbli\u017cszych miesi\u0105cach.<\/p>\n","protected":false},"author":2,"featured_media":5420,"comment_status":"open","ping_status":"open","sticky":false,"template":"","format":"standard","meta":{"_et_pb_use_builder":"","_et_pb_old_content":"","_et_gb_content_width":"","footnotes":""},"categories":[48],"tags":[],"class_list":["post-5419","post","type-post","status-publish","format-standard","has-post-thumbnail","hentry","category-wlosy-idealne","et-has-post-format-content","et_post_format-et-post-format-standard"],"_links":{"self":[{"href":"https:\/\/neness.pl\/blog\/wp-json\/wp\/v2\/posts\/5419","targetHints":{"allow":["GET"]}}],"collection":[{"href":"https:\/\/neness.pl\/blog\/wp-json\/wp\/v2\/posts"}],"about":[{"href":"https:\/\/neness.pl\/blog\/wp-json\/wp\/v2\/types\/post"}],"author":[{"embeddable":true,"href":"https:\/\/neness.pl\/blog\/wp-json\/wp\/v2\/users\/2"}],"replies":[{"embeddable":true,"href":"https:\/\/neness.pl\/blog\/wp-json\/wp\/v2\/comments?post=5419"}],"version-history":[{"count":0,"href":"https:\/\/neness.pl\/blog\/wp-json\/wp\/v2\/posts\/5419\/revisions"}],"wp:featuredmedia":[{"embeddable":true,"href":"https:\/\/neness.pl\/blog\/wp-json\/wp\/v2\/media\/5420"}],"wp:attachment":[{"href":"https:\/\/neness.pl\/blog\/wp-json\/wp\/v2\/media?parent=5419"}],"wp:term":[{"taxonomy":"category","embeddable":true,"href":"https:\/\/neness.pl\/blog\/wp-json\/wp\/v2\/categories?post=5419"},{"taxonomy":"post_tag","embeddable":true,"href":"https:\/\/neness.pl\/blog\/wp-json\/wp\/v2\/tags?post=5419"}],"curies":[{"name":"wp","href":"https:\/\/api.w.org\/{rel}","templated":true}]}}