{"id":5414,"date":"2019-01-04T09:15:08","date_gmt":"2019-01-04T08:15:08","guid":{"rendered":"http:\/\/ranking-kosmetykow.pl\/?p=5414"},"modified":"2019-01-04T09:15:08","modified_gmt":"2019-01-04T08:15:08","slug":"trendy-makijazowe-na-karnawal","status":"publish","type":"post","link":"https:\/\/neness.pl\/blog\/trendy-makijazowe-na-karnawal\/","title":{"rendered":"Trendy makija\u017cowe na karnawa\u0142"},"content":{"rendered":"<p>Sylwester 2018 ju\u017c przeszed\u0142 do historii, ale przed nami ca\u0142y karnawa\u0142, podczas kt\u00f3rego mo\u017cemy bawi\u0107 si\u0119 jak nigdy w \u017cyciu! Wybieracie si\u0119 na jak\u0105\u015b szalon\u0105 imprez\u0119? W tym roku zdecydowanie mo\u017cecie zaszale\u0107 i zrobi\u0107 sobie <strong>naprawd\u0119 spektakularny makija\u017c<\/strong>. Zobaczcie, co jest modne w tym sezonie.<!--more--><\/p>\n<h3>R\u00f3\u017cowe lata&#8230; 80.<\/h3>\n<p>Ten karnawa\u0142 to wielki powr\u00f3t trend\u00f3w makija\u017cowych rodem z lat 80. Oczywi\u015bcie w nieco innym wydaniu. Oznacza to, \u017ce na imprez\u0119 \u015bmia\u0142o mo\u017cecie na\u0142o\u017cy\u0107 na powieki cie\u0144<strong> w intensywnych, wr\u0119cz neonowych barwach<\/strong>. Zielony, niebieski, r\u00f3\u017cowy, fioletowy \u2013 wszystkie chwyty dozwolone. Mo\u017cecie tak\u017ce spr\u00f3bowa\u0107 <strong>po\u0142\u0105czy\u0107 dwa kolory<\/strong> \u2013 to daje naprawd\u0119 \u015bwietny efekt. Wa\u017cne jednak, by nie cieniowa\u0107 barw. W tym roku <strong>pozostawiamy wyra\u017anie kontury.<\/strong><\/p>\n<div id=\"attachment_5416\" style=\"width: 360px\" class=\"wp-caption aligncenter\"><a href=\"https:\/\/neness.pl\/pl\/p\/NYX-Brokat-Do-Twarzy-i-Ciala-Face-Body-Glitter\/5123\"><img loading=\"lazy\" decoding=\"async\" aria-describedby=\"caption-attachment-5416\" class=\"wp-image-5416\" src=\"http:\/\/ranking-kosmetykow.pl\/wp-content\/uploads\/2019\/01\/2864118f8e6d3686bd40bf742f7a4ff3-1024x763.jpg\" alt=\"\" width=\"350\" height=\"261\" srcset=\"https:\/\/neness.pl\/blog\/wp-content\/uploads\/2019\/01\/2864118f8e6d3686bd40bf742f7a4ff3-1024x763.jpg 1024w, https:\/\/neness.pl\/blog\/wp-content\/uploads\/2019\/01\/2864118f8e6d3686bd40bf742f7a4ff3-300x224.jpg 300w, https:\/\/neness.pl\/blog\/wp-content\/uploads\/2019\/01\/2864118f8e6d3686bd40bf742f7a4ff3-768x572.jpg 768w, https:\/\/neness.pl\/blog\/wp-content\/uploads\/2019\/01\/2864118f8e6d3686bd40bf742f7a4ff3-510x382.jpg 510w, https:\/\/neness.pl\/blog\/wp-content\/uploads\/2019\/01\/2864118f8e6d3686bd40bf742f7a4ff3-1080x805.jpg 1080w, https:\/\/neness.pl\/blog\/wp-content\/uploads\/2019\/01\/2864118f8e6d3686bd40bf742f7a4ff3-610x455.jpg 610w, https:\/\/neness.pl\/blog\/wp-content\/uploads\/2019\/01\/2864118f8e6d3686bd40bf742f7a4ff3.jpg 1433w\" sizes=\"auto, (max-width: 350px) 100vw, 350px\" \/><\/a><p id=\"caption-attachment-5416\" class=\"wp-caption-text\">NYX Brokat Do Twarzy i Cia\u0142a Face &amp; Body Glitter \/ 29,90 z\u0142<\/p><\/div>\n<h3>Makija\u017c pe\u0142en blasku<\/h3>\n<p>Ten sezon to r\u00f3wnie\u017c <strong>powr\u00f3t brokatu.<\/strong> Widzimy go na sukienkach, butach, torebkach, ale obecny jest tak\u017ce w makija\u017cu. Mo\u017cecie na\u0142o\u017cy\u0107 go na <strong>powieki, policzki czy nawet usta<\/strong> i ol\u015bni\u0107 swoim wygl\u0105dem wszystkich zebranych! Warto jednak zachowa\u0107 tu pewien umiar. Je\u015bli nak\u0142adacie brokat na powieki i ko\u015bci policzkowe, usta niech sprawiaj\u0105 wra\u017cenie naturalnych. Je\u015bli za\u015b decydujecie, \u017ce to wargi maj\u0105 l\u015bni\u0107, na powieki na\u0142\u00f3\u017ccie jedynie odrobin\u0119 brokatu.<\/p>\n<h3>Arabski szyk<\/h3>\n<p>Mo\u017cecie te\u017c pozwoli\u0107 sobie na wprowadzenie do makija\u017cu odrobiny egzotyki. Tej zimy kr\u00f3luje tak\u017ce <strong>make-up arabski.<\/strong> Co to oznacza? Ot\u00f3\u017c to, \u017ce w wieczorowym makija\u017cu mocno <strong>podkre\u015blamy oko intensywn\u0105, smolist\u0105 czerni\u0105.<\/strong> Arabki, \u017ceby osi\u0105gn\u0105\u0107 taki efekt, stosuj\u0105 kohl, jednak jest on trudny w u\u017cycie (zw\u0142aszcza w sproszkowanej formie). Podobny efekt mo\u017cecie jednak osi\u0105gn\u0105\u0107, <strong>kilka razy obrysowuj\u0105c kontur oka czarnym eyelinerem.<\/strong> Je\u015bli decydujecie si\u0119 na tak\u0105 opraw\u0119 oka, najlepiej u\u017cy\u0107 tak\u017ce mocno kryj\u0105cego podk\u0142adu do twarzy oraz matowej szminki.<\/p>\n<div id=\"attachment_5417\" style=\"width: 360px\" class=\"wp-caption aligncenter\"><a href=\"https:\/\/neness.pl\/pl\/p\/E.L.F.-Matowe-Pomadki-Velvet-Matte-Lipstick\/5219\"><img loading=\"lazy\" decoding=\"async\" aria-describedby=\"caption-attachment-5417\" class=\"wp-image-5417\" src=\"http:\/\/ranking-kosmetykow.pl\/wp-content\/uploads\/2019\/01\/37542eddae62a067abc8712e20334609.jpg\" alt=\"\" width=\"350\" height=\"350\" srcset=\"https:\/\/neness.pl\/blog\/wp-content\/uploads\/2019\/01\/37542eddae62a067abc8712e20334609.jpg 800w, https:\/\/neness.pl\/blog\/wp-content\/uploads\/2019\/01\/37542eddae62a067abc8712e20334609-300x300.jpg 300w, https:\/\/neness.pl\/blog\/wp-content\/uploads\/2019\/01\/37542eddae62a067abc8712e20334609-150x150.jpg 150w, https:\/\/neness.pl\/blog\/wp-content\/uploads\/2019\/01\/37542eddae62a067abc8712e20334609-768x768.jpg 768w, https:\/\/neness.pl\/blog\/wp-content\/uploads\/2019\/01\/37542eddae62a067abc8712e20334609-610x610.jpg 610w, https:\/\/neness.pl\/blog\/wp-content\/uploads\/2019\/01\/37542eddae62a067abc8712e20334609-440x440.jpg 440w\" sizes=\"auto, (max-width: 350px) 100vw, 350px\" \/><\/a><p id=\"caption-attachment-5417\" class=\"wp-caption-text\">E.L.F. Matowe Pomadki Velvet Matte Lipstick \/ 19,50 z\u0142<\/p><\/div>\n<h3>Podkre\u015blamy usta!<\/h3>\n<p>Je\u015bli nie czujecie si\u0119 dobrze z mocno pomalowanymi oczami, dominuj\u0105cym elementem Waszego makija\u017cu mog\u0105 sta\u0107 si\u0119 usta. W tym roku na topie zn\u00f3w jest <strong>intensywna czerwie\u0144.<\/strong> Mo\u017cecie jednak zdecydowa\u0107 si\u0119 te\u017c na kolor <strong>ciemnobordowy, br\u0105zowy czy nawet czarny.<\/strong> Aby ca\u0142o\u015b\u0107 nabra\u0142a karnawa\u0142owego szyku, mo\u017cecie dodatkowo pokry\u0107 usta <strong>odrobin\u0105 brokatu.<\/strong> Oczywi\u015bcie, stosuj\u0105c tak intensywne kolory, warto najpierw starannie obrysowa\u0107 usta kontur\u00f3wk\u0105, co pozwoli precyzyjniej pokry\u0107 wargi szmink\u0105.<\/p>\n","protected":false},"excerpt":{"rendered":"<p>Sylwester 2018 ju\u017c przeszed\u0142 do historii, ale przed nami ca\u0142y karnawa\u0142, podczas kt\u00f3rego mo\u017cemy bawi\u0107 si\u0119 jak nigdy w \u017cyciu! Wybieracie si\u0119 na jak\u0105\u015b szalon\u0105 imprez\u0119? W tym roku zdecydowanie mo\u017cecie zaszale\u0107 i zrobi\u0107 sobie naprawd\u0119 spektakularny makija\u017c. Zobaczcie, co jest modne w tym sezonie.<\/p>\n","protected":false},"author":2,"featured_media":5415,"comment_status":"open","ping_status":"open","sticky":false,"template":"","format":"standard","meta":{"_et_pb_use_builder":"","_et_pb_old_content":"","_et_gb_content_width":"","footnotes":""},"categories":[41,6],"tags":[],"class_list":["post-5414","post","type-post","status-publish","format-standard","has-post-thumbnail","hentry","category-olsniewaj-makijazem","category-trendy","et-has-post-format-content","et_post_format-et-post-format-standard"],"_links":{"self":[{"href":"https:\/\/neness.pl\/blog\/wp-json\/wp\/v2\/posts\/5414","targetHints":{"allow":["GET"]}}],"collection":[{"href":"https:\/\/neness.pl\/blog\/wp-json\/wp\/v2\/posts"}],"about":[{"href":"https:\/\/neness.pl\/blog\/wp-json\/wp\/v2\/types\/post"}],"author":[{"embeddable":true,"href":"https:\/\/neness.pl\/blog\/wp-json\/wp\/v2\/users\/2"}],"replies":[{"embeddable":true,"href":"https:\/\/neness.pl\/blog\/wp-json\/wp\/v2\/comments?post=5414"}],"version-history":[{"count":0,"href":"https:\/\/neness.pl\/blog\/wp-json\/wp\/v2\/posts\/5414\/revisions"}],"wp:featuredmedia":[{"embeddable":true,"href":"https:\/\/neness.pl\/blog\/wp-json\/wp\/v2\/media\/5415"}],"wp:attachment":[{"href":"https:\/\/neness.pl\/blog\/wp-json\/wp\/v2\/media?parent=5414"}],"wp:term":[{"taxonomy":"category","embeddable":true,"href":"https:\/\/neness.pl\/blog\/wp-json\/wp\/v2\/categories?post=5414"},{"taxonomy":"post_tag","embeddable":true,"href":"https:\/\/neness.pl\/blog\/wp-json\/wp\/v2\/tags?post=5414"}],"curies":[{"name":"wp","href":"https:\/\/api.w.org\/{rel}","templated":true}]}}