{"id":5393,"date":"2018-12-18T13:09:36","date_gmt":"2018-12-18T12:09:36","guid":{"rendered":"http:\/\/ranking-kosmetykow.pl\/?p=5393"},"modified":"2018-12-18T13:09:36","modified_gmt":"2018-12-18T12:09:36","slug":"swiateczny-manicure-ciekawe-pomysly","status":"publish","type":"post","link":"https:\/\/neness.pl\/blog\/swiateczny-manicure-ciekawe-pomysly\/","title":{"rendered":"\u015awi\u0105teczny manicure \u2013 ciekawe pomys\u0142y"},"content":{"rendered":"<p>Coraz bardziej niecierpliwie odliczamy ju\u017c dni, kt\u00f3re pozosta\u0142y do Bo\u017cego Narodzenia. Pakujemy, prezenty, sprz\u0105tamy mieszkania, dekorujemy domy i dopinamy na ostatni guzik \u015bwi\u0105teczne menu. Jednak przy tych wszystkich przygotowaniach warto te\u017c znale\u017a\u0107 chwil\u0119 na zadbanie o <strong>pi\u0119kny, gwiazdkowy manicure,<\/strong> kt\u00f3ry zachwyci naszych bliskich. Jakie wzory s\u0105 szczeg\u00f3lnie modne w tym okresie?<!--more--><\/p>\n<div id=\"attachment_5400\" style=\"width: 610px\" class=\"wp-caption aligncenter\"><img loading=\"lazy\" decoding=\"async\" aria-describedby=\"caption-attachment-5400\" class=\"wp-image-5400\" src=\"http:\/\/ranking-kosmetykow.pl\/wp-content\/uploads\/2018\/12\/Fotolia_98946859_Subscription_XXL.jpg\" alt=\"\" width=\"600\" height=\"428\" srcset=\"https:\/\/neness.pl\/blog\/wp-content\/uploads\/2018\/12\/Fotolia_98946859_Subscription_XXL.jpg 849w, https:\/\/neness.pl\/blog\/wp-content\/uploads\/2018\/12\/Fotolia_98946859_Subscription_XXL-300x214.jpg 300w, https:\/\/neness.pl\/blog\/wp-content\/uploads\/2018\/12\/Fotolia_98946859_Subscription_XXL-768x548.jpg 768w, https:\/\/neness.pl\/blog\/wp-content\/uploads\/2018\/12\/Fotolia_98946859_Subscription_XXL-400x284.jpg 400w, https:\/\/neness.pl\/blog\/wp-content\/uploads\/2018\/12\/Fotolia_98946859_Subscription_XXL-610x435.jpg 610w\" sizes=\"auto, (max-width: 600px) 100vw, 600px\" \/><p id=\"caption-attachment-5400\" class=\"wp-caption-text\">Fotolia #98946859 | Autor: honcharr<\/p><\/div>\n<h3>W duchu \u015awi\u0105t<\/h3>\n<p>\u015awi\u0119ta to czas, w kt\u00f3rym szczeg\u00f3ln\u0105 popularno\u015b\u0107 zyskuj\u0105 <strong>bardzo intensywne barwy.<\/strong> Oczywi\u015bcie wiecznie modna jest tutaj <strong>czerwie\u0144,<\/strong> warto jednak zaopatrzy\u0107 si\u0119 te\u017c w lakier w kolorze <strong>butelkowej zieleni<\/strong> czy <strong>granatowy.<\/strong> \u015awietnie sprawdzaj\u0105 si\u0119 r\u00f3wnie\u017c po\u0142\u0105czenia tych kolor\u00f3w \u2013 na przyk\u0142ad manicure w czerwono-zielone paski z odrobin\u0105 z\u0142ota. Wtedy nasze paznokcie wygl\u0105daj\u0105 jak pi\u0119knie zapakowane prezenty pod choink\u0105! Mo\u017cemy jednak r\u00f3wnie\u017c zdecydowa\u0107 si\u0119 na bardziej stonowane po\u0142\u0105czenia kolorystyczne \u2013 hitem \u015bwi\u0105t s\u0105 paznokcie <strong>o czerwonej barwie z pomalowan\u0105 na z\u0142oto ko\u0144c\u00f3wk\u0105<\/strong> \u2013 \u00e0 la manicure francuski.<\/p>\n<div id=\"attachment_5398\" style=\"width: 360px\" class=\"wp-caption aligncenter\"><a href=\"https:\/\/neness.pl\/pl\/p\/Hi-Hybrid-Lakier-Hybrydowy-233-Neon-Red-5ml\/5544\"><img loading=\"lazy\" decoding=\"async\" aria-describedby=\"caption-attachment-5398\" class=\"wp-image-5398\" src=\"http:\/\/ranking-kosmetykow.pl\/wp-content\/uploads\/2018\/12\/cf352c54bd15c9eb11e47d9073da7d2e.jpg\" alt=\"\" width=\"350\" height=\"327\" srcset=\"https:\/\/neness.pl\/blog\/wp-content\/uploads\/2018\/12\/cf352c54bd15c9eb11e47d9073da7d2e.jpg 750w, https:\/\/neness.pl\/blog\/wp-content\/uploads\/2018\/12\/cf352c54bd15c9eb11e47d9073da7d2e-300x280.jpg 300w, https:\/\/neness.pl\/blog\/wp-content\/uploads\/2018\/12\/cf352c54bd15c9eb11e47d9073da7d2e-610x569.jpg 610w\" sizes=\"auto, (max-width: 350px) 100vw, 350px\" \/><\/a><p id=\"caption-attachment-5398\" class=\"wp-caption-text\">Hi Hybrid Lakier Hybrydowy 233 Neon Red 5ml \/ 19,99 z\u0142<\/p><\/div>\n<h3>Z przymru\u017ceniem oka<\/h3>\n<p>W tym okresie mo\u017cemy zdecydowa\u0107 si\u0119 te\u017c na urocze <strong>wzorki na paznokciach.<\/strong> Oczywi\u015bcie nic nie stoi na przeszkodzie, by wykona\u0107 je samemu, jednak na rynku dost\u0119pne s\u0105 tak\u017ce pi\u0119kne naklejki, kt\u00f3rych na\u0142o\u017cenie jest o wiele prostsze. Wystarczy przyklei\u0107 je na p\u0142ytk\u0119 paznokcia, a nast\u0119pnie pokry\u0107 topem. Wiele wzor\u00f3w przystosowanych jest do lakier\u00f3w hybrydowych. Tutaj nieodmiennie rz\u0105dz\u0105 <strong>miko\u0142aje, ciastkowe ludki, choinki<\/strong> i oczywi\u015bcie<strong> renifery<\/strong>, szczeg\u00f3lnie nasz ulubieniec z czerwonym nosem.<\/p>\n<div id=\"attachment_5395\" style=\"width: 610px\" class=\"wp-caption aligncenter\"><img loading=\"lazy\" decoding=\"async\" aria-describedby=\"caption-attachment-5395\" class=\"wp-image-5395\" src=\"http:\/\/ranking-kosmetykow.pl\/wp-content\/uploads\/2018\/12\/Fotolia_98655330_Subscription_Monthly_M-1024x906.jpg\" alt=\"\" width=\"600\" height=\"531\" srcset=\"https:\/\/neness.pl\/blog\/wp-content\/uploads\/2018\/12\/Fotolia_98655330_Subscription_Monthly_M-1024x906.jpg 1024w, https:\/\/neness.pl\/blog\/wp-content\/uploads\/2018\/12\/Fotolia_98655330_Subscription_Monthly_M-300x266.jpg 300w, https:\/\/neness.pl\/blog\/wp-content\/uploads\/2018\/12\/Fotolia_98655330_Subscription_Monthly_M-768x680.jpg 768w, https:\/\/neness.pl\/blog\/wp-content\/uploads\/2018\/12\/Fotolia_98655330_Subscription_Monthly_M-1080x956.jpg 1080w, https:\/\/neness.pl\/blog\/wp-content\/uploads\/2018\/12\/Fotolia_98655330_Subscription_Monthly_M-610x540.jpg 610w, https:\/\/neness.pl\/blog\/wp-content\/uploads\/2018\/12\/Fotolia_98655330_Subscription_Monthly_M.jpg 1200w\" sizes=\"auto, (max-width: 600px) 100vw, 600px\" \/><p id=\"caption-attachment-5395\" class=\"wp-caption-text\">Fotolia #98655330 | Autor: izdebska<\/p><\/div>\n<h3>Na mro\u017ane dni<\/h3>\n<p>Bo\u017ce Narodzenie to jednak r\u00f3wnie\u017c wspania\u0142a okazja, by zafundowa\u0107 sobie typowo zimowy manicure. Popularne s\u0105 w tym okresie <strong>p\u0142atki \u015bniegu wykonane na granatowym lub szarym tle<\/strong>, ale tak\u017ce <strong>wzory przypominaj\u0105ce grube, zimowe swetry.<\/strong> Pi\u0119knym motywem zimowym s\u0105 r\u00f3wnie\u017c urocze <strong>ba\u0142wanki.<\/strong> Mo\u017cemy te\u017c po\u0142\u0105czy\u0107 motyw zimowy ze \u015bwi\u0105tecznym i p\u0142atki \u015bniegu namalowa\u0107 na paznokciach pokrytych czerwonym, po\u0142yskuj\u0105cym lakierem.<\/p>\n<div id=\"attachment_5396\" style=\"width: 610px\" class=\"wp-caption aligncenter\"><img loading=\"lazy\" decoding=\"async\" aria-describedby=\"caption-attachment-5396\" class=\"wp-image-5396\" src=\"http:\/\/ranking-kosmetykow.pl\/wp-content\/uploads\/2018\/12\/Fotolia_187364079_Subscription_XXL-1024x683.jpg\" alt=\"\" width=\"600\" height=\"400\" srcset=\"https:\/\/neness.pl\/blog\/wp-content\/uploads\/2018\/12\/Fotolia_187364079_Subscription_XXL-1024x683.jpg 1024w, https:\/\/neness.pl\/blog\/wp-content\/uploads\/2018\/12\/Fotolia_187364079_Subscription_XXL-300x200.jpg 300w, https:\/\/neness.pl\/blog\/wp-content\/uploads\/2018\/12\/Fotolia_187364079_Subscription_XXL-768x513.jpg 768w, https:\/\/neness.pl\/blog\/wp-content\/uploads\/2018\/12\/Fotolia_187364079_Subscription_XXL-1536x1025.jpg 1536w, https:\/\/neness.pl\/blog\/wp-content\/uploads\/2018\/12\/Fotolia_187364079_Subscription_XXL-2048x1367.jpg 2048w, https:\/\/neness.pl\/blog\/wp-content\/uploads\/2018\/12\/Fotolia_187364079_Subscription_XXL-1080x721.jpg 1080w, https:\/\/neness.pl\/blog\/wp-content\/uploads\/2018\/12\/Fotolia_187364079_Subscription_XXL-610x407.jpg 610w\" sizes=\"auto, (max-width: 600px) 100vw, 600px\" \/><p id=\"caption-attachment-5396\" class=\"wp-caption-text\">Fotolia #187364079 | Autor: martingaal<\/p><\/div>\n<h3>Paznokcie z b\u0142yskiem<\/h3>\n<p>Hitem tego sezonu jest r\u00f3wnie\u017c <strong>brokat<\/strong>. Tej zimy mo\u017cemy zafundowa\u0107 sobie paznokcie pokryte jednolitym, b\u0142yszcz\u0105cym lakierem lub te\u017c pomalowa\u0107 je zwyk\u0142ym lakierem, a <strong>brokatem pokry\u0107 tylko cz\u0119\u015b\u0107 p\u0142ytki.<\/strong> Taki manicure b\u0119dzie idealny nie tylko na \u015bwiata, ale te\u017c na Sylwestra i ca\u0142y karnawa\u0142!<\/p>\n<div id=\"attachment_5397\" style=\"width: 360px\" class=\"wp-caption aligncenter\"><a href=\"https:\/\/neness.pl\/pl\/p\/Hi-Hybrid-Lakier-Hybrydowy-104-White-Crystals-5ml\/5505\"><img loading=\"lazy\" decoding=\"async\" aria-describedby=\"caption-attachment-5397\" class=\"wp-image-5397\" src=\"http:\/\/ranking-kosmetykow.pl\/wp-content\/uploads\/2018\/12\/ca488f362292b6c5a6896a5b7d442265.jpg\" alt=\"\" width=\"350\" height=\"327\" srcset=\"https:\/\/neness.pl\/blog\/wp-content\/uploads\/2018\/12\/ca488f362292b6c5a6896a5b7d442265.jpg 750w, https:\/\/neness.pl\/blog\/wp-content\/uploads\/2018\/12\/ca488f362292b6c5a6896a5b7d442265-300x280.jpg 300w, https:\/\/neness.pl\/blog\/wp-content\/uploads\/2018\/12\/ca488f362292b6c5a6896a5b7d442265-610x569.jpg 610w\" sizes=\"auto, (max-width: 350px) 100vw, 350px\" \/><\/a><p id=\"caption-attachment-5397\" class=\"wp-caption-text\">Hi Hybrid Lakier Hybrydowy 104 White Crystals 5ml \/ 19,99 z\u0142<\/p><\/div>\n","protected":false},"excerpt":{"rendered":"<p>Coraz bardziej niecierpliwie odliczamy ju\u017c dni, kt\u00f3re pozosta\u0142y do Bo\u017cego Narodzenia. Pakujemy, prezenty, sprz\u0105tamy mieszkania, dekorujemy domy i dopinamy na ostatni guzik \u015bwi\u0105teczne menu. Jednak przy tych wszystkich przygotowaniach warto te\u017c znale\u017a\u0107 chwil\u0119 na zadbanie o pi\u0119kny, gwiazdkowy manicure, kt\u00f3ry zachwyci naszych bliskich. Jakie wzory s\u0105 szczeg\u00f3lnie modne w tym okresie?<\/p>\n","protected":false},"author":2,"featured_media":5394,"comment_status":"open","ping_status":"open","sticky":false,"template":"","format":"standard","meta":{"_et_pb_use_builder":"","_et_pb_old_content":"","_et_gb_content_width":"","footnotes":""},"categories":[6],"tags":[],"class_list":["post-5393","post","type-post","status-publish","format-standard","has-post-thumbnail","hentry","category-trendy","et-has-post-format-content","et_post_format-et-post-format-standard"],"_links":{"self":[{"href":"https:\/\/neness.pl\/blog\/wp-json\/wp\/v2\/posts\/5393","targetHints":{"allow":["GET"]}}],"collection":[{"href":"https:\/\/neness.pl\/blog\/wp-json\/wp\/v2\/posts"}],"about":[{"href":"https:\/\/neness.pl\/blog\/wp-json\/wp\/v2\/types\/post"}],"author":[{"embeddable":true,"href":"https:\/\/neness.pl\/blog\/wp-json\/wp\/v2\/users\/2"}],"replies":[{"embeddable":true,"href":"https:\/\/neness.pl\/blog\/wp-json\/wp\/v2\/comments?post=5393"}],"version-history":[{"count":0,"href":"https:\/\/neness.pl\/blog\/wp-json\/wp\/v2\/posts\/5393\/revisions"}],"wp:featuredmedia":[{"embeddable":true,"href":"https:\/\/neness.pl\/blog\/wp-json\/wp\/v2\/media\/5394"}],"wp:attachment":[{"href":"https:\/\/neness.pl\/blog\/wp-json\/wp\/v2\/media?parent=5393"}],"wp:term":[{"taxonomy":"category","embeddable":true,"href":"https:\/\/neness.pl\/blog\/wp-json\/wp\/v2\/categories?post=5393"},{"taxonomy":"post_tag","embeddable":true,"href":"https:\/\/neness.pl\/blog\/wp-json\/wp\/v2\/tags?post=5393"}],"curies":[{"name":"wp","href":"https:\/\/api.w.org\/{rel}","templated":true}]}}