{"id":5350,"date":"2018-12-06T15:04:37","date_gmt":"2018-12-06T14:04:37","guid":{"rendered":"http:\/\/ranking-kosmetykow.pl\/?p=5350"},"modified":"2018-12-06T15:04:37","modified_gmt":"2018-12-06T14:04:37","slug":"kosmetyki-dla-kobiet-w-ciazy-co-warto-miec","status":"publish","type":"post","link":"https:\/\/neness.pl\/blog\/kosmetyki-dla-kobiet-w-ciazy-co-warto-miec\/","title":{"rendered":"Kosmetyki dla kobiet w ci\u0105\u017cy \u2013 co warto mie\u0107?"},"content":{"rendered":"<p>Ci\u0105\u017ca to okres, w kt\u00f3rym potrzeby piel\u0119gnacyjne naszego cia\u0142a <strong>diametralnie si\u0119 zmieniaj\u0105.<\/strong> Sk\u00f3ra zaczyna zachowywa\u0107 si\u0119 inaczej, pojawiaj\u0105 si\u0119 problemy, z kt\u00f3rymi do tej pory nie mia\u0142y\u015bmy do czynienia. Dlatego je\u015bli spodziewamy si\u0119 dziecka, warto jak najszybciej zaopatrzy\u0107 si\u0119 w kosmetyki, kt\u00f3re pozwol\u0105 nam o siebie zadba\u0107 i s<strong>prawi\u0105, \u017ce po ci\u0105\u017cy nasze cia\u0142o du\u017co szybciej wr\u00f3ci do dawnego wygl\u0105du.<\/strong> Oto kilka produkt\u00f3w, kt\u00f3re powinny znale\u017a\u0107 si\u0119 na p\u00f3\u0142ce z kosmetykami ka\u017cdej przysz\u0142ej mamy.<!--more--><\/p>\n<h3>Piel\u0119gnacja twarzy<\/h3>\n<p>Podczas ci\u0105\u017cy nasza twarz staje si\u0119 pi\u0119kna i promienna, jednak r\u00f3wnocze\u015bnie du\u017co <strong>bardziej nara\u017cona na przebarwienia s\u0142oneczne<\/strong>. Zmiany na sk\u00f3rze mog\u0105 zbledn\u0105\u0107 po porodzie, jednak nie ma co do tego stu procent pewno\u015bci. Warto wi\u0119c zawczasu zaopatrzy\u0107 si\u0119 w <strong>krem z wysokim filtrem <\/strong>(SPF 30 lub wi\u0119cej) i stosowa\u0107 go nawet jesieni\u0105 i zim\u0105 \u2013 wtedy r\u00f3wnie\u017c dzia\u0142a na nas szkodliwe promieniowanie.<\/p>\n<h3>Na opuchlizn\u0119<\/h3>\n<p>Trzeci trymestr to okres, w kt\u00f3rym powinny\u015bmy zdecydowa\u0107 si\u0119 na kupno <strong>preparat\u00f3w na opuchlizn\u0119,<\/strong> najlepiej takich, kt\u00f3re maj\u0105 w sk\u0142adzie <strong>mentol.<\/strong> Przyda si\u0119 nam przede wszystkim, ch\u0142odz\u0105cy<strong> krem do st\u00f3p<\/strong> \u2013 to one s\u0105 najbardziej nara\u017cone na obrz\u0119ki. Taki kosmetyk pomo\u017ce sch\u0142odzi\u0107 sk\u00f3r\u0119, z\u0142agodzi\u0107 b\u00f3l i zmniejszy\u0107 opuchlizn\u0119. W tym okresie zaburzenia cyrkulacji limfy doprowadzaj\u0105 jednak cz\u0119sto r\u00f3wnie\u017c do powstawania<strong> obrz\u0119k\u00f3w pod oczami.<\/strong> Tego problemu mo\u017cemy si\u0119 pozby\u0107, stosuj\u0105c codziennie <strong>krem pod oczy z witamin\u0105 K.<\/strong><\/p>\n<div id=\"attachment_5352\" style=\"width: 360px\" class=\"wp-caption aligncenter\"><a href=\"https:\/\/neness.pl\/dr-konopkas--lagodzacy-zel-pod-oczy-20ml\"><img loading=\"lazy\" decoding=\"async\" aria-describedby=\"caption-attachment-5352\" class=\"wp-image-5352\" src=\"http:\/\/ranking-kosmetykow.pl\/wp-content\/uploads\/2018\/12\/73a51c6caffd73feb0a9d58b8b4426bc.jpg\" alt=\"\" width=\"350\" height=\"467\" srcset=\"https:\/\/neness.pl\/blog\/wp-content\/uploads\/2018\/12\/73a51c6caffd73feb0a9d58b8b4426bc.jpg 750w, https:\/\/neness.pl\/blog\/wp-content\/uploads\/2018\/12\/73a51c6caffd73feb0a9d58b8b4426bc-225x300.jpg 225w, https:\/\/neness.pl\/blog\/wp-content\/uploads\/2018\/12\/73a51c6caffd73feb0a9d58b8b4426bc-610x813.jpg 610w\" sizes=\"auto, (max-width: 350px) 100vw, 350px\" \/><\/a><p id=\"caption-attachment-5352\" class=\"wp-caption-text\">Dr. Konopka&#8217;s \u0141agodz\u0105cy \u017bel pod Oczy 20ml \/ 13,50 z\u0142<\/p><\/div>\n<h3>Krem na rozst\u0119py<\/h3>\n<p>Tego kosmetyku najlepiej zacz\u0105\u0107 u\u017cywa\u0107 jak najwcze\u015bniej, jeszcze zanim pojawi si\u0119 problem. Kiedy rozst\u0119py s\u0105 ju\u017c widoczne, ich pozbycie si\u0119 cz\u0119sto bywa wr\u0119cz niemo\u017cliwe i mo\u017cemy jedynie sprawi\u0107 za pomoc\u0105 odpowiednich preparat\u00f3w, \u017ce stan\u0105 si\u0119 mniej widoczne. Wczesne stosowanie kremu na rozst\u0119py pozwala jednak w wielu przypadkach <strong>ca\u0142kowicie unikn\u0105\u0107 tego problemu.<\/strong> Tego kosmetyku najlepiej u\u017cywa\u0107 <strong>dwa razy dziennie<\/strong> \u2013 rano i wieczorem.<\/p>\n<h3>Walka z cellulitem<\/h3>\n<p>Okres ci\u0105\u017cy to tak\u017ce czas wyj\u0105tkowo wyczerpuj\u0105cej walki z cellulitem. Nawet u kobiet, kt\u00f3re wcze\u015bniej nie mierzy\u0142y si\u0119 z tym problemem, staj\u0105 si\u0119 wtedy widoczne nieestetyczne grudki na sk\u00f3rze. Dlatego warto do listy zakup\u00f3w doda\u0107 tak\u017ce <strong>krem antycellulitowy zawieraj\u0105cy sk\u0142adniki przyspieszaj\u0105ce spalanie t\u0142uszczu<\/strong> i regularnie wsmarowywa\u0107 go w uda, biodra, po\u015bladki, a nawet w brzuch. Jak stosowa\u0107 go wraz z kremem na rozst\u0119py? Kolejno\u015b\u0107 nie ma tu wi\u0119kszego znaczenia, jednak po na\u0142o\u017ceniu pierwszego nale\u017cy <strong>odczeka\u0107 15 minut,<\/strong> a\u017c si\u0119 wch\u0142onie, i dopiero wtedy u\u017cy\u0107 drugiego kosmetyku.<\/p>\n<div id=\"attachment_5353\" style=\"width: 360px\" class=\"wp-caption aligncenter\"><a href=\"https:\/\/neness.pl\/pl\/p\/Natural-Siberica-SaunaSpa-Maslo-do-Ciala-Antycellulitowe\/5326\"><img loading=\"lazy\" decoding=\"async\" aria-describedby=\"caption-attachment-5353\" class=\"wp-image-5353\" src=\"http:\/\/ranking-kosmetykow.pl\/wp-content\/uploads\/2018\/12\/500_500_productGfx_2e5435d841bbc812cd87219a46d22ca5.jpg\" alt=\"\" width=\"350\" height=\"350\" srcset=\"https:\/\/neness.pl\/blog\/wp-content\/uploads\/2018\/12\/500_500_productGfx_2e5435d841bbc812cd87219a46d22ca5.jpg 370w, https:\/\/neness.pl\/blog\/wp-content\/uploads\/2018\/12\/500_500_productGfx_2e5435d841bbc812cd87219a46d22ca5-300x300.jpg 300w, https:\/\/neness.pl\/blog\/wp-content\/uploads\/2018\/12\/500_500_productGfx_2e5435d841bbc812cd87219a46d22ca5-150x150.jpg 150w\" sizes=\"auto, (max-width: 350px) 100vw, 350px\" \/><\/a><p id=\"caption-attachment-5353\" class=\"wp-caption-text\">Natural Siberica Sauna&amp;Spa Mas\u0142o do Cia\u0142a Antycellulitowe \/ 49,90 z\u0142<\/p><\/div>\n<h3>P\u0142yn do higieny intymnej<\/h3>\n<p>Oczywi\u015bcie p\u0142yn do higieny intymnej to kosmetyk, kt\u00f3rego warto u\u017cywa\u0107 zawsze, jednak w ci\u0105\u017cy szczeg\u00f3lnie wa\u017cne jest by podmywa\u0107 si\u0119 nie zwyk\u0142ym \u017celem pod prysznic, lecz <strong>specjalistycznym preparatem o naturalnym pH.<\/strong> W tym okresie jeste\u015bmy wyj\u0105tkowo nara\u017cone na infekcje pochwy, a kosmetyk ten <strong>pozwoli na przywr\u00f3cenie r\u00f3wnowagi flory bakteryjnej i zmniejszy ryzyko zaka\u017cenia.<\/strong><\/p>\n","protected":false},"excerpt":{"rendered":"<p>Ci\u0105\u017ca to okres, w kt\u00f3rym potrzeby piel\u0119gnacyjne naszego cia\u0142a diametralnie si\u0119 zmieniaj\u0105. Sk\u00f3ra zaczyna zachowywa\u0107 si\u0119 inaczej, pojawiaj\u0105 si\u0119 problemy, z kt\u00f3rymi do tej pory nie mia\u0142y\u015bmy do czynienia. Dlatego je\u015bli spodziewamy si\u0119 dziecka, warto jak najszybciej zaopatrzy\u0107 si\u0119 w kosmetyki, kt\u00f3re pozwol\u0105 nam o siebie zadba\u0107 i sprawi\u0105, \u017ce po ci\u0105\u017cy nasze cia\u0142o du\u017co [&hellip;]<\/p>\n","protected":false},"author":2,"featured_media":5351,"comment_status":"open","ping_status":"open","sticky":false,"template":"","format":"standard","meta":{"_et_pb_use_builder":"","_et_pb_old_content":"","_et_gb_content_width":"","footnotes":""},"categories":[185],"tags":[],"class_list":["post-5350","post","type-post","status-publish","format-standard","has-post-thumbnail","hentry","category-codzienna-pielegnacja","et-has-post-format-content","et_post_format-et-post-format-standard"],"_links":{"self":[{"href":"https:\/\/neness.pl\/blog\/wp-json\/wp\/v2\/posts\/5350","targetHints":{"allow":["GET"]}}],"collection":[{"href":"https:\/\/neness.pl\/blog\/wp-json\/wp\/v2\/posts"}],"about":[{"href":"https:\/\/neness.pl\/blog\/wp-json\/wp\/v2\/types\/post"}],"author":[{"embeddable":true,"href":"https:\/\/neness.pl\/blog\/wp-json\/wp\/v2\/users\/2"}],"replies":[{"embeddable":true,"href":"https:\/\/neness.pl\/blog\/wp-json\/wp\/v2\/comments?post=5350"}],"version-history":[{"count":0,"href":"https:\/\/neness.pl\/blog\/wp-json\/wp\/v2\/posts\/5350\/revisions"}],"wp:featuredmedia":[{"embeddable":true,"href":"https:\/\/neness.pl\/blog\/wp-json\/wp\/v2\/media\/5351"}],"wp:attachment":[{"href":"https:\/\/neness.pl\/blog\/wp-json\/wp\/v2\/media?parent=5350"}],"wp:term":[{"taxonomy":"category","embeddable":true,"href":"https:\/\/neness.pl\/blog\/wp-json\/wp\/v2\/categories?post=5350"},{"taxonomy":"post_tag","embeddable":true,"href":"https:\/\/neness.pl\/blog\/wp-json\/wp\/v2\/tags?post=5350"}],"curies":[{"name":"wp","href":"https:\/\/api.w.org\/{rel}","templated":true}]}}