{"id":5342,"date":"2018-12-04T13:49:03","date_gmt":"2018-12-04T12:49:03","guid":{"rendered":"http:\/\/ranking-kosmetykow.pl\/?p=5342"},"modified":"2018-12-04T13:49:03","modified_gmt":"2018-12-04T12:49:03","slug":"kosmetyki-do-samolotu-co-mozna-ze-soba-zabrac","status":"publish","type":"post","link":"https:\/\/neness.pl\/blog\/kosmetyki-do-samolotu-co-mozna-ze-soba-zabrac\/","title":{"rendered":"Kosmetyki do samolotu \u2013 co mo\u017cna ze sob\u0105 zabra\u0107?"},"content":{"rendered":"<p>D\u0142uga podr\u00f3\u017c samolotem bez kosmetyk\u00f3w jest dla wielu z nas nie do pomy\u015blenia. Po kilku godzinach siedzenia na pok\u0142adzie mamy potrzeb\u0119, by si\u0119 od\u015bwie\u017cy\u0107, umy\u0107 z\u0119by, poprawi\u0107 makija\u017c, s\u0142owem \u2013 zadba\u0107 o siebie. Jednak linie lotnicze maj\u0105 <strong>szczeg\u00f3\u0142owe wykazy, co i w jakiej formie mo\u017cna zabra\u0107 ze sob\u0105 do samolotu.<\/strong> Wiecie, jak bezproblemowo przej\u015b\u0107 kontrol\u0119 bezpiecze\u0144stwa i nie straci\u0107 po drodze swoich kosmetyk\u00f3w?<!--more--><\/p>\n<h3>Kosmetyki w baga\u017cu podr\u0119cznym<\/h3>\n<p>Kosmetyki w postaci sta\u0142ej na pok\u0142adzie nie stanowi\u0105 problemu. Inaczej wygl\u0105da kwestia p\u0142ynnych produkt\u00f3w. Co prawda, mo\u017cemy zabra\u0107 ze sob\u0105 wszelkie \u017cele pod prysznic, p\u0142yny do p\u0142ukania ust, mleczka nawil\u017caj\u0105ce itp., jednak ka\u017cdy kosmetyk\u00f3w musi znajdowa\u0107 si\u0119 w <strong>opakowaniu nie wi\u0119kszym ni\u017c o obj\u0119to\u015bci 100 ml.<\/strong> Warto wi\u0119c zaopatrzy\u0107 si\u0119 w specjalne<strong> podr\u00f3\u017cne kosmetyki<\/strong> lub kupi\u0107 dost\u0119pne w wielu drogeriach <strong>puste opakowania<\/strong> i przela\u0107 do nich swoje ulubione produkty.<\/p>\n<div id=\"attachment_5344\" style=\"width: 360px\" class=\"wp-caption aligncenter\"><a href=\"https:\/\/neness.pl\/pl\/p\/Markell-Bio-Hellix-Nawilzajaca-Mgielka-do-Twarz-100ml\/5414\"><img loading=\"lazy\" decoding=\"async\" aria-describedby=\"caption-attachment-5344\" class=\"wp-image-5344\" src=\"http:\/\/ranking-kosmetykow.pl\/wp-content\/uploads\/2018\/12\/bcbb76d0af6de580719ba87120f515fe.jpg.png\" alt=\"\" width=\"350\" height=\"350\" srcset=\"https:\/\/neness.pl\/blog\/wp-content\/uploads\/2018\/12\/bcbb76d0af6de580719ba87120f515fe.jpg.png 500w, https:\/\/neness.pl\/blog\/wp-content\/uploads\/2018\/12\/bcbb76d0af6de580719ba87120f515fe.jpg-300x300.png 300w, https:\/\/neness.pl\/blog\/wp-content\/uploads\/2018\/12\/bcbb76d0af6de580719ba87120f515fe.jpg-150x150.png 150w, https:\/\/neness.pl\/blog\/wp-content\/uploads\/2018\/12\/bcbb76d0af6de580719ba87120f515fe.jpg-440x440.png 440w\" sizes=\"auto, (max-width: 350px) 100vw, 350px\" \/><\/a><p id=\"caption-attachment-5344\" class=\"wp-caption-text\">Markell Bio-Hellix Nawil\u017caj\u0105ca Mgie\u0142ka do Twarz 100ml \/ 16,20 z\u0142<\/p><\/div>\n<p>Wszystkie kosmetyki wnoszone na pok\u0142ad powinny by\u0107 trzymane razem w <strong>przezroczystym woreczku strunowym<\/strong> lub <strong>przezroczystej kosmetyczce.<\/strong> Opakowanie to najlepiej spakowa\u0107 na samym ko\u0144cu, tak by by\u0142o \u0142atwo dost\u0119pne, bo b\u0119dziemy musieli pokaza\u0107 je podczas kontroli. Warto jednak pami\u0119ta\u0107, \u017ce w baga\u017cu podr\u0119cznym mo\u017cemy mie\u0107 w sumie <strong>nie wi\u0119cej ni\u017c litr p\u0142ynnych produkt\u00f3w.<\/strong> <strong>Wyj\u0105tkiem<\/strong> od regu\u0142 dotycz\u0105cych przewozu p\u0142ynnych substancji w podr\u0119cznym baga\u017cu s\u0105<strong> niezb\u0119dne leki.<\/strong> Te mo\u017cemy przewozi\u0107 w opakowaniach nawet wi\u0119kszych ni\u017c zalecane dla kosmetyk\u00f3w. Musimy jednak pami\u0119ta\u0107, by <strong>zg\u0142osi\u0107 ich posiadanie podczas kontroli granicznej.<\/strong><\/p>\n<p><strong>Uwaga!<\/strong> Przepisy mog\u0105 nieco r\u00f3\u017cni\u0107 si\u0119 w zale\u017cno\u015bci od przewo\u017anika, wi\u0119c przed podr\u00f3\u017c\u0105 najlepiej sprawdzi\u0107 na stronie internetowej, czy dana linia lotnicza nie ma w regulaminie dodatkowych obostrze\u0144.<\/p>\n<div id=\"attachment_5345\" style=\"width: 360px\" class=\"wp-caption aligncenter\"><a href=\"https:\/\/neness.pl\/pl\/p\/Markell-Bio-Hellix-Dwufazowy-Plyn-do-Demakijazu-100ml\/5413\"><img loading=\"lazy\" decoding=\"async\" aria-describedby=\"caption-attachment-5345\" class=\"wp-image-5345\" src=\"http:\/\/ranking-kosmetykow.pl\/wp-content\/uploads\/2018\/12\/501db6b981968c0a954bdc9be9fffd08.jpg\" alt=\"\" width=\"350\" height=\"350\" srcset=\"https:\/\/neness.pl\/blog\/wp-content\/uploads\/2018\/12\/501db6b981968c0a954bdc9be9fffd08.jpg 1000w, https:\/\/neness.pl\/blog\/wp-content\/uploads\/2018\/12\/501db6b981968c0a954bdc9be9fffd08-300x300.jpg 300w, https:\/\/neness.pl\/blog\/wp-content\/uploads\/2018\/12\/501db6b981968c0a954bdc9be9fffd08-150x150.jpg 150w, https:\/\/neness.pl\/blog\/wp-content\/uploads\/2018\/12\/501db6b981968c0a954bdc9be9fffd08-768x768.jpg 768w, https:\/\/neness.pl\/blog\/wp-content\/uploads\/2018\/12\/501db6b981968c0a954bdc9be9fffd08-610x610.jpg 610w, https:\/\/neness.pl\/blog\/wp-content\/uploads\/2018\/12\/501db6b981968c0a954bdc9be9fffd08-440x440.jpg 440w\" sizes=\"auto, (max-width: 350px) 100vw, 350px\" \/><\/a><p id=\"caption-attachment-5345\" class=\"wp-caption-text\">Markell Bio-Hellix Dwufazowy P\u0142yn do Demakija\u017cu 100ml \/ 18,90 z\u0142<\/p><\/div>\n<h3>Kosmetyki w walizce<\/h3>\n<p>Wszystkie kosmetyki, kt\u00f3re nie mog\u0105 znale\u017a\u0107 si\u0119 w baga\u017cu podr\u0119cznym, \u015bmia\u0142o mo\u017cemy<strong> umie\u015bci\u0107 w walizce.<\/strong> Warto jednak upewni\u0107 si\u0119, \u017ce s\u0105 odpowiednio spakowane, by po przylocie nie czeka\u0142a na nas niemi\u0142a niespodzianka. Bardzo delikatne, mog\u0105ce si\u0119 pot\u0142uc produkty, takie jak na przyk\u0142ad perfumy, najlepiej w\u0142o\u017cy\u0107 do <strong>woreczka foliowego,<\/strong> a nast\u0119pnie szczelnie <strong>owin\u0105\u0107 mi\u0119kkim materia\u0142em,<\/strong> np. apaszk\u0105 czy skarpetk\u0105. Dla pewno\u015bci mo\u017cemy tak\u017ce schowa\u0107 je do sztywnego opakowania lub np. do buta \u2013 wtedy mamy pewno\u015b\u0107, \u017ce nic im si\u0119 nie stanie. Z buteleczek z \u017celami, p\u0142ynami itp. warto za\u015b <strong>wycisn\u0105\u0107 nadmiar powietrza<\/strong> i dopiero wtedy szczelnie je zamkn\u0105\u0107. Powietrze mo\u017ce zwi\u0119kszy\u0107 swoj\u0105 obj\u0119to\u015b\u0107 pod wp\u0142ywem zmiany ci\u015bnienia, co \u0142atwo mo\u017ce skoczy\u0107 si\u0119 rozlaniem kosmetyku.<\/p>\n<p>Dodatkowo wszystkie p\u0142ynne produkty, kt\u00f3re chcemy spakowa\u0107, najlepiej <strong>zamkn\u0105\u0107<\/strong> <strong>w woreczkach strunowych<\/strong> lub <strong>zaklei\u0107 ta\u015bm\u0105 klej\u0105c\u0105,<\/strong> by nie otworzy\u0142y si\u0119 w walizce. Zapakowan\u0105 kosmetyczk\u0119 warto umie\u015bci\u0107 na dnie walizki i przykry\u0107 foli\u0105 lub nieprzemakaln\u0105 torb\u0105 zakupow\u0105. Wtedy, gdyby nawet jaki\u015b produkt otworzy\u0142 si\u0119 podczas podr\u00f3\u017cy, nie poplami nam ubra\u0144 czy innych cennych rzeczy.<\/p>\n","protected":false},"excerpt":{"rendered":"<p>D\u0142uga podr\u00f3\u017c samolotem bez kosmetyk\u00f3w jest dla wielu z nas nie do pomy\u015blenia. Po kilku godzinach siedzenia na pok\u0142adzie mamy potrzeb\u0119, by si\u0119 od\u015bwie\u017cy\u0107, umy\u0107 z\u0119by, poprawi\u0107 makija\u017c, s\u0142owem \u2013 zadba\u0107 o siebie. Jednak linie lotnicze maj\u0105 szczeg\u00f3\u0142owe wykazy, co i w jakiej formie mo\u017cna zabra\u0107 ze sob\u0105 do samolotu. Wiecie, jak bezproblemowo przej\u015b\u0107 kontrol\u0119 [&hellip;]<\/p>\n","protected":false},"author":2,"featured_media":5343,"comment_status":"open","ping_status":"open","sticky":false,"template":"","format":"standard","meta":{"_et_pb_use_builder":"","_et_pb_old_content":"","_et_gb_content_width":"","footnotes":""},"categories":[185],"tags":[],"class_list":["post-5342","post","type-post","status-publish","format-standard","has-post-thumbnail","hentry","category-codzienna-pielegnacja","et-has-post-format-content","et_post_format-et-post-format-standard"],"_links":{"self":[{"href":"https:\/\/neness.pl\/blog\/wp-json\/wp\/v2\/posts\/5342","targetHints":{"allow":["GET"]}}],"collection":[{"href":"https:\/\/neness.pl\/blog\/wp-json\/wp\/v2\/posts"}],"about":[{"href":"https:\/\/neness.pl\/blog\/wp-json\/wp\/v2\/types\/post"}],"author":[{"embeddable":true,"href":"https:\/\/neness.pl\/blog\/wp-json\/wp\/v2\/users\/2"}],"replies":[{"embeddable":true,"href":"https:\/\/neness.pl\/blog\/wp-json\/wp\/v2\/comments?post=5342"}],"version-history":[{"count":0,"href":"https:\/\/neness.pl\/blog\/wp-json\/wp\/v2\/posts\/5342\/revisions"}],"wp:featuredmedia":[{"embeddable":true,"href":"https:\/\/neness.pl\/blog\/wp-json\/wp\/v2\/media\/5343"}],"wp:attachment":[{"href":"https:\/\/neness.pl\/blog\/wp-json\/wp\/v2\/media?parent=5342"}],"wp:term":[{"taxonomy":"category","embeddable":true,"href":"https:\/\/neness.pl\/blog\/wp-json\/wp\/v2\/categories?post=5342"},{"taxonomy":"post_tag","embeddable":true,"href":"https:\/\/neness.pl\/blog\/wp-json\/wp\/v2\/tags?post=5342"}],"curies":[{"name":"wp","href":"https:\/\/api.w.org\/{rel}","templated":true}]}}