{"id":5339,"date":"2018-12-03T14:05:04","date_gmt":"2018-12-03T13:05:04","guid":{"rendered":"http:\/\/ranking-kosmetykow.pl\/?p=5339"},"modified":"2018-12-03T14:05:04","modified_gmt":"2018-12-03T13:05:04","slug":"fryzury-dla-mezczyzn-jak-dobrac-odpowiednia","status":"publish","type":"post","link":"https:\/\/neness.pl\/blog\/fryzury-dla-mezczyzn-jak-dobrac-odpowiednia\/","title":{"rendered":"Fryzury dla m\u0119\u017cczyzn \u2013 jak dobra\u0107 odpowiedni\u0105?"},"content":{"rendered":"<p>Znane powiedzenie m\u00f3wi, \u017ce \u0142adnemu we wszystkim \u0142adnie. Jednak nie da si\u0119 ukry\u0107, \u017ce w niekt\u00f3rych fryzurach po prostu \u0142adniej ni\u017c w innych. Kiedy wi\u0119c decydujecie si\u0119 na podci\u0119cie w\u0142os\u00f3w, warto rozwa\u017cy\u0107 nie tylko to, jakie uczesanie b\u0119dzie najpraktyczniejsze, ale te\u017c, <strong>w jakim b\u0119dziecie najlepiej si\u0119 prezentowa\u0107.<\/strong> Odpowiednio dobrana do kszta\u0142tu twarzy fryzura naprawd\u0119 potrafi ca\u0142kowicie odmieni\u0107 wygl\u0105d.<!--more--><\/p>\n<h3>Twarz kwadratowa<\/h3>\n<p>Szerokie czo\u0142o, kwadratowa szcz\u0119ka, podobna d\u0142ugo\u015b\u0107 i szeroko\u015b\u0107 twarzy \u2013 brzmi znajomo? Je\u015bli tak, to jest odpowiedni akapit dla Was. Przy takim kszta\u0142cie twarzy powinni\u015bcie przemy\u015ble\u0107 <strong>fryzur\u0119 z kr\u00f3tszymi lub wygolonymi bokami i lekko uniesionym na \u017cel czubkiem.<\/strong> Je\u015bli za\u015b nie chcecie r\u00f3\u017cnicowa\u0107 d\u0142ugo\u015bci w\u0142os\u00f3w, mo\u017cecie po prostu przyczesa\u0107 w\u0142osy z boku g\u0142adko przy g\u0142owie, a zmierzwi\u0107 lekko te na g\u00f3rze. Zdecydowanie unikajcie za to bardzo kr\u00f3tkich fryzur oraz prostych grzywek.<\/p>\n<h3>Twarz owalna<\/h3>\n<p>Twarz owalna to taka, kt\u00f3ra ma bardzo dobre proporcje. Nieco d\u0142u\u017csza ni\u017c szersza, z \u0142agodnymi rysami oraz szcz\u0119k\u0105 i czo\u0142em podobnej szeroko\u015bci, uchodzi za idea\u0142 zar\u00f3wno w\u015br\u00f3d m\u0119\u017cczyzn, jak i kobiet. Je\u015bli to w\u0142a\u015bnie jest Wasz typ, macie niesamowite szcz\u0119\u015bcie. <strong>Mo\u017cecie pozwoli\u0107 sobie na ka\u017cdy rodzaj uczesania.<\/strong> Kr\u00f3tkie, d\u0142ugie, p\u00f3\u0142d\u0142ugie, cieniowane? Wszystkie fryzury b\u0119d\u0105 jednakowo dobrze Wam pasowa\u0107.<\/p>\n<h3>Twarz prostok\u0105tna<\/h3>\n<p>Kszta\u0142t ten jest nieco zbli\u017cony do kwadratowego, z tym \u017ce nieco d\u0142u\u017cszy. Pasuj\u0105 jednak do niego zupe\u0142nie inne fryzury. Warto tutaj za pomoc\u0105 fryzury nieco skr\u00f3ci\u0107 twarz optycznie, a przynajmniej zadba\u0107 o to, by niepotrzebnie jej nie wyd\u0142u\u017ca\u0107. Najlepiej pozostawi\u0107 na <strong>nieco d\u0142u\u017csze boki i pozwoli\u0107 cz\u0119\u015bci w\u0142os\u00f3w swobodnie opada\u0107 na czo\u0142o.<\/strong> To, czego powinni\u015bcie unika\u0107, to bardzo nastroszone na czubku fryzury.<\/p>\n<h3>Twarz okr\u0105g\u0142a<\/h3>\n<p>Okr\u0105g\u0142a twarz nie musi by\u0107 synonimem puco\u0142owatej. Jej wyznacznikami s\u0105 podobna d\u0142ugo\u015b\u0107 i szeroko\u015b\u0107, s\u0142abo zaznaczona \u017cuchwa oraz \u0142agodne rysy. Tego typu twarz potrzebuje optycznego wyszczuplenia. Efekt taki osi\u0105gniecie, wybieraj\u0105c <strong>fryzur\u0119 z kr\u00f3tszymi bokami<\/strong> \u2013 tak jak w przypadku twarzy kwadratowej \u2013 ale <strong>nieco bardziej kanciast\u0105<\/strong>. R\u00f3wnie\u017c tutaj najlepiej unika\u0107 wszystkich uczesa\u0144, kt\u00f3re optycznie skracaj\u0105 twarz \u2013 np. takich z grzywk\u0105.<\/p>\n<h3>Twarz w kszta\u0142cie serca<\/h3>\n<p>Szerokie czo\u0142o, w\u0105ski podbr\u00f3dek, wydatne ko\u015bci policzkowe \u2013 to podstawowe cechy twarzy w kszta\u0142cie serca. Je\u015bli ten opis pasuje do Was, pomy\u015blcie o <strong>asymetrycznej grzywce zaczesanej na bok<\/strong> \u2013 taka fryzura optycznie zw\u0119zi czo\u0142o i sprawi, \u017ce twarz zyska lepsze proporcje. Dobrze b\u0119d\u0105 wygl\u0105da\u0107 w Waszym przypadku pocieniowane <strong>kosmyki lekko zachodz\u0105ce na policzki.<\/strong> Zrezygnujcie za to z bardzo kr\u00f3tkich fryzur.<\/p>\n","protected":false},"excerpt":{"rendered":"<p>Znane powiedzenie m\u00f3wi, \u017ce \u0142adnemu we wszystkim \u0142adnie. Jednak nie da si\u0119 ukry\u0107, \u017ce w niekt\u00f3rych fryzurach po prostu \u0142adniej ni\u017c w innych. Kiedy wi\u0119c decydujecie si\u0119 na podci\u0119cie w\u0142os\u00f3w, warto rozwa\u017cy\u0107 nie tylko to, jakie uczesanie b\u0119dzie najpraktyczniejsze, ale te\u017c, w jakim b\u0119dziecie najlepiej si\u0119 prezentowa\u0107. Odpowiednio dobrana do kszta\u0142tu twarzy fryzura naprawd\u0119 potrafi [&hellip;]<\/p>\n","protected":false},"author":2,"featured_media":5340,"comment_status":"open","ping_status":"open","sticky":false,"template":"","format":"standard","meta":{"_et_pb_use_builder":"","_et_pb_old_content":"","_et_gb_content_width":"","footnotes":""},"categories":[48],"tags":[],"class_list":["post-5339","post","type-post","status-publish","format-standard","has-post-thumbnail","hentry","category-wlosy-idealne","et-has-post-format-content","et_post_format-et-post-format-standard"],"_links":{"self":[{"href":"https:\/\/neness.pl\/blog\/wp-json\/wp\/v2\/posts\/5339","targetHints":{"allow":["GET"]}}],"collection":[{"href":"https:\/\/neness.pl\/blog\/wp-json\/wp\/v2\/posts"}],"about":[{"href":"https:\/\/neness.pl\/blog\/wp-json\/wp\/v2\/types\/post"}],"author":[{"embeddable":true,"href":"https:\/\/neness.pl\/blog\/wp-json\/wp\/v2\/users\/2"}],"replies":[{"embeddable":true,"href":"https:\/\/neness.pl\/blog\/wp-json\/wp\/v2\/comments?post=5339"}],"version-history":[{"count":0,"href":"https:\/\/neness.pl\/blog\/wp-json\/wp\/v2\/posts\/5339\/revisions"}],"wp:featuredmedia":[{"embeddable":true,"href":"https:\/\/neness.pl\/blog\/wp-json\/wp\/v2\/media\/5340"}],"wp:attachment":[{"href":"https:\/\/neness.pl\/blog\/wp-json\/wp\/v2\/media?parent=5339"}],"wp:term":[{"taxonomy":"category","embeddable":true,"href":"https:\/\/neness.pl\/blog\/wp-json\/wp\/v2\/categories?post=5339"},{"taxonomy":"post_tag","embeddable":true,"href":"https:\/\/neness.pl\/blog\/wp-json\/wp\/v2\/tags?post=5339"}],"curies":[{"name":"wp","href":"https:\/\/api.w.org\/{rel}","templated":true}]}}