{"id":5330,"date":"2018-11-29T13:34:18","date_gmt":"2018-11-29T12:34:18","guid":{"rendered":"http:\/\/ranking-kosmetykow.pl\/?p=5330"},"modified":"2018-11-29T13:34:18","modified_gmt":"2018-11-29T12:34:18","slug":"piekny-makijaz-zima","status":"publish","type":"post","link":"https:\/\/neness.pl\/blog\/piekny-makijaz-zima\/","title":{"rendered":"Pi\u0119kny makija\u017c zim\u0105"},"content":{"rendered":"<p>Czy codzienny makija\u017c powinien by\u0107 taki sam przez ca\u0142y rok? A mo\u017ce lepiej zmienia\u0107 go wraz ze zmianami pogody? Pora roku ma tutaj znaczenie? Okazuje si\u0119, \u017ce tak, i to niema\u0142e. Co prawda, je\u015bli chodzi o kolory, make-up powinny\u015bmy dobiera\u0107 przede wszystkim do typu urody, ale kosmetyki najlepiej <strong>dostosowa\u0107 do aktualnych warunk\u00f3w atmosferycznych.<\/strong> Oznacza to wi\u0119c, \u017ce zimowy makija\u017c powinien by\u0107 wykonywany zupe\u0142nie inaczej ni\u017c letni.<!--more--><\/p>\n<h3>Co przed makija\u017cem?<\/h3>\n<p>Nawet bardzo profesjonalnie wykonany make-up nie b\u0119dzie robi\u0142 wra\u017cenia, je\u015bli nasza cera b\u0119dzie niezadbana, a usta pop\u0119kane. Dlatego wa\u017cne jest, by zim\u0105 stosowa\u0107 <strong>bogaty w cenne sk\u0142adniki krem<\/strong>, kt\u00f3ry zapobiegnie odwodnieniu sk\u00f3ry i poprawi jej kondycj\u0119. Oczywi\u015bcie nie mo\u017ce by\u0107 to jednak krem bardzo t\u0142usty \u2013 wtedy makija\u017c b\u0119dzie nietrwa\u0142y. Warto w tym okresie nawet w przypadku cery t\u0142ustej <strong>unika\u0107 te\u017c krem\u00f3w matuj\u0105cych.<\/strong> Powietrze zim\u0105 jest wyj\u0105tkowo suche, wi\u0119c gdy dodatkowo potraktujemy cer\u0119 takim kosmetykiem, zaowocuje to niemi\u0142ym uczuciem naci\u0105gni\u0119cia i sw\u0119dzenia.<\/p>\n<div id=\"attachment_5332\" style=\"width: 310px\" class=\"wp-caption aligncenter\"><a href=\"https:\/\/neness.pl\/pl\/p\/White-Agafia-Naturalny-Krem-do-Twarzy-na-Dzien\/5388\"><img loading=\"lazy\" decoding=\"async\" aria-describedby=\"caption-attachment-5332\" class=\"wp-image-5332\" src=\"http:\/\/ranking-kosmetykow.pl\/wp-content\/uploads\/2018\/11\/16b032cfe2edb9d161a6e8be61c51d0f.jpg\" alt=\"\" width=\"300\" height=\"389\" srcset=\"https:\/\/neness.pl\/blog\/wp-content\/uploads\/2018\/11\/16b032cfe2edb9d161a6e8be61c51d0f.jpg 386w, https:\/\/neness.pl\/blog\/wp-content\/uploads\/2018\/11\/16b032cfe2edb9d161a6e8be61c51d0f-232x300.jpg 232w\" sizes=\"auto, (max-width: 300px) 100vw, 300px\" \/><\/a><p id=\"caption-attachment-5332\" class=\"wp-caption-text\">White Agafia Naturalny Krem do Twarzy na Dzie\u0144 \/ 15,90 z\u0142<\/p><\/div>\n<h3>Odpowiedni podk\u0142ad<\/h3>\n<p>Podk\u0142ad to zim\u0105 nasz najwi\u0119kszy sprzymierzeniec! Nawet je\u015bli nie borykamy si\u0119 z problemami z cer\u0105, zim\u0105 mamy co ukrywa\u0107. Zaczerwieniony nos, nadmierne rumie\u0144ce od mrozu, p\u0119kni\u0119te naczynka \u2013 to wszystko pozwoli nam zatuszowa\u0107 odpowiednio dobrany kosmetyk. Przy okazji stanowi on tak\u017ce dodatkow\u0105 warstw\u0119 chroni\u0105c\u0105 delikatn\u0105 cer\u0119 przed ch\u0142odem i wiatrem. W tym okresie warto zdecydowa\u0107 si\u0119 na <strong>mocno kryj\u0105cy podk\u0142ad o konsystencji musu lub kremu.<\/strong><\/p>\n<h3>R\u00f3\u017ce czy roz\u015bwietlacze?<\/h3>\n<p>Kiedy na zewn\u0105trz panuj\u0105 mrozy, nasza twarz jest ju\u017c dostatecznie czerwona, nie musimy wi\u0119c fundowa\u0107 jej r\u00f3\u017cu na policzki. Niepotrzebnie podkre\u015bli to tylko, jak bardzo przemarzni\u0119t\u0105 i such\u0105 mamy cer\u0119. Dlatego idealne na zim\u0119 s\u0105 roz\u015bwietlacze. Pozwalaj\u0105 one <strong>doda\u0107 sk\u00f3rze zdrowego blasku, zatuszowa\u0107 jej szary odcie\u0144 i oznaki przem\u0119czenia.<\/strong> Przy tym b\u0142yszcz\u0105ce drobinki \u015bwietnie pasuj\u0105 zar\u00f3wno do iskrz\u0105cego si\u0119 \u015bniegu i lodu, jak i \u015bwi\u0105tecznego nastroju. Oczywi\u015bcie jednak nie jest to produkt, kt\u00f3ry pasuje do ka\u017cdego typu sk\u00f3ry. O tym, kto powinien go stosowa\u0107 i w jaki spos\u00f3b to robi\u0107, mo\u017cecie przeczyta\u0107 w artykule: <a href=\"http:\/\/ranking-kosmetykow.pl\/2018\/11\/21\/makijaz-rozswietlajacy-dla-kogo\/\">Makija\u017c roz\u015bwietlaj\u0105cy: dla kogo?<\/a><\/p>\n<div id=\"attachment_5333\" style=\"width: 360px\" class=\"wp-caption aligncenter\"><a href=\"https:\/\/neness.pl\/bourjois-nude-sensation-podklad-w-kremie-42-rose-nude\"><img loading=\"lazy\" decoding=\"async\" aria-describedby=\"caption-attachment-5333\" class=\"wp-image-5333\" src=\"http:\/\/ranking-kosmetykow.pl\/wp-content\/uploads\/2018\/11\/0f48b60cea45bd7df1f8788b49b93ccc.jpg\" alt=\"\" width=\"350\" height=\"467\" srcset=\"https:\/\/neness.pl\/blog\/wp-content\/uploads\/2018\/11\/0f48b60cea45bd7df1f8788b49b93ccc.jpg 750w, https:\/\/neness.pl\/blog\/wp-content\/uploads\/2018\/11\/0f48b60cea45bd7df1f8788b49b93ccc-225x300.jpg 225w, https:\/\/neness.pl\/blog\/wp-content\/uploads\/2018\/11\/0f48b60cea45bd7df1f8788b49b93ccc-610x813.jpg 610w\" sizes=\"auto, (max-width: 350px) 100vw, 350px\" \/><\/a><p id=\"caption-attachment-5333\" class=\"wp-caption-text\">Bourjois Nude Sensation Podk\u0142ad W Kremie 42 Rose Nude \/ 29,50 z\u0142<\/p><\/div>\n<h3>Makija\u017c oczu<\/h3>\n<p>Zim\u0105, gdy cz\u0119sto musimy mierzy\u0107 si\u0119 z padaj\u0105cym \u015bniegiem czy deszczem, \u0142atwo o rozmazanie si\u0119 makija\u017cu. Dlatego na co dzie\u0144 najlepiej poprzesta\u0107 na delikatnej <strong>kresce eyelinerem lub cieniem do powiek<\/strong>, kt\u00f3ra ma optycznie zag\u0119\u015bci\u0107 rz\u0119sy, oraz <strong>wodoodpornym tuszu do rz\u0119s.<\/strong> Na wi\u0119ksze okazje mo\u017cemy jednak pozwoli\u0107 sobie na u\u017cycie <strong>cieni do powiek z b\u0142yszcz\u0105cymi drobinkami.<\/strong><\/p>\n<h3>Usta pod specjaln\u0105 ochron\u0105<\/h3>\n<p>Usta cz\u0119sto s\u0105 o tej porze roku wyj\u0105tkowo suche, a czasami nawet spierzchni\u0119te lub pop\u0119kane. Dlatego w tym okresie warto unika\u0107 wszelkich kosmetyk\u00f3w, kt\u00f3re mog\u0105 je dodatkowo wysusza\u0107. Powinny\u015bmy wi\u0119c od\u0142o\u017cy\u0107 do szuflady wszelkie b\u0142yszczyki (zwieraj\u0105 du\u017co wody, co przy niskich temperaturach powoduje wysuszanie ust) i matowe pomadki. Zima to okres idealny na stosowanie k<strong>oloryzuj\u0105cych balsam\u00f3w od\u017cywczych i piel\u0119gnuj\u0105cych pomadek z woskiem.<\/strong> Je\u015bli za\u015b nie zale\u017cy nam na nadaniu wargom koloru, najlepsza b\u0119dzie <strong>bezbarwna bogata w witaminy szminka ochronna.<\/strong><\/p>\n","protected":false},"excerpt":{"rendered":"<p>Czy codzienny makija\u017c powinien by\u0107 taki sam przez ca\u0142y rok? A mo\u017ce lepiej zmienia\u0107 go wraz ze zmianami pogody? Pora roku ma tutaj znaczenie? Okazuje si\u0119, \u017ce tak, i to niema\u0142e. Co prawda, je\u015bli chodzi o kolory, make-up powinny\u015bmy dobiera\u0107 przede wszystkim do typu urody, ale kosmetyki najlepiej dostosowa\u0107 do aktualnych warunk\u00f3w atmosferycznych. Oznacza to [&hellip;]<\/p>\n","protected":false},"author":2,"featured_media":5331,"comment_status":"open","ping_status":"open","sticky":false,"template":"","format":"standard","meta":{"_et_pb_use_builder":"","_et_pb_old_content":"","_et_gb_content_width":"","footnotes":""},"categories":[41],"tags":[],"class_list":["post-5330","post","type-post","status-publish","format-standard","has-post-thumbnail","hentry","category-olsniewaj-makijazem","et-has-post-format-content","et_post_format-et-post-format-standard"],"_links":{"self":[{"href":"https:\/\/neness.pl\/blog\/wp-json\/wp\/v2\/posts\/5330","targetHints":{"allow":["GET"]}}],"collection":[{"href":"https:\/\/neness.pl\/blog\/wp-json\/wp\/v2\/posts"}],"about":[{"href":"https:\/\/neness.pl\/blog\/wp-json\/wp\/v2\/types\/post"}],"author":[{"embeddable":true,"href":"https:\/\/neness.pl\/blog\/wp-json\/wp\/v2\/users\/2"}],"replies":[{"embeddable":true,"href":"https:\/\/neness.pl\/blog\/wp-json\/wp\/v2\/comments?post=5330"}],"version-history":[{"count":0,"href":"https:\/\/neness.pl\/blog\/wp-json\/wp\/v2\/posts\/5330\/revisions"}],"wp:featuredmedia":[{"embeddable":true,"href":"https:\/\/neness.pl\/blog\/wp-json\/wp\/v2\/media\/5331"}],"wp:attachment":[{"href":"https:\/\/neness.pl\/blog\/wp-json\/wp\/v2\/media?parent=5330"}],"wp:term":[{"taxonomy":"category","embeddable":true,"href":"https:\/\/neness.pl\/blog\/wp-json\/wp\/v2\/categories?post=5330"},{"taxonomy":"post_tag","embeddable":true,"href":"https:\/\/neness.pl\/blog\/wp-json\/wp\/v2\/tags?post=5330"}],"curies":[{"name":"wp","href":"https:\/\/api.w.org\/{rel}","templated":true}]}}