{"id":5303,"date":"2018-11-22T12:42:32","date_gmt":"2018-11-22T11:42:32","guid":{"rendered":"http:\/\/ranking-kosmetykow.pl\/?p=5303"},"modified":"2018-11-22T12:42:32","modified_gmt":"2018-11-22T11:42:32","slug":"najciekawsze-triki-makijazowe","status":"publish","type":"post","link":"https:\/\/neness.pl\/blog\/najciekawsze-triki-makijazowe\/","title":{"rendered":"Najciekawsze triki makija\u017cowe"},"content":{"rendered":"<p>Jedne z nas s\u0105 specjalistkami w dziedzinie make-upu, inne dopiero stawiaj\u0105 pierwsze kroki w makija\u017cowym \u015bwiecie. Cz\u0119\u015b\u0107 z nas uwielbia kosmetyki i ch\u0119tnie co rano nak\u0142ada je na twarz, dla wielu jest to poranna katorga. Jednak niezale\u017cnie od preferencji ka\u017cda z nas chce, by jej makija\u017c prezentowa\u0142 si\u0119 <strong>ol\u015bniewaj\u0105co<\/strong>, i to <strong>przez d\u0142ugie godziny.<\/strong> W tym za\u015b mo\u017ce pom\u00f3c kilka przydatnych trik\u00f3w sprawdzonych przez wielbicielki make-upowych eksperyment\u00f3w na ca\u0142ym \u015bwiecie. Oto kilka z nich.<!--more--><\/p>\n<h3>Podk\u0142ad \u2013 co zrobi\u0107, by wygl\u0105da\u0142 dobrze?<\/h3>\n<p>Usilnie pr\u00f3bujecie dobra\u0107 w\u0142a\u015bciwy kolor podk\u0142adu, ale gdy ju\u017c go kupicie, okazuje si\u0119, \u017ce nie pasuje on do Waszej cery i brzydko kontrastuje z odcieniem sk\u00f3ry na szyi? Jest na to prosty spos\u00f3b. Odpowiedni podk\u0142ad wystarczy testowa\u0107 nie na cerze czy na nadgarstku, jak robi to wi\u0119kszo\u015b\u0107 kobiet, ale w\u0142a\u015bnie <strong>na szyi.<\/strong> Jest ona <strong>mniej nara\u017cona na dzia\u0142anie promieni s\u0142onecznych<\/strong> ni\u017c twarz czy d\u0142onie, wi\u0119c si\u0142\u0105 rzeczy jej kolor jest nieco inny. Je\u015bli dobierzecie podk\u0142ad w\u0142a\u015bnie pod ni\u0105, na pewno b\u0119dzie prezentowa\u0142 si\u0119 dobrze. A co z widocznymi w\u0142oskami na twarzy po na\u0142o\u017ceniu tego kosmetyku? Te\u017c wydaje Wam si\u0119, \u017ce s\u0105 zauwa\u017calne z daleka? W takim razie spr\u00f3bujcie <strong>nak\u0142ada\u0107 podk\u0142ad od g\u00f3ry ku do\u0142owi,<\/strong> czyli z w\u0142osem zamiast pod w\u0142os. Wtedy zaczynaj\u0105 \u0142adnie przylega\u0107 do twarzy i tym samym staj\u0105 si\u0119 mniej widoczne.<\/p>\n<div id=\"attachment_5305\" style=\"width: 360px\" class=\"wp-caption aligncenter\"><a href=\"https:\/\/neness.pl\/pl\/p\/Technic-Konturowka-do-Ust-Lip-Liner\/5655\"><img loading=\"lazy\" decoding=\"async\" aria-describedby=\"caption-attachment-5305\" class=\"wp-image-5305\" src=\"http:\/\/ranking-kosmetykow.pl\/wp-content\/uploads\/2018\/11\/f469ad8ddef80e2c845acafc12b71edd.jpg\" alt=\"\" width=\"350\" height=\"350\" srcset=\"https:\/\/neness.pl\/blog\/wp-content\/uploads\/2018\/11\/f469ad8ddef80e2c845acafc12b71edd.jpg 400w, https:\/\/neness.pl\/blog\/wp-content\/uploads\/2018\/11\/f469ad8ddef80e2c845acafc12b71edd-300x300.jpg 300w, https:\/\/neness.pl\/blog\/wp-content\/uploads\/2018\/11\/f469ad8ddef80e2c845acafc12b71edd-150x150.jpg 150w\" sizes=\"auto, (max-width: 350px) 100vw, 350px\" \/><\/a><p id=\"caption-attachment-5305\" class=\"wp-caption-text\">Technic Kontur\u00f3wka do Ust Lip Liner \/ 4,99 z\u0142<\/p><\/div>\n<h3>Usta Angeliny Jolie? To mo\u017cliwe<\/h3>\n<p>Zdaje Wam si\u0119, \u017ce Wasze usta s\u0105 za ma\u0142e i marzycie o wargach w stylu hollywoodzkiej gwiazdy filmowej? Botoks nie jest Wam potrzebny. Wystarczy odpowiedni makija\u017c. Usta bardzo \u0142atwo mo\u017cecie powi\u0119kszy\u0107, je\u015bli <strong>obrysujecie je kontur\u00f3wk\u0105,<\/strong> nieco wyje\u017cd\u017caj\u0105c poza ich naturalny kszta\u0142t (oczywi\u015bcie z umiarem!). Jeszcze lepszy efekt uzyskacie, gdy na\u0142o\u017cycie na \u015brodek obu warg <strong>odrobin\u0119 b\u0142yszcz\u0105cego cienia do powiek lub r\u00f3\u017cu<\/strong>, a tu\u017c ponad \u0142ukiem Kupidyna nieco<strong> roz\u015bwietlacza.<\/strong> Je\u015bli macie ma\u0142e usta, warto unika\u0107 matowych szminek, one jeszcze bardziej zmniejsz\u0105 je optycznie.<\/p>\n<div id=\"attachment_5292\" style=\"width: 365px\" class=\"wp-caption aligncenter\"><a href=\"https:\/\/neness.pl\/pl\/p\/NYX-HD-Studio-Mineralny-Puder-Matujacy-Photogenic-Finishing-Powder\/5722\"><img loading=\"lazy\" decoding=\"async\" aria-describedby=\"caption-attachment-5292\" class=\"size-full wp-image-5292\" src=\"http:\/\/ranking-kosmetykow.pl\/wp-content\/uploads\/2018\/11\/51fb311ceebc8e3fe61c60ba14972db4.jpg\" alt=\"\" width=\"355\" height=\"355\" srcset=\"https:\/\/neness.pl\/blog\/wp-content\/uploads\/2018\/11\/51fb311ceebc8e3fe61c60ba14972db4.jpg 355w, https:\/\/neness.pl\/blog\/wp-content\/uploads\/2018\/11\/51fb311ceebc8e3fe61c60ba14972db4-300x300.jpg 300w, https:\/\/neness.pl\/blog\/wp-content\/uploads\/2018\/11\/51fb311ceebc8e3fe61c60ba14972db4-150x150.jpg 150w\" sizes=\"auto, (max-width: 355px) 100vw, 355px\" \/><\/a><p id=\"caption-attachment-5292\" class=\"wp-caption-text\">NYX HD Studio Mineralny Puder Matuj\u0105cy Photogenic Finishing Powder \/ 47,50 z\u0142<\/p><\/div>\n<h3>Utrwalanie makija\u017cu \u2013 jak zrobi\u0107 to dobrze?<\/h3>\n<p>Je\u015bli Waszym problemem jest nietrwa\u0142y makija\u017c, na to te\u017c mamy prosty spos\u00f3b. Rozmazuj\u0105cy si\u0119 eyeliner z powodzeniem mo\u017cecie poskromi\u0107 za pomoc\u0105&#8230;<strong> pudru transparentnego.<\/strong> Wystarczy na\u0142o\u017cy\u0107 go cienkim p\u0119dzelkiem tu\u017c pod okiem oraz nad lini\u0105 narysowan\u0105 eyelinerem. Pozwoli on utrwali\u0107 kosmetyk i zagwarantuje, \u017ce nie b\u0119dziecie musia\u0142y mierzy\u0107 si\u0119 z oczami pandy. Puder mo\u017ce by\u0107 te\u017c sposobem na szybko \u015bcieraj\u0105c\u0105 si\u0119 szmink\u0119. \u017beby jednak unikn\u0105\u0107 karykaturalnego efektu, najlepiej przy\u0142o\u017cy\u0107 do ust <strong>chusteczk\u0119 higieniczn\u0105<\/strong> i dopiero przez ni\u0105 przypr\u00f3szy\u0107 wargi pudrem. Je\u015bli za\u015b Waszym g\u0142\u00f3wnym problemem jest nadmiernie b\u0142yszcz\u0105ca sk\u00f3ra, przez kt\u00f3r\u0105 podk\u0142ad szybko sp\u0142ywa z twarzy, przyda Wam si\u0119&#8230; <strong>papier do pieczenia<\/strong>. Wystarczy poci\u0105\u0107 go na malutkie kawa\u0142ki i w razie potrzeby delikatnie przyk\u0142ada\u0107 do sk\u00f3ry (ale nie pociera\u0107!) Papier poch\u0142onie sebum i zn\u00f3w b\u0119dziecie mog\u0142y cieszy\u0107 si\u0119 pi\u0119kn\u0105, matow\u0105 cer\u0105.<\/p>\n","protected":false},"excerpt":{"rendered":"<p>Jedne z nas s\u0105 specjalistkami w dziedzinie make-upu, inne dopiero stawiaj\u0105 pierwsze kroki w makija\u017cowym \u015bwiecie. Cz\u0119\u015b\u0107 z nas uwielbia kosmetyki i ch\u0119tnie co rano nak\u0142ada je na twarz, dla wielu jest to poranna katorga. Jednak niezale\u017cnie od preferencji ka\u017cda z nas chce, by jej makija\u017c prezentowa\u0142 si\u0119 ol\u015bniewaj\u0105co, i to przez d\u0142ugie godziny. W [&hellip;]<\/p>\n","protected":false},"author":2,"featured_media":5304,"comment_status":"open","ping_status":"open","sticky":false,"template":"","format":"standard","meta":{"_et_pb_use_builder":"","_et_pb_old_content":"","_et_gb_content_width":"","footnotes":""},"categories":[41,6],"tags":[],"class_list":["post-5303","post","type-post","status-publish","format-standard","has-post-thumbnail","hentry","category-olsniewaj-makijazem","category-trendy","et-has-post-format-content","et_post_format-et-post-format-standard"],"_links":{"self":[{"href":"https:\/\/neness.pl\/blog\/wp-json\/wp\/v2\/posts\/5303","targetHints":{"allow":["GET"]}}],"collection":[{"href":"https:\/\/neness.pl\/blog\/wp-json\/wp\/v2\/posts"}],"about":[{"href":"https:\/\/neness.pl\/blog\/wp-json\/wp\/v2\/types\/post"}],"author":[{"embeddable":true,"href":"https:\/\/neness.pl\/blog\/wp-json\/wp\/v2\/users\/2"}],"replies":[{"embeddable":true,"href":"https:\/\/neness.pl\/blog\/wp-json\/wp\/v2\/comments?post=5303"}],"version-history":[{"count":0,"href":"https:\/\/neness.pl\/blog\/wp-json\/wp\/v2\/posts\/5303\/revisions"}],"wp:featuredmedia":[{"embeddable":true,"href":"https:\/\/neness.pl\/blog\/wp-json\/wp\/v2\/media\/5304"}],"wp:attachment":[{"href":"https:\/\/neness.pl\/blog\/wp-json\/wp\/v2\/media?parent=5303"}],"wp:term":[{"taxonomy":"category","embeddable":true,"href":"https:\/\/neness.pl\/blog\/wp-json\/wp\/v2\/categories?post=5303"},{"taxonomy":"post_tag","embeddable":true,"href":"https:\/\/neness.pl\/blog\/wp-json\/wp\/v2\/tags?post=5303"}],"curies":[{"name":"wp","href":"https:\/\/api.w.org\/{rel}","templated":true}]}}