{"id":5283,"date":"2018-11-16T13:38:39","date_gmt":"2018-11-16T12:38:39","guid":{"rendered":"http:\/\/ranking-kosmetykow.pl\/?p=5283"},"modified":"2018-11-16T13:38:39","modified_gmt":"2018-11-16T12:38:39","slug":"dobieramy-korektor-do-twarzy","status":"publish","type":"post","link":"https:\/\/neness.pl\/blog\/dobieramy-korektor-do-twarzy\/","title":{"rendered":"Dobieramy korektor do twarzy"},"content":{"rendered":"<p>Wypryski, blizny, cienie pod oczami, piegi, przebarwienia \u2013 przynajmniej jeden z tych problem\u00f3w m\u0119czy ka\u017cd\u0105 z nas. Niewiele jest szcz\u0119\u015bciar maj\u0105cych idealnie g\u0142adk\u0105 cer\u0119, niewymagaj\u0105c\u0105 tuszowania niedoskona\u0142o\u015bci. Dlatego w prawie ka\u017cdej kobiecej kosmetyczce znajduje si\u0119 <strong>korektor do zada\u0144 specjalnych<\/strong>. Jednak nie zawsze jeste\u015bmy zadowolone z efekt\u00f3w, jakie daje nasz kosmetyk. Jakie mog\u0105 by\u0107 tego powody? Mo\u017ce po prostu wybra\u0142y\u015bmy nieodpowiedni produkt.<!--more--><\/p>\n<h3>Korektory p\u0142ynne<\/h3>\n<p>Na rynku dost\u0119pne s\u0105 korektory o trzech podstawowych konsystencjach: p\u0142ynnej, kremowej i w sztyfcie. Do czego s\u0105 one przeznaczone? Te pierwsze s\u0105 <strong>najmniej kryj\u0105ce<\/strong>, dlatego ich u\u017cywamy, by zakry\u0107 jedynie drobne skazy. S\u0105 jednak <strong>idealne do sk\u00f3ry wok\u00f3\u0142 oczu<\/strong> czy <strong>pokrytej drobnymi zmarszczkami.<\/strong> \u0141atwo si\u0119 je rozprowadza, wi\u0119c mamy pewno\u015b\u0107, \u017ce kosmetyk nie zroluje si\u0119 w bruzdach i nie pozostawi nieestetycznych nier\u00f3wno\u015bci. Korektor o tej konsystencji idealnie nadaje si\u0119 wi\u0119c do tuszowania cieni pod oczami. Ten kosmetyk nak\u0142adamy pod podk\u0142ad i powinien mie\u0107 on kolor <strong>o ton lub dwa od niego ja\u015bniejszy.<\/strong><\/p>\n<div id=\"attachment_5285\" style=\"width: 360px\" class=\"wp-caption aligncenter\"><a href=\"https:\/\/neness.pl\/pl\/p\/E.L.F.-Korektor-Plynny-HD-Lifting-Concealer\/5203\"><img loading=\"lazy\" decoding=\"async\" aria-describedby=\"caption-attachment-5285\" class=\"wp-image-5285\" src=\"http:\/\/ranking-kosmetykow.pl\/wp-content\/uploads\/2018\/11\/5219622d9c240eb7da16cbc6396969da-1024x1024.jpg\" alt=\"\" width=\"350\" height=\"350\" srcset=\"https:\/\/neness.pl\/blog\/wp-content\/uploads\/2018\/11\/5219622d9c240eb7da16cbc6396969da-1024x1024.jpg 1024w, https:\/\/neness.pl\/blog\/wp-content\/uploads\/2018\/11\/5219622d9c240eb7da16cbc6396969da-300x300.jpg 300w, https:\/\/neness.pl\/blog\/wp-content\/uploads\/2018\/11\/5219622d9c240eb7da16cbc6396969da-150x150.jpg 150w, https:\/\/neness.pl\/blog\/wp-content\/uploads\/2018\/11\/5219622d9c240eb7da16cbc6396969da-768x768.jpg 768w, https:\/\/neness.pl\/blog\/wp-content\/uploads\/2018\/11\/5219622d9c240eb7da16cbc6396969da-1536x1536.jpg 1536w, https:\/\/neness.pl\/blog\/wp-content\/uploads\/2018\/11\/5219622d9c240eb7da16cbc6396969da-1080x1080.jpg 1080w, https:\/\/neness.pl\/blog\/wp-content\/uploads\/2018\/11\/5219622d9c240eb7da16cbc6396969da-610x610.jpg 610w, https:\/\/neness.pl\/blog\/wp-content\/uploads\/2018\/11\/5219622d9c240eb7da16cbc6396969da-440x440.jpg 440w, https:\/\/neness.pl\/blog\/wp-content\/uploads\/2018\/11\/5219622d9c240eb7da16cbc6396969da.jpg 2000w\" sizes=\"auto, (max-width: 350px) 100vw, 350px\" \/><\/a><p id=\"caption-attachment-5285\" class=\"wp-caption-text\">E.L.F. Korektor P\u0142ynny HD Lifting Concealer \/ 21,90 z\u0142<\/p><\/div>\n<h3>Korektory w kremie<\/h3>\n<p>Kosmetyki w kremie maj\u0105 <strong>nieco lepsze krycie<\/strong> i nadaj\u0105 si\u0119 do tuszowania wi\u0119kszych niedoskona\u0142o\u015bci. Tego produktu tak\u017ce mo\u017cna u\u017cywa\u0107 do korekty wok\u00f3\u0142 oczu. <strong>Mo\u017ce on jednak podkre\u015bla\u0107 zmarszczki<\/strong>, wi\u0119c polecany jest kobietom, kt\u00f3re nie musz\u0105 mierzy\u0107 si\u0119 jeszcze z tym problemem. Korektor w kremie tak\u017ce powinien by\u0107 <strong>ja\u015bniejszy od podk\u0142adu.<\/strong><\/p>\n<div id=\"attachment_5286\" style=\"width: 360px\" class=\"wp-caption aligncenter\"><a href=\"https:\/\/neness.pl\/pl\/p\/NYX-Concealer-Jar-Korektor-Kryjacy-w-Sloiczku\/5720\"><img loading=\"lazy\" decoding=\"async\" aria-describedby=\"caption-attachment-5286\" class=\"wp-image-5286\" src=\"http:\/\/ranking-kosmetykow.pl\/wp-content\/uploads\/2018\/11\/500_500_productGfx_14e54425325ea6481f6f09733abd52ab.jpg\" alt=\"\" width=\"350\" height=\"350\" srcset=\"https:\/\/neness.pl\/blog\/wp-content\/uploads\/2018\/11\/500_500_productGfx_14e54425325ea6481f6f09733abd52ab.jpg 500w, https:\/\/neness.pl\/blog\/wp-content\/uploads\/2018\/11\/500_500_productGfx_14e54425325ea6481f6f09733abd52ab-300x300.jpg 300w, https:\/\/neness.pl\/blog\/wp-content\/uploads\/2018\/11\/500_500_productGfx_14e54425325ea6481f6f09733abd52ab-150x150.jpg 150w, https:\/\/neness.pl\/blog\/wp-content\/uploads\/2018\/11\/500_500_productGfx_14e54425325ea6481f6f09733abd52ab-440x440.jpg 440w\" sizes=\"auto, (max-width: 350px) 100vw, 350px\" \/><\/a><p id=\"caption-attachment-5286\" class=\"wp-caption-text\">NYX Concealer Jar Korektor Kryj\u0105cy w S\u0142oiczku \/ 17,80 z\u0142<\/p><\/div>\n<h3>Korektory w sztyfcie<\/h3>\n<p><strong>Najbardziej kryj\u0105ce<\/strong> s\u0105 oczywi\u015bcie kosmetyki w sztyfcie. R\u00f3wnocze\u015bnie <strong>najtrudniej jest je rozprowadzi\u0107<\/strong>. Dlatego tego typu korektora powinny\u015bmy u\u017cywa\u0107 wy\u0142\u0105cznie<strong> do tuszowania najbardziej widocznych zmian<\/strong>, uwa\u017caj\u0105c, by pokry\u0107 nim jedynie defekt, nie za\u015b sk\u00f3r\u0119 wok\u00f3\u0142 niego. Ten korektor nak\u0142adamy na podk\u0142ad, wi\u0119c jego kolor powinien by\u0107 jak najbardziej do niego zbli\u017cony. Nie jest on polecany kobietom maj\u0105cym cer\u0119 such\u0105, gdy\u017c jest on bardzo widoczny na wszelkich odchodz\u0105cych sk\u00f3rkach na twarzy.<\/p>\n<div id=\"attachment_5287\" style=\"width: 360px\" class=\"wp-caption aligncenter\"><a href=\"https:\/\/neness.pl\/pl\/p\/Rimmel-Korektor-Hide-The-Blemish-Concealer-105-Golden-Beige\/5733\"><img loading=\"lazy\" decoding=\"async\" aria-describedby=\"caption-attachment-5287\" class=\"wp-image-5287\" src=\"http:\/\/ranking-kosmetykow.pl\/wp-content\/uploads\/2018\/11\/5d041a549275d12923af9fd47be1716d.jpg\" alt=\"\" width=\"350\" height=\"350\" srcset=\"https:\/\/neness.pl\/blog\/wp-content\/uploads\/2018\/11\/5d041a549275d12923af9fd47be1716d.jpg 1000w, https:\/\/neness.pl\/blog\/wp-content\/uploads\/2018\/11\/5d041a549275d12923af9fd47be1716d-300x300.jpg 300w, https:\/\/neness.pl\/blog\/wp-content\/uploads\/2018\/11\/5d041a549275d12923af9fd47be1716d-150x150.jpg 150w, https:\/\/neness.pl\/blog\/wp-content\/uploads\/2018\/11\/5d041a549275d12923af9fd47be1716d-768x768.jpg 768w, https:\/\/neness.pl\/blog\/wp-content\/uploads\/2018\/11\/5d041a549275d12923af9fd47be1716d-610x610.jpg 610w, https:\/\/neness.pl\/blog\/wp-content\/uploads\/2018\/11\/5d041a549275d12923af9fd47be1716d-440x440.jpg 440w\" sizes=\"auto, (max-width: 350px) 100vw, 350px\" \/><\/a><p id=\"caption-attachment-5287\" class=\"wp-caption-text\">Rimmel Korektor Hide The Blemish Concealer 105 Golden Beige \/ 12,90 z\u0142<\/p><\/div>\n<h3>Korektory kolorowe<\/h3>\n<p>Oczywi\u015bcie, \u017ceby ukry\u0107 defekty urody, mo\u017cemy tak\u017ce u\u017cy\u0107 korektor\u00f3w kolorowych. Te nak\u0142adamy na twarz zaraz po rozprowadzeniu kremu, a nast\u0119pnie delikatnie pokrywamy podk\u0142adem. Jakie kolory nadaj\u0105 si\u0119 do tuszowania poszczeg\u00f3lnych zmian?<strong> Zielony<\/strong> pomo\u017ce ukry\u0107 wszystko, co czerwone, jest wi\u0119c polecany do zmian tr\u0105dzikowych oraz naczynek. <strong>\u017b\u00f3\u0142ty korektor<\/strong> idealnie pokryje wszelkie sine miejsca, wi\u0119c najlepiej wykorzysta\u0107 go do zlikwidowania cieni pod oczami. <strong>Korektor w kolorze r\u00f3\u017cowym<\/strong> pozwoli za\u015b zatuszowa\u0107 wszystkie br\u0105zowe zmiany, nim wi\u0119c pokrywamy przebarwienia, piegi oraz cienie pod oczami w tym kolorze. Na rynku dost\u0119pny jest tak\u017ce <strong>korektor fioletowy<\/strong>, jednak ten najcz\u0119\u015bciej u\u017cywany jest przez profesjonalist\u00f3w w dziedzinie makija\u017cu. S\u0142u\u017cy do ukrywania defekt\u00f3w o \u017c\u00f3\u0142tawym odcieniu, takich jak przebarwienia s\u0142oneczne czy blizny.<\/p>\n","protected":false},"excerpt":{"rendered":"<p>Wypryski, blizny, cienie pod oczami, piegi, przebarwienia \u2013 przynajmniej jeden z tych problem\u00f3w m\u0119czy ka\u017cd\u0105 z nas. Niewiele jest szcz\u0119\u015bciar maj\u0105cych idealnie g\u0142adk\u0105 cer\u0119, niewymagaj\u0105c\u0105 tuszowania niedoskona\u0142o\u015bci. Dlatego w prawie ka\u017cdej kobiecej kosmetyczce znajduje si\u0119 korektor do zada\u0144 specjalnych. Jednak nie zawsze jeste\u015bmy zadowolone z efekt\u00f3w, jakie daje nasz kosmetyk. Jakie mog\u0105 by\u0107 tego powody? [&hellip;]<\/p>\n","protected":false},"author":2,"featured_media":5284,"comment_status":"open","ping_status":"open","sticky":false,"template":"","format":"standard","meta":{"_et_pb_use_builder":"","_et_pb_old_content":"","_et_gb_content_width":"","footnotes":""},"categories":[41],"tags":[],"class_list":["post-5283","post","type-post","status-publish","format-standard","has-post-thumbnail","hentry","category-olsniewaj-makijazem","et-has-post-format-content","et_post_format-et-post-format-standard"],"_links":{"self":[{"href":"https:\/\/neness.pl\/blog\/wp-json\/wp\/v2\/posts\/5283","targetHints":{"allow":["GET"]}}],"collection":[{"href":"https:\/\/neness.pl\/blog\/wp-json\/wp\/v2\/posts"}],"about":[{"href":"https:\/\/neness.pl\/blog\/wp-json\/wp\/v2\/types\/post"}],"author":[{"embeddable":true,"href":"https:\/\/neness.pl\/blog\/wp-json\/wp\/v2\/users\/2"}],"replies":[{"embeddable":true,"href":"https:\/\/neness.pl\/blog\/wp-json\/wp\/v2\/comments?post=5283"}],"version-history":[{"count":0,"href":"https:\/\/neness.pl\/blog\/wp-json\/wp\/v2\/posts\/5283\/revisions"}],"wp:featuredmedia":[{"embeddable":true,"href":"https:\/\/neness.pl\/blog\/wp-json\/wp\/v2\/media\/5284"}],"wp:attachment":[{"href":"https:\/\/neness.pl\/blog\/wp-json\/wp\/v2\/media?parent=5283"}],"wp:term":[{"taxonomy":"category","embeddable":true,"href":"https:\/\/neness.pl\/blog\/wp-json\/wp\/v2\/categories?post=5283"},{"taxonomy":"post_tag","embeddable":true,"href":"https:\/\/neness.pl\/blog\/wp-json\/wp\/v2\/tags?post=5283"}],"curies":[{"name":"wp","href":"https:\/\/api.w.org\/{rel}","templated":true}]}}