{"id":5273,"date":"2018-11-14T16:07:36","date_gmt":"2018-11-14T15:07:36","guid":{"rendered":"http:\/\/ranking-kosmetykow.pl\/?p=5273"},"modified":"2018-11-14T16:07:36","modified_gmt":"2018-11-14T15:07:36","slug":"jak-dbac-o-skore-na-twarzy-poradnik-dla-mezczyzn","status":"publish","type":"post","link":"https:\/\/neness.pl\/blog\/jak-dbac-o-skore-na-twarzy-poradnik-dla-mezczyzn\/","title":{"rendered":"Jak dba\u0107 o sk\u00f3r\u0119 na twarzy? Poradnik dla m\u0119\u017cczyzn"},"content":{"rendered":"<p>Sk\u00f3ra m\u0119ska jest nieco grubsza i i tym samym mniej delikatna ni\u017c kobieca. Sprawia to, \u017ce jest te\u017c <strong>bardziej odporna na dzia\u0142anie s\u0142o\u0144ca czy wiatru.<\/strong> Nie szkodz\u0105 jej r\u00f3wnie\u017c tak bardzo zanieczyszczenia unosz\u0105ce si\u0119 w powietrzu. To sprawia, \u017ce zmarszczki u m\u0119\u017cczyzn pojawiaj\u0105 si\u0119 z regu\u0142y kilka lat p\u00f3\u017aniej ni\u017c u kobiet. Jednak nawet m\u0119ska sk\u00f3ra, by by\u0142a zdrowa i nie wygl\u0105da\u0142a na zm\u0119czon\u0105, potrzebuje regularnej piel\u0119gnacji.<\/p>\n<h3>Po pierwsze \u2013 oczyszczanie<\/h3>\n<p>Podstaw\u0105 jest jej porz\u0105dne oczyszczanie. Dlaczego ten krok jest taki wa\u017cny? Gruczo\u0142y \u0142ojowe w m\u0119skiej sk\u00f3rze pracuj\u0105 bardzo intensywnie, dlatego ka\u017cdego dnia zbiera si\u0119 na niej spora <strong>warstwa sebum, kt\u00f3ra przyci\u0105ga kurz i inne zanieczyszczenia sprzyjaj\u0105ce powstawianiu wyprysk\u00f3w i zask\u00f3rnik\u00f3w.<\/strong> Usun\u0105\u0107 j\u0105 mo\u017cna za pomoc\u0105 specjalnego \u017celu do mycia twarzy. Zdecydowanie nie warto u\u017cywa\u0107 do tego myd\u0142a, bo jest to silny detergent, kt\u00f3ry mo\u017ce spowodowa\u0107, \u017ce sk\u00f3ra stanie si\u0119 przesuszona i nieprzyjemnie napi\u0119ta.<\/p>\n<h3>Po drugie \u2013 nawil\u017canie<\/h3>\n<p>Co prawda, m\u0119ska sk\u00f3ra sk\u00f3ra traci wod\u0119 du\u017co wolniej ni\u017c kobieca, jednak mimo wszystko przydaje jej si\u0119 codzienna dawka nawil\u017cenia. To wa\u017cne zw\u0142aszcza w przypadku pan\u00f3w, kt\u00f3rzy cz\u0119sto gol\u0105 zarost \u2013 ich sk\u00f3ra jest szczeg\u00f3lnie podatna na przesuszenie i powstawanie podra\u017cnie\u0144. Kremu najlepiej u\u017cywa\u0107<strong> dwa razy dziennie \u2013 rano i wieczorem.<\/strong> Panowie, kt\u00f3rzy mimo regularnego stosowania tego kosmetyku czuj\u0105, \u017ce ich sk\u00f3ra jest sucha i \u015bci\u0105gni\u0119ta, mog\u0105 te\u017c nak\u0142ada\u0107 raz w tygodniu <strong>maseczk\u0119 nawil\u017caj\u0105c\u0105 lub regeneruj\u0105c\u0105.<\/strong><\/p>\n<div id=\"attachment_5275\" style=\"width: 360px\" class=\"wp-caption aligncenter\"><a href=\"https:\/\/neness.pl\/natura-siberica-men-chlodzacy-zel-po-goleniu-yak-i-yeti-150ml\"><img loading=\"lazy\" decoding=\"async\" aria-describedby=\"caption-attachment-5275\" class=\"wp-image-5275\" src=\"http:\/\/ranking-kosmetykow.pl\/wp-content\/uploads\/2018\/11\/578312f550a719ae25d7c300463c36b9.jpg\" alt=\"\" width=\"350\" height=\"467\" srcset=\"https:\/\/neness.pl\/blog\/wp-content\/uploads\/2018\/11\/578312f550a719ae25d7c300463c36b9.jpg 750w, https:\/\/neness.pl\/blog\/wp-content\/uploads\/2018\/11\/578312f550a719ae25d7c300463c36b9-225x300.jpg 225w, https:\/\/neness.pl\/blog\/wp-content\/uploads\/2018\/11\/578312f550a719ae25d7c300463c36b9-610x813.jpg 610w\" sizes=\"auto, (max-width: 350px) 100vw, 350px\" \/><\/a><p id=\"caption-attachment-5275\" class=\"wp-caption-text\">Natura Siberica MEN Ch\u0142odz\u0105cy \u017bel po Goleniu &#8222;Yak i Yeti&#8221;, 150ml \/ 20,89 z\u0142<\/p><\/div>\n<h3>Po trzecie \u2013 odpowiednie kosmetyki do golenia<\/h3>\n<p>Panowie, kt\u00f3rzy lepiej czuj\u0105 si\u0119 w zaro\u015bcie, o jego odpowiedniej piel\u0119gnacji mog\u0105 przeczyta\u0107 w <a href=\"http:\/\/ranking-kosmetykow.pl\/2018\/07\/23\/kosmetyki-do-wasow-i-brody-po-co-je-stosowac\/\">naszym wcze\u015bniejszym artykule.<\/a> Ci, kt\u00f3rzy decyduj\u0105 si\u0119 na regularne golenie powinni za\u015b zadba\u0107, by na ich \u0142azienkowej p\u00f3\u0142ce znalaz\u0142o si\u0119 kilka kosmetyk\u00f3w, kt\u00f3re sprawi\u0105, \u017ce sk\u00f3ra po goleniu b\u0119dzie zdrowa i g\u0142adka. Wa\u017cny jest tutaj przede wszystkim wyb\u00f3r odpowiedniego preparatu do golenia. Najpopularniejszym produktem do tego przeznaczonym jest oczywi\u015bcie <strong>pianka,<\/strong> jednak nie u ka\u017cdego m\u0119\u017cczyzny sprawdzi si\u0119 ona r\u00f3wnie dobrze. Panowie, kt\u00f3rzy maj\u0105 wyj\u0105tkowo twardy zarost, powinni zdecydowa\u0107 si\u0119 na <strong>\u017cel do golenia, kt\u00f3ry tworzy pian\u0119 du\u017co g\u0119stsz\u0105, a przez to skuteczniejsz\u0105.<\/strong> Pr\u00f3cz tego kosmetyku, ka\u017cdy m\u0119\u017cczyzna powinien te\u017c zaopatrzy\u0107 si\u0119 w <strong>\u0142agodz\u0105cy balsam po goleniu<\/strong>, kt\u00f3ry zniweluje uczucie sucho\u015bci i sw\u0119dzenia. Warto zdecydowa\u0107 si\u0119 na <strong>produkt o lekkiej formule<\/strong>, kt\u00f3ra szybko si\u0119 wch\u0142ania i nie pozostawia t\u0142ustej warstwy na twarzy.<\/p>\n<h3>Po czwarte \u2013 sprz\u0119t do golenia<\/h3>\n<p>Aby unikn\u0105\u0107 podra\u017cnie\u0144 po goleniu, nale\u017cy te\u017c odpowiednio dba\u0107 o maszynk\u0119 do golenia. Panowie, kt\u00f3rzy u\u017cywaj\u0105 elektrycznego modelu, koniecznie powinni <strong>dezynfekowa\u0107 ostrze<\/strong> po ka\u017cdym u\u017cyciu. W innym wypadku stanie si\u0119 ono prawdziwym siedliskiem bakterii, kt\u00f3re podczas golenia b\u0119d\u0105 przenosi\u0107 si\u0119 na sk\u00f3r\u0119. M\u0119\u017cczy\u017ani stosuj\u0105cy zwyk\u0142e maszynki jednorazowe musz\u0105 pami\u0119ta\u0107 za to o ich<strong> cz\u0119stej wymianie na nowe<\/strong>. Dlaczego to takie wa\u017cne? Przede wszystkim ich ostrze szybko staje si\u0119 t\u0119pe, co zwi\u0119ksza ryzyko zaci\u0119cia. Maja one jednak tak\u017ce specjalne paski \u0142agodz\u0105ce minimalizuj\u0105ce dyskomfort zwi\u0105zany z goleniem. Szybko si\u0119 one zu\u017cywaj\u0105, wi\u0119c stosowanie tej samej maszynki przez d\u0142ugi okres sprawia, \u017ce sk\u00f3ra jest bardziej podra\u017cniona.<\/p>\n","protected":false},"excerpt":{"rendered":"<p>Sk\u00f3ra m\u0119ska jest nieco grubsza i i tym samym mniej delikatna ni\u017c kobieca. Sprawia to, \u017ce jest te\u017c bardziej odporna na dzia\u0142anie s\u0142o\u0144ca czy wiatru. Nie szkodz\u0105 jej r\u00f3wnie\u017c tak bardzo zanieczyszczenia unosz\u0105ce si\u0119 w powietrzu. To sprawia, \u017ce zmarszczki u m\u0119\u017cczyzn pojawiaj\u0105 si\u0119 z regu\u0142y kilka lat p\u00f3\u017aniej ni\u017c u kobiet. Jednak nawet m\u0119ska [&hellip;]<\/p>\n","protected":false},"author":2,"featured_media":5274,"comment_status":"open","ping_status":"open","sticky":false,"template":"","format":"standard","meta":{"_et_pb_use_builder":"","_et_pb_old_content":"","_et_gb_content_width":"","footnotes":""},"categories":[146],"tags":[],"class_list":["post-5273","post","type-post","status-publish","format-standard","has-post-thumbnail","hentry","category-z-mysla-o-mezczyznach","et-has-post-format-content","et_post_format-et-post-format-standard"],"_links":{"self":[{"href":"https:\/\/neness.pl\/blog\/wp-json\/wp\/v2\/posts\/5273","targetHints":{"allow":["GET"]}}],"collection":[{"href":"https:\/\/neness.pl\/blog\/wp-json\/wp\/v2\/posts"}],"about":[{"href":"https:\/\/neness.pl\/blog\/wp-json\/wp\/v2\/types\/post"}],"author":[{"embeddable":true,"href":"https:\/\/neness.pl\/blog\/wp-json\/wp\/v2\/users\/2"}],"replies":[{"embeddable":true,"href":"https:\/\/neness.pl\/blog\/wp-json\/wp\/v2\/comments?post=5273"}],"version-history":[{"count":0,"href":"https:\/\/neness.pl\/blog\/wp-json\/wp\/v2\/posts\/5273\/revisions"}],"wp:featuredmedia":[{"embeddable":true,"href":"https:\/\/neness.pl\/blog\/wp-json\/wp\/v2\/media\/5274"}],"wp:attachment":[{"href":"https:\/\/neness.pl\/blog\/wp-json\/wp\/v2\/media?parent=5273"}],"wp:term":[{"taxonomy":"category","embeddable":true,"href":"https:\/\/neness.pl\/blog\/wp-json\/wp\/v2\/categories?post=5273"},{"taxonomy":"post_tag","embeddable":true,"href":"https:\/\/neness.pl\/blog\/wp-json\/wp\/v2\/tags?post=5273"}],"curies":[{"name":"wp","href":"https:\/\/api.w.org\/{rel}","templated":true}]}}