{"id":5265,"date":"2018-11-07T15:49:05","date_gmt":"2018-11-07T14:49:05","guid":{"rendered":"http:\/\/ranking-kosmetykow.pl\/?p=5265"},"modified":"2018-11-07T15:49:05","modified_gmt":"2018-11-07T14:49:05","slug":"ciekawe-pomysly-na-domowa-maseczke-do-twarzy","status":"publish","type":"post","link":"https:\/\/neness.pl\/blog\/ciekawe-pomysly-na-domowa-maseczke-do-twarzy\/","title":{"rendered":"Ciekawe pomys\u0142y na domow\u0105 maseczk\u0119 do twarzy"},"content":{"rendered":"<p>Maseczki kupowane w drogeriach maj\u0105 wiele zalet. Ich receptura jest idealnie dopasowana do naszego typu cery, a w dodatku <strong>zawieraj\u0105 wiele, czasem trudno dost\u0119pnych, sk\u0142adnik\u00f3w od\u017cywczych,<\/strong> kt\u00f3re maj\u0105 znakomity wp\u0142yw na sk\u00f3r\u0119. Opr\u00f3cz tego nie wymagaj\u0105 przygotowywania, wi\u0119c pozwalaj\u0105 oszcz\u0119dzi\u0107 czas. Co jaki\u015b czas zdarza si\u0119 jednak, \u017ce sk\u00f3ra potrzebuje natychmiastowej dawki nawil\u017cenia, a my nie mamy pod r\u0119k\u0105 gotowego produktu. Bywa te\u017c, \u017ce po prostu mamy ochot\u0119 <strong>skorzysta\u0107 z naturalnych d\u00f3br<\/strong>, kt\u00f3re docenia\u0142y ju\u017c nasze prababki. Wtedy z ch\u0119ci\u0105 si\u0119gamy po przepisy na maseczki domowej roboty. Macie ochot\u0119 r\u00f3wnie\u017c je wypr\u00f3bowa\u0107? Oto kilka prostych i skutecznych masek, kt\u00f3re pomog\u0105 zadba\u0107 o cer\u0119.<!--more--><\/p>\n<h3>Maseczka z mleka i miodu<\/h3>\n<p>Niezwyk\u0142e w\u0142a\u015bciwo\u015bci tych dw\u00f3ch sk\u0142adnik\u00f3w docenia\u0142a pono\u0107 sama <strong>Kleopatra,<\/strong> kt\u00f3ra u\u017cywa\u0142a ich do k\u0105pieli, by jej sk\u00f3ra by\u0142a mi\u0119kka i delikatna. Dzi\u015b, setki lat po \u015bmierci tej wielkiej w\u0142adczyni, receptura ta nadal zyskuje na popularno\u015bci. Co prawda, rzadziej k\u0105piemy si\u0119 w tych specyfikach, jednak z powodzeniem tworzymy z nich <strong>silnie nawil\u017caj\u0105c\u0105 maseczk\u0119 do twarzy, kt\u00f3ra dodatkowo \u0142agodzi podra\u017cnienia<\/strong>. Jak wykona\u0107 taki kosmetyk? Wystarczy dwie \u0142y\u017ceczki miodu zmiesza\u0107 z dwiema \u0142y\u017ceczkami ciep\u0142ego mleka i na\u0142o\u017cy\u0107 na twarz na <strong>20-30 minut.<\/strong> Po tym czasie papk\u0119 nale\u017cy usun\u0105\u0107 ciep\u0142\u0105 wod\u0105.<\/p>\n<h3>Maseczka z siemienia lnianego<\/h3>\n<p>Ta <strong>prosta i tania maseczka<\/strong> co roku zdobywa nowe zwolenniczki. \u017beby j\u0105 wykona\u0107, zalewamy 2 \u0142y\u017cki zmielonego siemienia lnianego 1\/4 szklanki gor\u0105cej wody, a nast\u0119pnie odstawiamy mikstur\u0119 na kilkana\u015bcie minut, by ostyg\u0142a. Potem nak\u0142adamy j\u0105 na twarz na <strong>kwadrans<\/strong> i zmywamy ciep\u0142\u0105 wod\u0105. Ta maseczka nawil\u017caj\u0105ca szczeg\u00f3lnie polecana jest do <strong>cery dojrza\u0142ej<\/strong>, gdy\u017c siemi\u0119 zawiera mn\u00f3stwo <strong>witaminy E<\/strong>, kt\u00f3ra tradycyjnie ju\u017c jest nazywana witamin\u0105 m\u0142odo\u015bci. \u015awietnie sprawdzi si\u0119 jednak przy ka\u017cdym typie cery.<\/p>\n<h3>Maseczka z kakao<\/h3>\n<p>Wykonanie tej maseczki jest odrobin\u0119 bardziej skomplikowane ni\u017c wcze\u015bniejszych, ale efekt, jaki mo\u017cemy za jej pomoc\u0105 osi\u0105gn\u0105\u0107, jest naprawd\u0119 spektakularny. To dlatego, \u017ce kakao ma silne <strong>w\u0142a\u015bciwo\u015bci regeneruj\u0105ce, nawil\u017caj\u0105ce i tonizuj\u0105ce<\/strong>, a przy tym <strong>jest antyoksydantem i wspomaga produkcj\u0119 kolagenu<\/strong>. Maseczka z niego \u015bwietnie sprawdza si\u0119 nawet w przypadku bardzo <strong>suchej i zm\u0119czonej cery<\/strong>. Jak j\u0105 wykona\u0107? Do miseczki nale\u017cy wsypa\u0107 1\/3 szklanki kakao w proszku, doda\u0107 do niej 3 \u0142y\u017cki \u015bmietany, 1\/4 szklanki miodu i 2 \u0142y\u017cki zmielonych p\u0142atk\u00f3w owsianych, a nast\u0119pnie miesza\u0107 sk\u0142adniki, a\u017c do uzyskania mieszanki o konsystencji pasty. Tak przygotowan\u0105 maseczk\u0119 nak\u0142adamy na twarz na <strong>kwadrans,<\/strong> po czym zmywamy ciep\u0142\u0105 wod\u0105.<\/p>\n<h3>Maseczka marchewkowa<\/h3>\n<p>Je\u015bli Wasza cera wymaga szczeg\u00f3lnie du\u017cej dawki sk\u0142adnik\u00f3w od\u017cywczych, zdecydujcie si\u0119 na maseczk\u0119 z marchwi. <strong>Nawil\u017ca ona i zmi\u0119kcza sk\u00f3r\u0119, przyspiesza jej regeneracj\u0119, a dodatkowo poprawia koloryt cery i dzia\u0142a odm\u0142adzaj\u0105co.<\/strong> Jest \u015bwietna r\u00f3wnie\u017c do piel\u0119gnacji sk\u00f3ry t\u0142ustej, bo wykazuje dzia\u0142anie przeciw\u0142ojotokowe. Jej przygotowanie nale\u017cy rozpocz\u0105\u0107 od obrania i ugotowania dw\u00f3ch marchewek. Gdy s\u0105 ju\u017c mi\u0119kkie, rozgniatamy je na puree i dodajemy do nich sok z po\u0142owy cytryny, \u0142y\u017ck\u0119 miodu oraz \u0142y\u017ck\u0119 oliwy z oliwek. Ca\u0142o\u015b\u0107 dok\u0142adnie mieszamy i nak\u0142adamy na twarz na <strong>15 minut,<\/strong> a potem zmywamy ciep\u0142\u0105 wod\u0105.<\/p>\n","protected":false},"excerpt":{"rendered":"<p>Maseczki kupowane w drogeriach maj\u0105 wiele zalet. Ich receptura jest idealnie dopasowana do naszego typu cery, a w dodatku zawieraj\u0105 wiele, czasem trudno dost\u0119pnych, sk\u0142adnik\u00f3w od\u017cywczych, kt\u00f3re maj\u0105 znakomity wp\u0142yw na sk\u00f3r\u0119. Opr\u00f3cz tego nie wymagaj\u0105 przygotowywania, wi\u0119c pozwalaj\u0105 oszcz\u0119dzi\u0107 czas. Co jaki\u015b czas zdarza si\u0119 jednak, \u017ce sk\u00f3ra potrzebuje natychmiastowej dawki nawil\u017cenia, a my [&hellip;]<\/p>\n","protected":false},"author":2,"featured_media":5266,"comment_status":"open","ping_status":"open","sticky":false,"template":"","format":"standard","meta":{"_et_pb_use_builder":"","_et_pb_old_content":"","_et_gb_content_width":"","footnotes":""},"categories":[185],"tags":[],"class_list":["post-5265","post","type-post","status-publish","format-standard","has-post-thumbnail","hentry","category-codzienna-pielegnacja","et-has-post-format-content","et_post_format-et-post-format-standard"],"_links":{"self":[{"href":"https:\/\/neness.pl\/blog\/wp-json\/wp\/v2\/posts\/5265","targetHints":{"allow":["GET"]}}],"collection":[{"href":"https:\/\/neness.pl\/blog\/wp-json\/wp\/v2\/posts"}],"about":[{"href":"https:\/\/neness.pl\/blog\/wp-json\/wp\/v2\/types\/post"}],"author":[{"embeddable":true,"href":"https:\/\/neness.pl\/blog\/wp-json\/wp\/v2\/users\/2"}],"replies":[{"embeddable":true,"href":"https:\/\/neness.pl\/blog\/wp-json\/wp\/v2\/comments?post=5265"}],"version-history":[{"count":0,"href":"https:\/\/neness.pl\/blog\/wp-json\/wp\/v2\/posts\/5265\/revisions"}],"wp:featuredmedia":[{"embeddable":true,"href":"https:\/\/neness.pl\/blog\/wp-json\/wp\/v2\/media\/5266"}],"wp:attachment":[{"href":"https:\/\/neness.pl\/blog\/wp-json\/wp\/v2\/media?parent=5265"}],"wp:term":[{"taxonomy":"category","embeddable":true,"href":"https:\/\/neness.pl\/blog\/wp-json\/wp\/v2\/categories?post=5265"},{"taxonomy":"post_tag","embeddable":true,"href":"https:\/\/neness.pl\/blog\/wp-json\/wp\/v2\/tags?post=5265"}],"curies":[{"name":"wp","href":"https:\/\/api.w.org\/{rel}","templated":true}]}}