{"id":5245,"date":"2018-10-26T14:15:43","date_gmt":"2018-10-26T12:15:43","guid":{"rendered":"http:\/\/ranking-kosmetykow.pl\/?p=5245"},"modified":"2018-10-26T14:15:43","modified_gmt":"2018-10-26T12:15:43","slug":"jak-wykonac-makijaz-maskujacy","status":"publish","type":"post","link":"https:\/\/neness.pl\/blog\/jak-wykonac-makijaz-maskujacy\/","title":{"rendered":"Jak wykona\u0107 makija\u017c maskuj\u0105cy?"},"content":{"rendered":"<p>Make-up maskuj\u0105cy to jeden z najtrudniejszych typ\u00f3w makija\u017cu. Kiedy mamy na twarzy niedoskona\u0142o\u015bci, kt\u00f3re wprawiaj\u0105 nas w kompleksy i obni\u017caj\u0105 samoocen\u0119, staramy si\u0119 je ukry\u0107 za wszelk\u0105 cen\u0119. Zdarza si\u0119, \u017ce przy tym osi\u0105gamy skutek odwrotny od zamierzonego. Tak mocno maskujemy wszelkie zmiany sk\u00f3rne, \u017ce w efekcie ko\u0144czymy z nienaturaln\u0105 mask\u0105 z podk\u0142adu i tym samym jeszcze bardziej uwypuklamy nasze problemy. Dlatego warto pami\u0119ta\u0107 o podstawowej zasadzie wykonywania makija\u017cu maskuj\u0105cego \u2013 <strong>kluczem do celu jest tutaj nie na\u0142o\u017cenie jak najgrubszej warstwy podk\u0142adu, ale wyb\u00f3r odpowiednich kosmetyk\u00f3w i w\u0142a\u015bciwa technika ich nak\u0142adania.<\/strong> Jak wi\u0119c wykona\u0107 makija\u017c maskuj\u0105cy? Zale\u017cy od tego, jakie mankamenty urody chcemy zatuszowa\u0107.<!--more--><\/p>\n<h3>Maskowanie tr\u0105dziku<\/h3>\n<p>Je\u015bli naszym g\u0142\u00f3wnym problemem sk\u00f3rnym jest tr\u0105dzik, najlepiej rozpocz\u0105\u0107 makija\u017c od na\u0142o\u017cenia na twarz<strong> bazy utrwalaj\u0105cej.<\/strong> Sk\u00f3ra tr\u0105dzikowa jest z regu\u0142y t\u0142usta i wszystkie kosmetyki szybko z niej sp\u0142ywaj\u0105, dlatego ten krok jest niezb\u0119dny je\u015bli chcemy, by makija\u017c utrzyma\u0142 si\u0119 na niej przez ca\u0142y dzie\u0144. Nast\u0119pnie najlepiej zmiany sk\u00f3rne zakamuflowa\u0107 <strong>zielonym korektorem.<\/strong> Przy pokrywaniu niedoskona\u0142o\u015bci nale\u017cy trzyma\u0107 si\u0119 zasady, \u017ce <strong>ukrywamy tylko wyprysk i unikamy zasmarowywania sk\u00f3ry wok\u00f3\u0142.<\/strong><\/p>\n<div id=\"attachment_5248\" style=\"width: 365px\" class=\"wp-caption aligncenter\"><a href=\"https:\/\/neness.pl\/pl\/p\/NYX-Paletka-Korektorow-Color-Correcting-Concealer\/5119\"><img loading=\"lazy\" decoding=\"async\" aria-describedby=\"caption-attachment-5248\" class=\"size-full wp-image-5248\" src=\"http:\/\/ranking-kosmetykow.pl\/wp-content\/uploads\/2018\/10\/8223ea72b99cbcfcf4a65966fb42b118.jpg\" alt=\"\" width=\"355\" height=\"355\" srcset=\"https:\/\/neness.pl\/blog\/wp-content\/uploads\/2018\/10\/8223ea72b99cbcfcf4a65966fb42b118.jpg 355w, https:\/\/neness.pl\/blog\/wp-content\/uploads\/2018\/10\/8223ea72b99cbcfcf4a65966fb42b118-300x300.jpg 300w, https:\/\/neness.pl\/blog\/wp-content\/uploads\/2018\/10\/8223ea72b99cbcfcf4a65966fb42b118-150x150.jpg 150w\" sizes=\"auto, (max-width: 355px) 100vw, 355px\" \/><\/a><p id=\"caption-attachment-5248\" class=\"wp-caption-text\">NYX Paletka Korektor\u00f3w Color Correcting Concealer \/ 54,50 z\u0142<\/p><\/div>\n<p>Po na\u0142o\u017ceniu korektora przychodzi czas na pokrycie twarzy cienk\u0105 warstw\u0105 <strong>kryj\u0105cego podk\u0142adu<\/strong> w kolorze dobranym do naturalnej barwy cery. <strong>Najlepiej nak\u0142ada\u0107 go g\u0105beczk\u0105<\/strong>, jedynie delikatnie naciskaj\u0105c w miejscach pokrytych korektorem, by nie zetrze\u0107 kosmetyku. Je\u015bli mamy bardzo widoczny tr\u0105dzik, na najwi\u0119ksze wypryski mo\u017cemy na\u0142o\u017cy\u0107 jeszcze dodatkow\u0105 warstw\u0119 korektora, jednak wtedy musimy ju\u017c u\u017cy\u0107 kosmetyku <strong>o kolorze mo\u017cliwie zbli\u017conym do koloru podk\u0142adu.<\/strong> Jednak je\u015bli nie jest to absolutnie konieczne, najlepiej zrezygnowa\u0107 z dodawania kolejnej warstwy korektora. Makija\u017c wyka\u0144czamy, przypr\u00f3szaj\u0105c delikatnie twarz <strong>sypkim pudrem.<\/strong><\/p>\n<h3>Cienie pod oczami<\/h3>\n<p>Fioletowe cienie pod oczami u niekt\u00f3rych pojawiaj\u0105 si\u0119 tylko po nieprzespanej nocy, u innych jednak s\u0105 sta\u0142ym problemem wynikaj\u0105cym ze <strong>sk\u0142onno\u015bci genetycznej.<\/strong> Wiele kobiet ma podk\u00f3wki pod oczami niezale\u017cnie od liczby przespanych godzin i jedynym sposobem na nie jest na\u0142o\u017cenie makija\u017cu maskuj\u0105cego. Jak najlepiej ukry\u0107 ten mankament? Idealnie sprawdzi si\u0119 tutaj <strong>korektor w \u017c\u00f3\u0142tym kolorze,<\/strong> kt\u00f3ry przykrywa nawet bardzo widoczne zasinienia. Warto jednak wybra\u0107 p\u0142ynny kosmetyk i uwa\u017cnie go nak\u0142ada\u0107. Sk\u00f3ra pod oczami jest bardzo delikatna, a w dodatku niezale\u017cnie od wieku pokryta drobniutkimi zmarszczkami mimicznymi, w kt\u00f3rych nadmiar kosmetyku b\u0119dzie bardzo widoczny. <strong>Korektor najlepiej na\u0142o\u017cy\u0107 palcami,<\/strong> ostro\u017cnie wklepuj\u0105c go we wra\u017cliw\u0105 sk\u00f3r\u0119. Dopiero po na\u0142o\u017ceniu korektora mo\u017cemy pokry\u0107 twarz podk\u0142adem.<\/p>\n<div id=\"attachment_5247\" style=\"width: 360px\" class=\"wp-caption aligncenter\"><a href=\"https:\/\/neness.pl\/pl\/p\/E.L.F.-Korektor-Plynny-HD-Lifting-Concealer\/5203\"><img loading=\"lazy\" decoding=\"async\" aria-describedby=\"caption-attachment-5247\" class=\"wp-image-5247\" src=\"http:\/\/ranking-kosmetykow.pl\/wp-content\/uploads\/2018\/10\/5219622d9c240eb7da16cbc6396969da-1024x1024.jpg\" alt=\"\" width=\"350\" height=\"350\" srcset=\"https:\/\/neness.pl\/blog\/wp-content\/uploads\/2018\/10\/5219622d9c240eb7da16cbc6396969da-1024x1024.jpg 1024w, https:\/\/neness.pl\/blog\/wp-content\/uploads\/2018\/10\/5219622d9c240eb7da16cbc6396969da-300x300.jpg 300w, https:\/\/neness.pl\/blog\/wp-content\/uploads\/2018\/10\/5219622d9c240eb7da16cbc6396969da-150x150.jpg 150w, https:\/\/neness.pl\/blog\/wp-content\/uploads\/2018\/10\/5219622d9c240eb7da16cbc6396969da-768x768.jpg 768w, https:\/\/neness.pl\/blog\/wp-content\/uploads\/2018\/10\/5219622d9c240eb7da16cbc6396969da-1536x1536.jpg 1536w, https:\/\/neness.pl\/blog\/wp-content\/uploads\/2018\/10\/5219622d9c240eb7da16cbc6396969da-1080x1080.jpg 1080w, https:\/\/neness.pl\/blog\/wp-content\/uploads\/2018\/10\/5219622d9c240eb7da16cbc6396969da-610x610.jpg 610w, https:\/\/neness.pl\/blog\/wp-content\/uploads\/2018\/10\/5219622d9c240eb7da16cbc6396969da-440x440.jpg 440w, https:\/\/neness.pl\/blog\/wp-content\/uploads\/2018\/10\/5219622d9c240eb7da16cbc6396969da.jpg 2000w\" sizes=\"auto, (max-width: 350px) 100vw, 350px\" \/><\/a><p id=\"caption-attachment-5247\" class=\"wp-caption-text\">E.L.F. Korektor P\u0142ynny HD Lifting Concealer \/ 21,90 z\u0142<\/p><\/div>\n<h3>Ukrywanie blizn<\/h3>\n<p>Blizny na twarzy mog\u0105 mie\u0107 r\u00f3\u017cne kolory i faktur\u0119. Niekt\u00f3re panie maj\u0105 bardzo jasne, delikatnie wypuk\u0142e blizny, inne za\u015b z wkl\u0119s\u0142e, ciemniejsze od cery pozosta\u0142o\u015bci po tr\u0105dziku. Jak najlepiej je ukry\u0107? <strong>W przypadku bia\u0142ych blizn najlepiej sprawdza si\u0119 korektor o ton ciemniejszy od podk\u0142adu, przy wkl\u0119s\u0142ych warto postawi\u0107 na produkt o ton ja\u015bniejszy.<\/strong> Wybrany kosmetyk nak\u0142adamy jeszcze przed rozprowadzeniem podk\u0142adu, bardzo dok\u0142adne pokrywaj\u0105c tylko problematyczne miejsce. Dlatego do aplikacji korektora najlepiej u\u017cy\u0107 <strong>cienkiego p\u0119dzelka<\/strong>, kt\u00f3ry pozwoli precyzyjnie zatuszowa\u0107 niedoskona\u0142o\u015bci. Po zakamuflowaniu blizn nak\u0142adamy podk\u0142ad, uwa\u017caj\u0105c, by nie rozetrze\u0107 korektora, a nast\u0119pnie przypr\u00f3szamy ca\u0142o\u015b\u0107 pudrem.<\/p>\n","protected":false},"excerpt":{"rendered":"<p>Make-up maskuj\u0105cy to jeden z najtrudniejszych typ\u00f3w makija\u017cu. Kiedy mamy na twarzy niedoskona\u0142o\u015bci, kt\u00f3re wprawiaj\u0105 nas w kompleksy i obni\u017caj\u0105 samoocen\u0119, staramy si\u0119 je ukry\u0107 za wszelk\u0105 cen\u0119. Zdarza si\u0119, \u017ce przy tym osi\u0105gamy skutek odwrotny od zamierzonego. Tak mocno maskujemy wszelkie zmiany sk\u00f3rne, \u017ce w efekcie ko\u0144czymy z nienaturaln\u0105 mask\u0105 z podk\u0142adu i tym [&hellip;]<\/p>\n","protected":false},"author":2,"featured_media":5246,"comment_status":"open","ping_status":"open","sticky":false,"template":"","format":"standard","meta":{"_et_pb_use_builder":"","_et_pb_old_content":"","_et_gb_content_width":"","footnotes":""},"categories":[41],"tags":[],"class_list":["post-5245","post","type-post","status-publish","format-standard","has-post-thumbnail","hentry","category-olsniewaj-makijazem","et-has-post-format-content","et_post_format-et-post-format-standard"],"_links":{"self":[{"href":"https:\/\/neness.pl\/blog\/wp-json\/wp\/v2\/posts\/5245","targetHints":{"allow":["GET"]}}],"collection":[{"href":"https:\/\/neness.pl\/blog\/wp-json\/wp\/v2\/posts"}],"about":[{"href":"https:\/\/neness.pl\/blog\/wp-json\/wp\/v2\/types\/post"}],"author":[{"embeddable":true,"href":"https:\/\/neness.pl\/blog\/wp-json\/wp\/v2\/users\/2"}],"replies":[{"embeddable":true,"href":"https:\/\/neness.pl\/blog\/wp-json\/wp\/v2\/comments?post=5245"}],"version-history":[{"count":0,"href":"https:\/\/neness.pl\/blog\/wp-json\/wp\/v2\/posts\/5245\/revisions"}],"wp:featuredmedia":[{"embeddable":true,"href":"https:\/\/neness.pl\/blog\/wp-json\/wp\/v2\/media\/5246"}],"wp:attachment":[{"href":"https:\/\/neness.pl\/blog\/wp-json\/wp\/v2\/media?parent=5245"}],"wp:term":[{"taxonomy":"category","embeddable":true,"href":"https:\/\/neness.pl\/blog\/wp-json\/wp\/v2\/categories?post=5245"},{"taxonomy":"post_tag","embeddable":true,"href":"https:\/\/neness.pl\/blog\/wp-json\/wp\/v2\/tags?post=5245"}],"curies":[{"name":"wp","href":"https:\/\/api.w.org\/{rel}","templated":true}]}}