{"id":5238,"date":"2018-10-25T13:15:12","date_gmt":"2018-10-25T11:15:12","guid":{"rendered":"http:\/\/ranking-kosmetykow.pl\/?p=5238"},"modified":"2018-10-25T13:15:12","modified_gmt":"2018-10-25T11:15:12","slug":"triki-na-optyczne-zwiekszenie-objetosci-wlosow","status":"publish","type":"post","link":"https:\/\/neness.pl\/blog\/triki-na-optyczne-zwiekszenie-objetosci-wlosow\/","title":{"rendered":"Triki na optyczne zwi\u0119kszenie obj\u0119to\u015bci w\u0142os\u00f3w"},"content":{"rendered":"<p>Oklapni\u0119ta fryzura to problem nie tylko kobiet, kt\u00f3re maj\u0105 naturalnie cienkie w\u0142osy. W okresie jesienno-zimowym, kiedy nosimy czapki, zaczyna boryka\u0107 si\u0119 z nim wi\u0119kszo\u015b\u0107 z nas. Cz\u0119sto nawet je\u015bli przed wyj\u015bciem z domu fryzura prezentuje si\u0119 dobrze, po kilkudziesi\u0119ciu minutach w czapce zaczyna przypomina\u0107 p\u0142asko przylegaj\u0105cy do g\u0142owy he\u0142m. Na szcz\u0119\u015bcie jest kilka prostych, sprawdzonych trik\u00f3w pozwalaj\u0105cych na optyczne zwi\u0119kszenie obj\u0119to\u015bci w\u0142os\u00f3w, kt\u00f3re dzia\u0142aj\u0105 nawet w niesprzyjaj\u0105cych warunkach pogodowych. Oto kilka z nich.<!--more--><\/p>\n<h3>Odpowiednia koloryzacja<\/h3>\n<p>Farbowanie w\u0142os\u00f3w na jeden kolor zwykle daje do\u015b\u0107 p\u0142aski efekt, kt\u00f3ry optycznie ujmuje w\u0142osom obj\u0119to\u015bci. Dlatego je\u015bli mierzymy si\u0119 z problemem wiecznie oklapni\u0119tej fryzury,<strong> powinny\u015bmy farbowa\u0107 w\u0142osy w taki spos\u00f3b, by uzyska\u0107 efekt 3D<\/strong>. Najlepiej sprawdza si\u0119 tutaj <strong>baleja\u017c w nowoczesnym wydaniu.<\/strong> Polega on na farbowaniu w\u0142os\u00f3w na kilka odcieni tego samego koloru, co sprawia, \u017ce wydaj\u0105 si\u0119 one g\u0119stsze i zdrowsze. Wi\u0119cej na temat tej metody koloryzacji mo\u017cecie dowiedzie\u0107 si\u0119 z artyku\u0142u <a href=\"http:\/\/ranking-kosmetykow.pl\/2018\/09\/11\/balejaz-nowy-trend-w-koloryzacji\/\">Baleja\u017c \u2013 nowy trend w koloryzacji.<\/a><\/p>\n<div id=\"attachment_5239\" style=\"width: 176px\" class=\"wp-caption aligncenter\"><a href=\"https:\/\/neness.pl\/pl\/p\/Dr.-Konopkas-Zwiekszajacy-Objetosc-Szampon-do-Wlosow-500ml-\/5468\"><img loading=\"lazy\" decoding=\"async\" aria-describedby=\"caption-attachment-5239\" class=\"size-full wp-image-5239\" src=\"http:\/\/ranking-kosmetykow.pl\/wp-content\/uploads\/2018\/10\/719a1e66f15b9b594c1fc25503790263.jpg\" alt=\"\" width=\"166\" height=\"304\" srcset=\"https:\/\/neness.pl\/blog\/wp-content\/uploads\/2018\/10\/719a1e66f15b9b594c1fc25503790263.jpg 166w, https:\/\/neness.pl\/blog\/wp-content\/uploads\/2018\/10\/719a1e66f15b9b594c1fc25503790263-164x300.jpg 164w\" sizes=\"auto, (max-width: 166px) 100vw, 166px\" \/><\/a><p id=\"caption-attachment-5239\" class=\"wp-caption-text\">Dr. Konopka&#8217;s Zwi\u0119kszaj\u0105cy Obj\u0119to\u015b\u0107 Szampon do W\u0142os\u00f3w 500ml \/ 15,49 z\u0142<\/p><\/div>\n<h3>Technika suszenia<\/h3>\n<p>Du\u017cy wp\u0142yw na wygl\u0105d fryzury ma te\u017c spos\u00f3b suszenia w\u0142os\u00f3w. Najlepiej uk\u0142adaj\u0105 si\u0119 one, je\u015bli suszymy je <strong>ch\u0142odnym strumieniem powietrza, z g\u0142ow\u0105 skierowan\u0105 w d\u00f3\u0142<\/strong> \u2013 sprawia to, \u017ce staj\u0105 si\u0119 bardziej uniesione u nasady. Kiedy s\u0105 prawie suche, warto dodatkowo <strong>na\u0142o\u017cy\u0107 na nie odrobin\u0119 pianki lub spryska\u0107 lakierem<\/strong>, a dopiero p\u00f3\u017aniej doko\u0144czy\u0107 suszenie. Sprawi to, \u017ce osi\u0105gni\u0119ty efekt b\u0119dzie bardziej widoczny, a przede wszystkim trwalszy. Je\u015bli chcemy zyska\u0107 jeszcze wi\u0119ksz\u0105 obj\u0119to\u015b\u0107, w ko\u0144cowej fazie suszenia mo\u017cemy dodatkowo u\u017cy\u0107 do stylizacji okr\u0105g\u0142ej szczotki o du\u017cej \u015brednicy.<\/p>\n<h3>W\u0142a\u015bciwa fryzura<\/h3>\n<p>Zmiana fryzury naprawd\u0119 mo\u017ce czyni\u0107 cuda. W\u0142osy o ma\u0142ej obj\u0119to\u015bci momentalnie wydaj\u0105 si\u0119 grubsze, je\u015bli zdecydujemy si\u0119 na ich <strong>pocieniowanie.<\/strong> Staj\u0105 si\u0119 one wtedy l\u017cejsze, a tym samym bardziej uniesione, dodatkowo za\u015b ich r\u00f3\u017cna d\u0142ugo\u015b\u0107 sprawi, \u017ce optycznie b\u0119dzie ich wi\u0119cej. Je\u015bli nie chcemy decydowa\u0107 si\u0119 na a\u017c tak drastyczn\u0105 zmian\u0119 fryzury, mo\u017cemy zacz\u0105\u0107 od <strong>przeniesienia przedzia\u0142ka<\/strong>. Gdy zawsze nosimy go po tej samej stronie, w\u0142osy szybko si\u0119 przyzwyczajaj\u0105 i zaczynaj\u0105 przylega\u0107 do g\u0142owy. Je\u015bli za\u015b zmienimy miejsce przedzia\u0142ka, na pewien pomo\u017ce optycznie zwi\u0119kszy\u0107 obj\u0119to\u015b\u0107 w\u0142os\u00f3w.<\/p>\n<div id=\"attachment_5240\" style=\"width: 360px\" class=\"wp-caption aligncenter\"><a href=\"https:\/\/neness.pl\/kallos-essencja-zwiekszajaca-objetosc-shine-curle\"><img loading=\"lazy\" decoding=\"async\" aria-describedby=\"caption-attachment-5240\" class=\"wp-image-5240\" src=\"http:\/\/ranking-kosmetykow.pl\/wp-content\/uploads\/2018\/10\/7a5a2a8b339a37a205f0695128229369.jpg\" alt=\"\" width=\"350\" height=\"467\" srcset=\"https:\/\/neness.pl\/blog\/wp-content\/uploads\/2018\/10\/7a5a2a8b339a37a205f0695128229369.jpg 750w, https:\/\/neness.pl\/blog\/wp-content\/uploads\/2018\/10\/7a5a2a8b339a37a205f0695128229369-225x300.jpg 225w, https:\/\/neness.pl\/blog\/wp-content\/uploads\/2018\/10\/7a5a2a8b339a37a205f0695128229369-610x813.jpg 610w\" sizes=\"auto, (max-width: 350px) 100vw, 350px\" \/><\/a><p id=\"caption-attachment-5240\" class=\"wp-caption-text\"><br \/> Kallos Essencja Zwi\u0119kszaj\u0105ca Obj\u0119to\u015b\u0107 Shine Curle \/ 12,99 z\u0142<\/p><\/div>\n<h3>Dobrane uczesanie<\/h3>\n<p>Warto te\u017c zafundowa\u0107 sobie uczesanie sprawiaj\u0105ce, \u017ce w\u0142osy wydaj\u0105 si\u0119 g\u0119stsze. Najlepiej sprawdzaj\u0105 si\u0119 tutaj wszelkie <strong>loki i fale<\/strong> \u2013 o metodach na ich zrobienie, mo\u017cecie przeczyta\u0107 <a href=\"http:\/\/ranking-kosmetykow.pl\/2018\/10\/19\/4-metody-na-piekne-fale\/\">tutaj<\/a>. Je\u015bli wolicie proste w\u0142osy, mo\u017cecie unie\u015b\u0107 je za pomoc\u0105 <strong>karbownicy.<\/strong> Wystarczy na pasmach od spodu u\u017cy\u0107 tego urz\u0105dzenia tu\u017c przy samej nasadzie. Daje to efekt podobny do tapirowania, jednak mniej stroszy w\u0142osy. Innym dobrym sposobem na dodanie w\u0142osom obj\u0119to\u015bci jest oczywi\u015bcie u\u017cycie <strong>wype\u0142niacza do koka.<\/strong> Wystarczy zwi\u0105za\u0107 w\u0142osy w kitk\u0119, prze\u0142o\u017cy\u0107 przez nie wype\u0142niacz, a nast\u0119pnie zawin\u0105\u0107 kosmyki wok\u00f3\u0142 niego i ca\u0142o\u015b\u0107 upi\u0105\u0107 wsuwkami tu\u017c przy sk\u00f3rze g\u0142owy.<\/p>\n","protected":false},"excerpt":{"rendered":"<p>Oklapni\u0119ta fryzura to problem nie tylko kobiet, kt\u00f3re maj\u0105 naturalnie cienkie w\u0142osy. W okresie jesienno-zimowym, kiedy nosimy czapki, zaczyna boryka\u0107 si\u0119 z nim wi\u0119kszo\u015b\u0107 z nas. Cz\u0119sto nawet je\u015bli przed wyj\u015bciem z domu fryzura prezentuje si\u0119 dobrze, po kilkudziesi\u0119ciu minutach w czapce zaczyna przypomina\u0107 p\u0142asko przylegaj\u0105cy do g\u0142owy he\u0142m. Na szcz\u0119\u015bcie jest kilka prostych, sprawdzonych [&hellip;]<\/p>\n","protected":false},"author":2,"featured_media":5242,"comment_status":"open","ping_status":"open","sticky":false,"template":"","format":"standard","meta":{"_et_pb_use_builder":"","_et_pb_old_content":"","_et_gb_content_width":"","footnotes":""},"categories":[48],"tags":[],"class_list":["post-5238","post","type-post","status-publish","format-standard","has-post-thumbnail","hentry","category-wlosy-idealne","et-has-post-format-content","et_post_format-et-post-format-standard"],"_links":{"self":[{"href":"https:\/\/neness.pl\/blog\/wp-json\/wp\/v2\/posts\/5238","targetHints":{"allow":["GET"]}}],"collection":[{"href":"https:\/\/neness.pl\/blog\/wp-json\/wp\/v2\/posts"}],"about":[{"href":"https:\/\/neness.pl\/blog\/wp-json\/wp\/v2\/types\/post"}],"author":[{"embeddable":true,"href":"https:\/\/neness.pl\/blog\/wp-json\/wp\/v2\/users\/2"}],"replies":[{"embeddable":true,"href":"https:\/\/neness.pl\/blog\/wp-json\/wp\/v2\/comments?post=5238"}],"version-history":[{"count":0,"href":"https:\/\/neness.pl\/blog\/wp-json\/wp\/v2\/posts\/5238\/revisions"}],"wp:featuredmedia":[{"embeddable":true,"href":"https:\/\/neness.pl\/blog\/wp-json\/wp\/v2\/media\/5242"}],"wp:attachment":[{"href":"https:\/\/neness.pl\/blog\/wp-json\/wp\/v2\/media?parent=5238"}],"wp:term":[{"taxonomy":"category","embeddable":true,"href":"https:\/\/neness.pl\/blog\/wp-json\/wp\/v2\/categories?post=5238"},{"taxonomy":"post_tag","embeddable":true,"href":"https:\/\/neness.pl\/blog\/wp-json\/wp\/v2\/tags?post=5238"}],"curies":[{"name":"wp","href":"https:\/\/api.w.org\/{rel}","templated":true}]}}