{"id":5198,"date":"2018-10-10T15:51:25","date_gmt":"2018-10-10T13:51:25","guid":{"rendered":"http:\/\/ranking-kosmetykow.pl\/?p=5198"},"modified":"2018-10-10T15:51:25","modified_gmt":"2018-10-10T13:51:25","slug":"ciekawe-pomysly-na-jesienny-manikiur","status":"publish","type":"post","link":"https:\/\/neness.pl\/blog\/ciekawe-pomysly-na-jesienny-manikiur\/","title":{"rendered":"Ciekawe pomys\u0142y na jesienny manikiur"},"content":{"rendered":"<p>Jesie\u0144 w pe\u0142ni i chyba wszystkie wyj\u0119\u0142y\u015bmy ju\u017c z szaf ciep\u0142e swetry szale i czapki. Ale czy Wasze paznokcie te\u017c s\u0105 przygotowane na nowy sezon? Manikiurowe szale\u0144stwa, co prawda, bardziej kojarz\u0105 si\u0119 z latem, ale nic nie stoi na przeszkodzie, by zafundowa\u0107 sobie ciekawe paznokcie r\u00f3wnie\u017c jesieni\u0105. Brakuje Wam inspiracji? Podpowiadamy, jakie wzory idealnie sprawdz\u0105 si\u0119 w najbli\u017cszych miesi\u0105cach.<!--more--><\/p>\n<h3>Paznokcie w kolorach jesieni i nie tylko<\/h3>\n<p>Najprostszym rozwi\u0105zaniem jest pomalowanie paznokci na jeden, kojarz\u0105cy si\u0119 z jesieni\u0105 kolor. Kr\u00f3luj\u0105 tutaj oczywi\u015bcie <strong>be\u017ce, br\u0105zy, czerwienie<\/strong>, ale te\u017c<strong> bordo, rudy<\/strong> czy nawet <strong>granatowy<\/strong> i<strong> czarny<\/strong>. Wydaje Wam si\u0119 to zbyt nudne? \u0141atwo mo\u017cecie zmieni\u0107 taki manikiur w co\u015b naprawd\u0119 oryginalnego! Chocia\u017cby w paznokcie a&#8217;la Louboutin.<\/p>\n<p>Buty tego projektanta zas\u0142yn\u0119\u0142y szczeg\u00f3lnie jedn\u0105 cech\u0105 \u2013 czerwon\u0105 podeszw\u0105. To ten element sprawi\u0142, \u017ce s\u0105 rozpoznawalne na ca\u0142ym \u015bwiecie i stanowi\u0105 obiekt po\u017c\u0105dania wielu kobiet. Jaki to ma zwi\u0105zek z paznokciami? Ot\u00f3\u017c w ostatnich latach ten trend przeni\u00f3s\u0142 si\u0119 r\u00f3wnie\u017c na manicure. Zamiast podeszwy <strong>maluje si\u0119 tutaj wewn\u0119trzn\u0105 stron\u0119 paznokcia<\/strong>, a nast\u0119pnie delikatnie oczyszcza sk\u00f3r\u0119 wok\u00f3\u0142, by ca\u0142o\u015b\u0107 prezentowa\u0142a si\u0119 estetycznie. Oczywi\u015bcie najbardziej klasyczn\u0105 wersj\u0105 tego manikiuru s\u0105 <strong>czarne paznokcie z czerwonym spodem<\/strong>, ale mo\u017cecie te\u017c poszale\u0107 z kolorami i zdecydowa\u0107 si\u0119 na zupe\u0142nie inne zestawienie.<\/p>\n<div id=\"attachment_5200\" style=\"width: 1034px\" class=\"wp-caption aligncenter\"><img loading=\"lazy\" decoding=\"async\" aria-describedby=\"caption-attachment-5200\" class=\"size-large wp-image-5200\" src=\"http:\/\/ranking-kosmetykow.pl\/wp-content\/uploads\/2018\/10\/Fotolia_198486433_Subscription_XXL-1024x740.jpg\" alt=\"\" width=\"1024\" height=\"740\" srcset=\"https:\/\/neness.pl\/blog\/wp-content\/uploads\/2018\/10\/Fotolia_198486433_Subscription_XXL-1024x740.jpg 1024w, https:\/\/neness.pl\/blog\/wp-content\/uploads\/2018\/10\/Fotolia_198486433_Subscription_XXL-300x217.jpg 300w, https:\/\/neness.pl\/blog\/wp-content\/uploads\/2018\/10\/Fotolia_198486433_Subscription_XXL-768x555.jpg 768w, https:\/\/neness.pl\/blog\/wp-content\/uploads\/2018\/10\/Fotolia_198486433_Subscription_XXL-1536x1111.jpg 1536w, https:\/\/neness.pl\/blog\/wp-content\/uploads\/2018\/10\/Fotolia_198486433_Subscription_XXL-2048x1481.jpg 2048w, https:\/\/neness.pl\/blog\/wp-content\/uploads\/2018\/10\/Fotolia_198486433_Subscription_XXL-1080x781.jpg 1080w, https:\/\/neness.pl\/blog\/wp-content\/uploads\/2018\/10\/Fotolia_198486433_Subscription_XXL-610x441.jpg 610w\" sizes=\"auto, (max-width: 1024px) 100vw, 1024px\" \/><p id=\"caption-attachment-5200\" class=\"wp-caption-text\">Fotolia #198486433 | Autor: Sergii<\/p><\/div>\n<h3>Sweterki<\/h3>\n<p>Swetry s\u0105 bardzo modne o tej porze roku. Ich popularno\u015b\u0107 jest tak du\u017ca, \u017ce maj\u0105 je nawet kubki czy termofory, wi\u0119c dlaczego mia\u0142yby nie mie\u0107 ich paznokcie? Manikiur o fakturze swetra jest trudniejszy do wykonania, ale przy odrobinie cierpliwo\u015bci z powodzeniem mo\u017cemy zrobi\u0107 go w domu. Naj\u0142atwiej wykona\u0107 go za pomoc\u0105 <strong>lakier\u00f3w hybrydowych<\/strong>. Nale\u017cy po\u0142o\u017cy\u0107 na paznokcie dwie warstwy wybranego koloru i kolejno je wysuszy\u0107. Nast\u0119pnie za pomoc\u0105 ma\u0142ego, <strong>precyzyjnego p\u0119dzelka lub wyka\u0142aczki<\/strong> na\u0142o\u017cy\u0107 na nie wz\u00f3r podpatrzony na grubych swetrach. Mog\u0105 to by\u0107<strong> przeplatanki, paski czy kropki<\/strong>, koniecznie w tym samym kolorze, kt\u00f3ry pos\u0142u\u017cy\u0142 za t\u0142o. Wykonany wzorek suszymy, a potem pokrywamy jeszcze jedn\u0105 warstw\u0105 lakieru \u2013 tak by uzyska\u0107 <strong>efekt 3D<\/strong>. Ostatnim krokiem jest pomalowanie ca\u0142o\u015bci topem. Takie paznokcie mo\u017cemy wykonywa\u0107 jesiennym kolorem, ale \u015bwietnie wygl\u0105daj\u0105 te\u017c sweterki r\u00f3\u017cowe, niebieskie czy bia\u0142e.<\/p>\n<h3>Ombre nie tylko na w\u0142osach<\/h3>\n<p>Nie jeste\u015bcie przekonane do tych rozwi\u0105za\u0144? Mo\u017ce wi\u0119c przypadn\u0105 Wam do gustu cieniowane paznokcie, czyli popularne ombre? \u017beby uzyska\u0107 taki efekt nak\u0142adamy dwie warstwy lakieru i pozostawiamy je do wyschni\u0119cia. Nast\u0119pnie przyst\u0119pujemy do cieniowania. W tym celu bierzemy <strong>kawa\u0142ek g\u0105bki<\/strong> (doskonale nada si\u0119 g\u0105bka do zmywania, oczywi\u015bcie nowa) i nak\u0142adamy na ni\u0105 lakier w innym odcieniu ni\u017c ten, kt\u00f3rym pokry\u0142y\u015bmy paznokcie. Nast\u0119pnie odciskamy g\u0105beczk\u0119 na paznokciu, rozpoczynaj\u0105c mniej wi\u0119cej <strong>od po\u0142owy jego d\u0142ugo\u015bci.<\/strong> Kiedy warstwa wyschnie, tak\u017ce za pomoc\u0105 g\u0105beczki nak\u0142adamy kolejn\u0105, tym razem pokrywaj\u0105c nieco mniejszy obszar paznokcia. Zabieg ten powtarzamy tak d\u0142ugo, a\u017c uzyskamy zadowalaj\u0105ce przej\u015bcia kolorystyczne.<\/p>\n","protected":false},"excerpt":{"rendered":"<p>Jesie\u0144 w pe\u0142ni i chyba wszystkie wyj\u0119\u0142y\u015bmy ju\u017c z szaf ciep\u0142e swetry szale i czapki. Ale czy Wasze paznokcie te\u017c s\u0105 przygotowane na nowy sezon? Manikiurowe szale\u0144stwa, co prawda, bardziej kojarz\u0105 si\u0119 z latem, ale nic nie stoi na przeszkodzie, by zafundowa\u0107 sobie ciekawe paznokcie r\u00f3wnie\u017c jesieni\u0105. Brakuje Wam inspiracji? Podpowiadamy, jakie wzory idealnie sprawdz\u0105 [&hellip;]<\/p>\n","protected":false},"author":2,"featured_media":5199,"comment_status":"open","ping_status":"open","sticky":false,"template":"","format":"standard","meta":{"_et_pb_use_builder":"","_et_pb_old_content":"","_et_gb_content_width":"","footnotes":""},"categories":[6],"tags":[],"class_list":["post-5198","post","type-post","status-publish","format-standard","has-post-thumbnail","hentry","category-trendy","et-has-post-format-content","et_post_format-et-post-format-standard"],"_links":{"self":[{"href":"https:\/\/neness.pl\/blog\/wp-json\/wp\/v2\/posts\/5198","targetHints":{"allow":["GET"]}}],"collection":[{"href":"https:\/\/neness.pl\/blog\/wp-json\/wp\/v2\/posts"}],"about":[{"href":"https:\/\/neness.pl\/blog\/wp-json\/wp\/v2\/types\/post"}],"author":[{"embeddable":true,"href":"https:\/\/neness.pl\/blog\/wp-json\/wp\/v2\/users\/2"}],"replies":[{"embeddable":true,"href":"https:\/\/neness.pl\/blog\/wp-json\/wp\/v2\/comments?post=5198"}],"version-history":[{"count":0,"href":"https:\/\/neness.pl\/blog\/wp-json\/wp\/v2\/posts\/5198\/revisions"}],"wp:featuredmedia":[{"embeddable":true,"href":"https:\/\/neness.pl\/blog\/wp-json\/wp\/v2\/media\/5199"}],"wp:attachment":[{"href":"https:\/\/neness.pl\/blog\/wp-json\/wp\/v2\/media?parent=5198"}],"wp:term":[{"taxonomy":"category","embeddable":true,"href":"https:\/\/neness.pl\/blog\/wp-json\/wp\/v2\/categories?post=5198"},{"taxonomy":"post_tag","embeddable":true,"href":"https:\/\/neness.pl\/blog\/wp-json\/wp\/v2\/tags?post=5198"}],"curies":[{"name":"wp","href":"https:\/\/api.w.org\/{rel}","templated":true}]}}