{"id":5155,"date":"2018-09-24T12:47:14","date_gmt":"2018-09-24T10:47:14","guid":{"rendered":"http:\/\/ranking-kosmetykow.pl\/?p=5155"},"modified":"2018-09-24T12:47:14","modified_gmt":"2018-09-24T10:47:14","slug":"jak-malowac-oczy-cieniami-do-powiek","status":"publish","type":"post","link":"https:\/\/neness.pl\/blog\/jak-malowac-oczy-cieniami-do-powiek\/","title":{"rendered":"Jak malowa\u0107 oczy cieniami do powiek?"},"content":{"rendered":"<p>Dobrze na\u0142o\u017cone cienie pi\u0119knie<strong> podkre\u015blaj\u0105 oczy<\/strong> i <strong>koryguj\u0105 ich kszta\u0142t<\/strong>. Jednak wiele z nas z nich rezygnuje, bo nie ma poj\u0119cia, jak ich prawid\u0142owo u\u017cywa\u0107, lub ma wra\u017cenie, \u017ce szybko sp\u0142ywaj\u0105 i zaczynaj\u0105 wygl\u0105da\u0107 nieestetycznie. \u0141atwo jednak mo\u017cna nauczy\u0107 si\u0119 nak\u0142ada\u0107 cenie w taki spos\u00f3b, by nienagannie prezentowa\u0142y si\u0119 przez wiele godzin.<!--more--><\/p>\n<h3>Przed na\u0142o\u017ceniem cieni<\/h3>\n<p>Bardzo wa\u017cne jest odpowiednie przygotowanie powiek do na\u0142o\u017cenia cieni. Pierwszym krokiem powinno by\u0107 tutaj <strong>dok\u0142adne odt\u0142uszczenie sk\u00f3ry<\/strong>. Nale\u017cy wi\u0119c wzi\u0105\u0107 chusteczk\u0119 lub wacik kosmetyczny i delikatnie zetrze\u0107 z powiek nadmiar kremu. Nast\u0119pnie przychodzi pora na <strong>wyr\u00f3wnanie ich kolorytu<\/strong>. Cz\u0119sto na sk\u00f3rze s\u0105 widoczne drobne naczynka, zaczerwienienia lub przebarwienia, dlatego warto pokry\u0107 powieki specjaln\u0105 baz\u0105 lub korektorem, kt\u00f3ry zamaskuje wszelkie niedoskona\u0142o\u015bci, a przy okazji sprawi, \u017ce \u0142atwiej nam b\u0119dzie rozciera\u0107 cienie. Wybranym kosmetykiem najlepiej pokry\u0107 zar\u00f3wno powiek\u0119 ruchom\u0105, jak i nieruchom\u0105. Po rozprowadzeniu produktu koniecznie trzeba <strong>przypr\u00f3szy\u0107 powiek\u0119 pudrem<\/strong>, kt\u00f3ry dodatkowo zmatuje sk\u00f3r\u0119 i sprawi, \u017ce cienie b\u0119d\u0105 utrzymywa\u0107 si\u0119 d\u0142u\u017cej.<\/p>\n<div id=\"attachment_5157\" style=\"width: 360px\" class=\"wp-caption aligncenter\"><a href=\"https:\/\/neness.pl\/kosmetyki\/twarz\/bazy_pod_makijaz\/darmacol_baza_pod_cienie_eyeshadow_base.html\"><img loading=\"lazy\" decoding=\"async\" aria-describedby=\"caption-attachment-5157\" class=\"wp-image-5157\" src=\"http:\/\/ranking-kosmetykow.pl\/wp-content\/uploads\/2018\/09\/b2d54153ba8997e9f634e3db075061ee.jpg\" alt=\"\" width=\"350\" height=\"467\" srcset=\"https:\/\/neness.pl\/blog\/wp-content\/uploads\/2018\/09\/b2d54153ba8997e9f634e3db075061ee.jpg 750w, https:\/\/neness.pl\/blog\/wp-content\/uploads\/2018\/09\/b2d54153ba8997e9f634e3db075061ee-225x300.jpg 225w, https:\/\/neness.pl\/blog\/wp-content\/uploads\/2018\/09\/b2d54153ba8997e9f634e3db075061ee-610x813.jpg 610w\" sizes=\"auto, (max-width: 350px) 100vw, 350px\" \/><\/a><p id=\"caption-attachment-5157\" class=\"wp-caption-text\">Darmacol Baza Pod Cienie Eyeshadow Base \/ 15,90 z\u0142<\/p><\/div>\n<h3>Jak nak\u0142ada\u0107 kolory?<\/h3>\n<p>Po takim przygotowaniu mo\u017cemy przyst\u0105pi\u0107 do wyboru cieni. Najlepiej wybra\u0107 <strong>2-3 harmonizuj\u0105ce ze sob\u0105 kolory<\/strong>, kt\u00f3re b\u0119d\u0105 podkre\u015bla\u0142y kolor t\u0119cz\u00f3wki. Je\u015bli dopiero zaczynamy przygod\u0119 z makija\u017cem, warto postawi\u0107 na neutralne barwy, takie jak br\u0105zy, be\u017ce czy szaro\u015bci. Kiedy mamy ju\u017c skompletowan\u0105 w\u0142asn\u0105 paletk\u0119, mo\u017cemy zacz\u0105\u0107 nak\u0142ada\u0107 cienie. Warto tutaj zrezygnowa\u0107 z aplikatora do\u0142\u0105czonego do kosmetyku i <strong>zaopatrzy\u0107 si\u0119 w ma\u0142y, puszysty p\u0119dzelek<\/strong>, kt\u00f3ry znacznie u\u0142atwi nam prac\u0119. Cienie powinny\u015bmy nak\u0142ada\u0107 <strong>w kolejno\u015bci od najja\u015bniejszego do najciemniejszego.<\/strong> Dobrze jest te\u017c pami\u0119ta\u0107, by nie nabiera\u0107 na p\u0119dzelek od razu du\u017cej ilo\u015bci kosmetyku. Najlepiej na\u0142o\u017cy\u0107 go niewiele i stopniowo, wed\u0142ug potrzeb, dok\u0142ada\u0107 kolejne warstwy.<\/p>\n<div id=\"attachment_5158\" style=\"width: 360px\" class=\"wp-caption aligncenter\"><a href=\"https:\/\/neness.pl\/kosmetyki\/oczy\/cienie_do_powiek\/technic_paleta_6_cieni_do_powiek_nudes.html\"><img loading=\"lazy\" decoding=\"async\" aria-describedby=\"caption-attachment-5158\" class=\"wp-image-5158\" src=\"http:\/\/ranking-kosmetykow.pl\/wp-content\/uploads\/2018\/09\/edb07236a44e2891b0b9971260732ceb.jpg\" alt=\"\" width=\"350\" height=\"467\" srcset=\"https:\/\/neness.pl\/blog\/wp-content\/uploads\/2018\/09\/edb07236a44e2891b0b9971260732ceb.jpg 750w, https:\/\/neness.pl\/blog\/wp-content\/uploads\/2018\/09\/edb07236a44e2891b0b9971260732ceb-225x300.jpg 225w, https:\/\/neness.pl\/blog\/wp-content\/uploads\/2018\/09\/edb07236a44e2891b0b9971260732ceb-610x813.jpg 610w\" sizes=\"auto, (max-width: 350px) 100vw, 350px\" \/><\/a><p id=\"caption-attachment-5158\" class=\"wp-caption-text\">Technic Paleta 6 Cieni Do Powiek Nudes \/ 7,90 z\u0142<\/p><\/div>\n<h3>Malujemy powieki<\/h3>\n<p>Najja\u015bniejszy z kolor\u00f3w nak\u0142adamy na <strong>g\u00f3rn\u0105, ruchom\u0105 powiek\u0119<\/strong>, pocz\u0105wszy od wewn\u0119trznego k\u0105cika oka. Cie\u0144 powinien pokry\u0107 ca\u0142\u0105 powierzchni\u0119, a\u017c do za\u0142amania powieki. P\u00f3\u017aniej, pocz\u0105wszy <strong>od \u015brodka powieki<\/strong>, nale\u017cy na\u0142o\u017cy\u0107 nieco ciemniejszy kolor, wychodz\u0105c nawet poza zewn\u0119trzny k\u0105cik oka. Nast\u0119pnie warto <strong>delikatnie rozetrze\u0107 miejsce, w kt\u00f3rym stykaj\u0105 si\u0119 kolory<\/strong>, by przej\u015bcie mi\u0119dzy nimi by\u0142o mo\u017cliwie naturalne. Najciemniejszy cie\u0144 nak\u0142adamy<strong> przy zewn\u0119trznym k\u0105ciku oka<\/strong> i <strong>formujemy go w kszta\u0142t litery C<\/strong>, jednocze\u015bnie rozcieraj\u0105c kolistymi lub p\u00f3\u0142kolistymi ruchami. Zawsze nale\u017cy nak\u0142ada\u0107 go ku g\u00f3rze, bo je\u015bli b\u0119dzie opada\u0142, sprawi to wra\u017cenie, \u017ce jeste\u015bmy zm\u0119czone lub smutne. Po na\u0142o\u017ceniu tych kosmetyk\u00f3w mo\u017cemy uzupe\u0142ni\u0107 makija\u017c oka kredk\u0105 i tuszem.<\/p>\n","protected":false},"excerpt":{"rendered":"<p>Dobrze na\u0142o\u017cone cienie pi\u0119knie podkre\u015blaj\u0105 oczy i koryguj\u0105 ich kszta\u0142t. Jednak wiele z nas z nich rezygnuje, bo nie ma poj\u0119cia, jak ich prawid\u0142owo u\u017cywa\u0107, lub ma wra\u017cenie, \u017ce szybko sp\u0142ywaj\u0105 i zaczynaj\u0105 wygl\u0105da\u0107 nieestetycznie. \u0141atwo jednak mo\u017cna nauczy\u0107 si\u0119 nak\u0142ada\u0107 cenie w taki spos\u00f3b, by nienagannie prezentowa\u0142y si\u0119 przez wiele godzin.<\/p>\n","protected":false},"author":2,"featured_media":5156,"comment_status":"open","ping_status":"open","sticky":false,"template":"","format":"standard","meta":{"_et_pb_use_builder":"","_et_pb_old_content":"","_et_gb_content_width":"","footnotes":""},"categories":[41],"tags":[],"class_list":["post-5155","post","type-post","status-publish","format-standard","has-post-thumbnail","hentry","category-olsniewaj-makijazem","et-has-post-format-content","et_post_format-et-post-format-standard"],"_links":{"self":[{"href":"https:\/\/neness.pl\/blog\/wp-json\/wp\/v2\/posts\/5155","targetHints":{"allow":["GET"]}}],"collection":[{"href":"https:\/\/neness.pl\/blog\/wp-json\/wp\/v2\/posts"}],"about":[{"href":"https:\/\/neness.pl\/blog\/wp-json\/wp\/v2\/types\/post"}],"author":[{"embeddable":true,"href":"https:\/\/neness.pl\/blog\/wp-json\/wp\/v2\/users\/2"}],"replies":[{"embeddable":true,"href":"https:\/\/neness.pl\/blog\/wp-json\/wp\/v2\/comments?post=5155"}],"version-history":[{"count":0,"href":"https:\/\/neness.pl\/blog\/wp-json\/wp\/v2\/posts\/5155\/revisions"}],"wp:featuredmedia":[{"embeddable":true,"href":"https:\/\/neness.pl\/blog\/wp-json\/wp\/v2\/media\/5156"}],"wp:attachment":[{"href":"https:\/\/neness.pl\/blog\/wp-json\/wp\/v2\/media?parent=5155"}],"wp:term":[{"taxonomy":"category","embeddable":true,"href":"https:\/\/neness.pl\/blog\/wp-json\/wp\/v2\/categories?post=5155"},{"taxonomy":"post_tag","embeddable":true,"href":"https:\/\/neness.pl\/blog\/wp-json\/wp\/v2\/tags?post=5155"}],"curies":[{"name":"wp","href":"https:\/\/api.w.org\/{rel}","templated":true}]}}