{"id":5148,"date":"2018-09-21T13:49:22","date_gmt":"2018-09-21T11:49:22","guid":{"rendered":"http:\/\/ranking-kosmetykow.pl\/?p=5148"},"modified":"2018-09-21T13:49:22","modified_gmt":"2018-09-21T11:49:22","slug":"konturowanie-twarzy-makijazem","status":"publish","type":"post","link":"https:\/\/neness.pl\/blog\/konturowanie-twarzy-makijazem\/","title":{"rendered":"Konturowanie twarzy makija\u017cem"},"content":{"rendered":"<p>Jeszcze niedawno twarz pokrywa\u0142y\u015bmy jedynie podk\u0142adem i pudrem, a na wi\u0119ksze wyj\u015bcia dodawa\u0142y\u015bmy na ko\u015bci policzkowe nieco r\u00f3\u017cu lub bronzera. Kilka lat temu nast\u0105pi\u0142a jednak rewolucja w trendach makija\u017cowych. Wprowadzi\u0142a j\u0105 <strong>Kim Kardashian<\/strong>, kt\u00f3ra zdecydowa\u0142a si\u0119 pokaza\u0107 fanom krok po kroku, jak tworzy sw\u00f3j make-up. W ten spos\u00f3b narodzi\u0142a si\u0119<strong> moda na konturowanie twarzy<\/strong>, kt\u00f3ra trwa do dzisiaj.<!--more--><\/p>\n<h3>Czym jest konturowanie twarzy?<\/h3>\n<p>Przed rewolucj\u0105 wprowadzon\u0105 prze influencerk\u0119 twarz uwa\u017ca\u0142y\u015bmy za co\u015b w rodzaju p\u0142\u00f3tna. Wedle najnowszych trend\u00f3w powinny\u015bmy j\u0105 jednak traktowa\u0107 jak <strong>bry\u0142\u0119<\/strong> i makija\u017cem<strong> pog\u0142\u0119bia\u0107 efekt tr\u00f3jwymiarowo\u015bci<\/strong>. W tym w\u0142a\u015bnie ma pom\u00f3c konturowanie.<\/p>\n<div id=\"attachment_5149\" style=\"width: 360px\" class=\"wp-caption aligncenter\"><a href=\"https:\/\/neness.pl\/kosmetyki\/twarz\/roze_bronzery_i_rozswietlacze\/revolution_sztyft_do_konturowania_one_sculpt.html\"><img loading=\"lazy\" decoding=\"async\" aria-describedby=\"caption-attachment-5149\" class=\"wp-image-5149\" src=\"http:\/\/ranking-kosmetykow.pl\/wp-content\/uploads\/2018\/09\/40a0764b26baa1da06b8a232faee4cf9.jpg\" alt=\"\" width=\"350\" height=\"467\" srcset=\"https:\/\/neness.pl\/blog\/wp-content\/uploads\/2018\/09\/40a0764b26baa1da06b8a232faee4cf9.jpg 750w, https:\/\/neness.pl\/blog\/wp-content\/uploads\/2018\/09\/40a0764b26baa1da06b8a232faee4cf9-225x300.jpg 225w, https:\/\/neness.pl\/blog\/wp-content\/uploads\/2018\/09\/40a0764b26baa1da06b8a232faee4cf9-610x813.jpg 610w\" sizes=\"auto, (max-width: 350px) 100vw, 350px\" \/><\/a><p id=\"caption-attachment-5149\" class=\"wp-caption-text\">Revolution Sztyft do Konturowania One Sculpt \/ 20,90 z\u0142<\/p><\/div>\n<p>Najpro\u015bciej m\u00f3wi\u0105c, polega ono na nak\u0142adaniu na twarz opr\u00f3cz podk\u0142adu tak\u017ce <strong>kosmetyku o dwa tony ciemniejszego oraz o ton ja\u015bniejszego<\/strong>. Ja\u015bniejszym malujemy linie w miejscach, kt\u00f3re chcemy podkre\u015bli\u0107 i uwypukli\u0107. Kreskami ciemnymi pokrywamy te cz\u0119\u015bci twarzy, kt\u00f3re chcia\u0142yby\u015bmy raczej pozostawi\u0107 w cieniu. Nast\u0119pnym krokiem jest <strong>dok\u0142adne roztarcie kosmetyk\u00f3w za pomoc\u0105 p\u0119dzla lub g\u0105beczki<\/strong> tak, by przej\u015bcia pomi\u0119dzy nimi by\u0142y mo\u017cliwie naturalne. W ten spos\u00f3b mo\u017cemy sprawi\u0107, \u017ce twarz optycznie stanie si\u0119 szczuplejsza lub pe\u0142niejsza, a tak\u017ce wyostrzy\u0107 lub z\u0142agodzi\u0107 jej rysy, a przede wszystkim nada\u0107 makija\u017cowi pi\u0119knej g\u0142\u0119bi.<\/p>\n<div id=\"attachment_5150\" style=\"width: 360px\" class=\"wp-caption aligncenter\"><a href=\"https:\/\/neness.pl\/kosmetyki\/twarz\/paletki_do_konturowania\/technic_kremowy_zestaw_do_konturowania_fix2.html\"><img loading=\"lazy\" decoding=\"async\" aria-describedby=\"caption-attachment-5150\" class=\"wp-image-5150\" src=\"http:\/\/ranking-kosmetykow.pl\/wp-content\/uploads\/2018\/09\/cc7e1dcd47f5eadffba34d29f56fe233.jpg\" alt=\"\" width=\"350\" height=\"467\" srcset=\"https:\/\/neness.pl\/blog\/wp-content\/uploads\/2018\/09\/cc7e1dcd47f5eadffba34d29f56fe233.jpg 750w, https:\/\/neness.pl\/blog\/wp-content\/uploads\/2018\/09\/cc7e1dcd47f5eadffba34d29f56fe233-225x300.jpg 225w, https:\/\/neness.pl\/blog\/wp-content\/uploads\/2018\/09\/cc7e1dcd47f5eadffba34d29f56fe233-610x813.jpg 610w\" sizes=\"auto, (max-width: 350px) 100vw, 350px\" \/><\/a><p id=\"caption-attachment-5150\" class=\"wp-caption-text\">Technic Kremowy Zestaw do Konturowania FIX2 \/ 14,90 z\u0142<\/p><\/div>\n<h3>Na sucho czy na mokro?<\/h3>\n<p>Konturowanie mo\u017cemy wykonywa\u0107 na dwa sposoby \u2013 <strong>na sucho lub na mokro<\/strong>. To, kt\u00f3r\u0105 metod\u0119 powinny\u015bmy wybra\u0107, zale\u017cy od naszej bieg\u0142o\u015bci w nak\u0142adaniu makija\u017cu, ale tak\u017ce od okazji, na kt\u00f3r\u0105 make-up robimy. Je\u015bli nie mia\u0142y\u015bmy do tej pory do czynienia z konturowaniem,<strong> lepiej rozpocz\u0105\u0107 eksperymenty z kosmetykami nak\u0142adanymi na sucho<\/strong> \u2013 w ten spos\u00f3b du\u017co \u0142atwiej uzyskamy naturalne przej\u015bcia. Kosmetyk\u00f3w na mokro mo\u017cemy zacz\u0105\u0107 u\u017cywa\u0107, gdy nabierzemy wi\u0119kszej wprawy, jednak warto pami\u0119ta\u0107, \u017ce za ich pomoc\u0105 uzyskamy <strong>wyra\u017aniejszy efekt<\/strong>, kt\u00f3ry pasuje do makija\u017cu wieczorowego, ale ju\u017c niekoniecznie do dziennego make-upu do pracy.<\/p>\n<div id=\"attachment_5151\" style=\"width: 360px\" class=\"wp-caption aligncenter\"><a href=\"https:\/\/neness.pl\/kosmetyki\/akcesoria\/pedzle_i_gabki\/hakuro_h15_pedzel_do_konturowania_twarzy.html\"><img loading=\"lazy\" decoding=\"async\" aria-describedby=\"caption-attachment-5151\" class=\"wp-image-5151\" src=\"http:\/\/ranking-kosmetykow.pl\/wp-content\/uploads\/2018\/09\/407a1ef4cc6bab3eb9eb7d677d2bb138.jpg\" alt=\"\" width=\"350\" height=\"467\" srcset=\"https:\/\/neness.pl\/blog\/wp-content\/uploads\/2018\/09\/407a1ef4cc6bab3eb9eb7d677d2bb138.jpg 750w, https:\/\/neness.pl\/blog\/wp-content\/uploads\/2018\/09\/407a1ef4cc6bab3eb9eb7d677d2bb138-225x300.jpg 225w, https:\/\/neness.pl\/blog\/wp-content\/uploads\/2018\/09\/407a1ef4cc6bab3eb9eb7d677d2bb138-610x813.jpg 610w\" sizes=\"auto, (max-width: 350px) 100vw, 350px\" \/><\/a><p id=\"caption-attachment-5151\" class=\"wp-caption-text\">Hakuro H15 P\u0119dzel do Konturowania Twarzy \/ 32,90 z\u0142<\/p><\/div>\n<p>Je\u015bli decydujemy si\u0119 na kosmetyki na sucho, b\u0119d\u0105 nam potrzebne<strong> bronzer<\/strong> oraz <strong>roz\u015bwietlacz<\/strong>. Je\u015bli za\u015b wolimy kosmetyki na mokro, powinny\u015bmy postawi\u0107 na <strong>dwa korektory r\u00f3\u017cni\u0105ce si\u0119 odcieniami<\/strong>. Kosmetyki do konturowania mo\u017cemy dobra\u0107 same, jednak producenci oferuj\u0105 te\u017c <strong>gotowe palety<\/strong>, cz\u0119sto od razu z instrukcj\u0105 ich u\u017cywania.<\/p>\n<h3>Konturujemy twarz<\/h3>\n<p>Oczywi\u015bcie ka\u017cda z nas powinna konturowa\u0107 twarz w nieco inny spos\u00f3b, w zale\u017cno\u015bci od tego, co chce ukry\u0107, a co podkre\u015bli\u0107. Warto przy tym pami\u0119ta\u0107, \u017ce<strong> pionowe linie b\u0119d\u0105 optycznie wyszczupla\u0107 twarz,<\/strong> natomiast <strong>poziome sprawi\u0105, \u017ce wyda si\u0119 szersza<\/strong>. Tutaj jednak przedstawiamy stosunkowo uniwersalny przepis na konturowanie, kt\u00f3ry sprawdzi si\u0119 u wi\u0119kszo\u015bci kobiet.<\/p>\n<div id=\"attachment_5152\" style=\"width: 360px\" class=\"wp-caption aligncenter\"><a href=\"https:\/\/neness.pl\/kosmetyki\/twarz\/roze_bronzery_i_rozswietlacze\/nyx_paletka_do_konturowania_cheek_contour_duo_palette.html\"><img loading=\"lazy\" decoding=\"async\" aria-describedby=\"caption-attachment-5152\" class=\"wp-image-5152\" src=\"http:\/\/ranking-kosmetykow.pl\/wp-content\/uploads\/2018\/09\/4c3c7eea40be843bb637ca94011e1a5e.jpg\" alt=\"\" width=\"350\" height=\"467\" srcset=\"https:\/\/neness.pl\/blog\/wp-content\/uploads\/2018\/09\/4c3c7eea40be843bb637ca94011e1a5e.jpg 750w, https:\/\/neness.pl\/blog\/wp-content\/uploads\/2018\/09\/4c3c7eea40be843bb637ca94011e1a5e-225x300.jpg 225w, https:\/\/neness.pl\/blog\/wp-content\/uploads\/2018\/09\/4c3c7eea40be843bb637ca94011e1a5e-610x813.jpg 610w\" sizes=\"auto, (max-width: 350px) 100vw, 350px\" \/><\/a><p id=\"caption-attachment-5152\" class=\"wp-caption-text\">NYX Paletka do Konturowania Cheek Contour Duo Palette \/ 21,50 z\u0142<\/p><\/div>\n<p>Przed rozpocz\u0119ciem konturowania nale\u017cy <strong>na\u0142o\u017cy\u0107 podk\u0142ad<\/strong>. Nast\u0119pnym krokiem powinno by\u0107 <strong>naniesienie na twarz jasnego, roz\u015bwietlaj\u0105cego kosmetyku<\/strong>. Warto pokry\u0107 nim przestrze\u0144 pod oczami, nasad\u0119 nosa (ale bez jego czubka), szczyty ko\u015bci policzkowych, a tak\u017ce \u015brodek czo\u0142a oraz brody. W nast\u0119pnej kolejno\u015bci powinny\u015bmy si\u0119gn\u0105\u0107 po <strong>kosmetyk br\u0105zuj\u0105cy<\/strong>. Nim rysujemy linie pod ko\u015b\u0107mi policzkowymi, na szczytach skroni, po bokach nosa i na czole, tu\u017c przy linii w\u0142os\u00f3w. Po na\u0142o\u017ceniu kosmetyk\u00f3w przychodzi czas na <strong>rozcieranie<\/strong>. Najlepiej u\u017cy\u0107 tutaj wilgotnej g\u0105beczki w przypadku konturowania na mokro lub p\u0119dzla, gdy konturujemy twarz na sucho. Warto zadba\u0107, by precyzyjnie rozetrze\u0107 granice mi\u0119dzy kolorami. Tak wykonany makija\u017c <strong>przypr\u00f3szamy lekko pudrem<\/strong> i&#8230; gotowe!<\/p>\n","protected":false},"excerpt":{"rendered":"<p>Jeszcze niedawno twarz pokrywa\u0142y\u015bmy jedynie podk\u0142adem i pudrem, a na wi\u0119ksze wyj\u015bcia dodawa\u0142y\u015bmy na ko\u015bci policzkowe nieco r\u00f3\u017cu lub bronzera. Kilka lat temu nast\u0105pi\u0142a jednak rewolucja w trendach makija\u017cowych. Wprowadzi\u0142a j\u0105 Kim Kardashian, kt\u00f3ra zdecydowa\u0142a si\u0119 pokaza\u0107 fanom krok po kroku, jak tworzy sw\u00f3j make-up. W ten spos\u00f3b narodzi\u0142a si\u0119 moda na konturowanie twarzy, kt\u00f3ra [&hellip;]<\/p>\n","protected":false},"author":2,"featured_media":3970,"comment_status":"open","ping_status":"open","sticky":false,"template":"","format":"standard","meta":{"_et_pb_use_builder":"","_et_pb_old_content":"","_et_gb_content_width":"","footnotes":""},"categories":[41],"tags":[],"class_list":["post-5148","post","type-post","status-publish","format-standard","has-post-thumbnail","hentry","category-olsniewaj-makijazem","et-has-post-format-content","et_post_format-et-post-format-standard"],"_links":{"self":[{"href":"https:\/\/neness.pl\/blog\/wp-json\/wp\/v2\/posts\/5148","targetHints":{"allow":["GET"]}}],"collection":[{"href":"https:\/\/neness.pl\/blog\/wp-json\/wp\/v2\/posts"}],"about":[{"href":"https:\/\/neness.pl\/blog\/wp-json\/wp\/v2\/types\/post"}],"author":[{"embeddable":true,"href":"https:\/\/neness.pl\/blog\/wp-json\/wp\/v2\/users\/2"}],"replies":[{"embeddable":true,"href":"https:\/\/neness.pl\/blog\/wp-json\/wp\/v2\/comments?post=5148"}],"version-history":[{"count":0,"href":"https:\/\/neness.pl\/blog\/wp-json\/wp\/v2\/posts\/5148\/revisions"}],"wp:featuredmedia":[{"embeddable":true,"href":"https:\/\/neness.pl\/blog\/wp-json\/wp\/v2\/media\/3970"}],"wp:attachment":[{"href":"https:\/\/neness.pl\/blog\/wp-json\/wp\/v2\/media?parent=5148"}],"wp:term":[{"taxonomy":"category","embeddable":true,"href":"https:\/\/neness.pl\/blog\/wp-json\/wp\/v2\/categories?post=5148"},{"taxonomy":"post_tag","embeddable":true,"href":"https:\/\/neness.pl\/blog\/wp-json\/wp\/v2\/tags?post=5148"}],"curies":[{"name":"wp","href":"https:\/\/api.w.org\/{rel}","templated":true}]}}