{"id":5144,"date":"2018-09-20T15:22:35","date_gmt":"2018-09-20T13:22:35","guid":{"rendered":"http:\/\/ranking-kosmetykow.pl\/?p=5144"},"modified":"2018-09-20T15:22:35","modified_gmt":"2018-09-20T13:22:35","slug":"pedzle-do-makijazu-dla-poczatkujacych","status":"publish","type":"post","link":"https:\/\/neness.pl\/blog\/pedzle-do-makijazu-dla-poczatkujacych\/","title":{"rendered":"P\u0119dzle do makija\u017cu dla pocz\u0105tkuj\u0105cych"},"content":{"rendered":"<p>Obecnie na rynku dost\u0119pnych jest wiele przer\u00f3\u017cnych p\u0119dzli, kt\u00f3re pozwalaj\u0105 w prosty i precyzyjny spos\u00f3b nak\u0142ada\u0107 make up. Mo\u017cemy zdecydowa\u0107 si\u0119 na szerokie, puszyste produkty, p\u0119dzle p\u0142askie, \u015bci\u0119te sko\u015bnie lub zaokr\u0105glone, a tak\u017ce ma\u0142e, sztywne p\u0119dzelki. Czy potrzebujemy ich wszystkich? To zale\u017cy od tego, jaki makija\u017c wykonujemy. Kilka z nich to jednak <strong>absolutny must have<\/strong>, je\u015bli wi\u0119c zaczyna si\u0119 przygod\u0119 z makija\u017cem, warto w nie zainwestowa\u0107, by upewni\u0107 si\u0119, \u017ce kosmetyki b\u0119d\u0105 rozprowadza\u0107 si\u0119 \u0142atwo i r\u00f3wnomiernie.<!--more--><\/p>\n<h3>P\u0119dzel do pudru<\/h3>\n<p>Jednym z takich niezb\u0119dnych produkt\u00f3w jest p\u0119dzel do nak\u0142adania sypkiego pudru. Powinien on by\u0107 <strong>du\u017cy<\/strong> i<strong> mi\u0119kki<\/strong>, a tak\u017ce <strong>stosunkowo g\u0119sty<\/strong>. Dobrze sprawdzaj\u0105 si\u0119 tu p\u0119dzle <strong>z naturalnego w\u0142osia<\/strong>, kt\u00f3re pozwalaj\u0105 unikn\u0105\u0107 nieestetycznych smug. Warto pokusi\u0107 si\u0119 o model wysuwany, kt\u00f3ry mniej niszczy si\u0119 w torebce. W ten spos\u00f3b b\u0119dziemy mog\u0142y poprawi\u0107 makija\u017c, gdziekolwiek si\u0119 znajdujemy.<\/p>\n<h3>P\u0119dzel do podk\u0142adu<\/h3>\n<p>Je\u015bli u\u017cywamy p\u0142ynnego podk\u0142adu, przyda nam si\u0119 nieco<strong> sp\u0142aszczony p\u0119dzel o szeroko\u015bci 2-3 centymetr\u00f3w<\/strong>. W przypadku nak\u0142adania tego kosmetyku najlepiej sprawdza si\u0119 produkt z syntetycznym w\u0142osiem, kt\u00f3re wch\u0142ania mniej podk\u0142adu oraz jest wytrzymalsze. Najlepiej wybra\u0107 p\u0119dzel <strong>mi\u0119kki<\/strong>, ale <strong>zbity<\/strong>.<\/p>\n<div id=\"attachment_5146\" style=\"width: 360px\" class=\"wp-caption aligncenter\"><a href=\"https:\/\/neness.pl\/kosmetyki\/akcesoria\/pedzle_i_gabki\/makeup_revolution_pro_f101_pedzel_do_podkladu.html\"><img loading=\"lazy\" decoding=\"async\" aria-describedby=\"caption-attachment-5146\" class=\"wp-image-5146\" src=\"http:\/\/ranking-kosmetykow.pl\/wp-content\/uploads\/2018\/09\/025c96811916766e0a18fd2521866207.jpg\" alt=\"\" width=\"350\" height=\"467\" srcset=\"https:\/\/neness.pl\/blog\/wp-content\/uploads\/2018\/09\/025c96811916766e0a18fd2521866207.jpg 750w, https:\/\/neness.pl\/blog\/wp-content\/uploads\/2018\/09\/025c96811916766e0a18fd2521866207-225x300.jpg 225w, https:\/\/neness.pl\/blog\/wp-content\/uploads\/2018\/09\/025c96811916766e0a18fd2521866207-610x813.jpg 610w\" sizes=\"auto, (max-width: 350px) 100vw, 350px\" \/><\/a><p id=\"caption-attachment-5146\" class=\"wp-caption-text\">Makeup Revolution Pro F101 P\u0119dzel do Podk\u0142adu \/ 16,99 z\u0142<\/p><\/div>\n<h3>P\u0119dzel do r\u00f3\u017cu i bronzera<\/h3>\n<p>P\u0119dzel do r\u00f3\u017cu powinien by\u0107 <strong>mniejszy ni\u017c ten do pudru<\/strong>. Je\u015bli zdecydujemy si\u0119 na niewielki produkt z naturalnym w\u0142osiem, mo\u017cemy by\u0107 pewne, \u017ce uda nam si\u0119 \u0142adnie i precyzyjnie roz\u0142o\u017cy\u0107 kosmetyk. Warto zrezygnowa\u0107 tutaj z p\u0119dzli o r\u00f3wno przyci\u0119tych w\u0142oskach i wybra\u0107 raczej taki <strong>z w\u0142osiem lekko zaokr\u0105glonym<\/strong>. P\u0119dzel do r\u00f3\u017cu powinien by\u0107 <strong>mi\u0119kki<\/strong> \u2013 wtedy mamy gwarancj\u0119, \u017ce \u015bwietnie rozprowadzi nawet dobrze napigmentowany r\u00f3\u017c.<\/p>\n<p>&nbsp;<\/p>\n<h3>P\u0119dzelki do cieni<\/h3>\n<p>Je\u015bli nak\u0142adamy cienie do powiek, warto mie\u0107 <strong>co najmniej dwa p\u0119dzelki z kr\u00f3tkim, naturalnym w\u0142osiem<\/strong>. Najlepiej, by by\u0142y one p\u0142askie i mi\u0119kkie. Jeden z nich pos\u0142u\u017cy do nak\u0142adania cieni, drygi za\u015b do ich rozcierania. Co prawda, do cieni cz\u0119sto do\u0142\u0105czony jest aplikator, jednak nie pozwala on na precyzyjne roz\u0142o\u017cenie kosmetyku, a w dodatku przy jego pomocy z regu\u0142y nabiera si\u0119 zbyt du\u017c\u0105 ilo\u015b\u0107 cienia, co utrudnia wykonanie makija\u017cu. Je\u015bli na zmian\u0119 u\u017cywamy ciemnych i jasnych cieni, najlepiej mie\u0107 w kosmetyczce<strong> dwa komplety p\u0119dzelk\u00f3w<\/strong>.<\/p>\n<h3>P\u0119dzel do ust<\/h3>\n<p>To jeden z najbardziej niedocenianych p\u0119dzli do makija\u017cu. Wi\u0119kszo\u015b\u0107 z nas decyduje si\u0119 na nak\u0142adanie szminki bezpo\u015brednio na usta i nie widzi powodu, by traci\u0107 czas na u\u017cywanie specjalnego p\u0119dzla. Jednak ten produkt pozwala na <strong>du\u017co precyzyjniejsz\u0105 aplikacj\u0119<\/strong> kosmetyku, a dodatkowo sprawia, \u017ce zu\u017cywamy mniej szminki. Taki p\u0119dzel powinien by\u0107<strong> cienki<\/strong> i stosunkowo <strong>sztywny<\/strong>, <strong>wykonany z syntetycznego w\u0142osia.<\/strong><\/p>\n","protected":false},"excerpt":{"rendered":"<p>Obecnie na rynku dost\u0119pnych jest wiele przer\u00f3\u017cnych p\u0119dzli, kt\u00f3re pozwalaj\u0105 w prosty i precyzyjny spos\u00f3b nak\u0142ada\u0107 make up. Mo\u017cemy zdecydowa\u0107 si\u0119 na szerokie, puszyste produkty, p\u0119dzle p\u0142askie, \u015bci\u0119te sko\u015bnie lub zaokr\u0105glone, a tak\u017ce ma\u0142e, sztywne p\u0119dzelki. Czy potrzebujemy ich wszystkich? To zale\u017cy od tego, jaki makija\u017c wykonujemy. Kilka z nich to jednak absolutny must have, [&hellip;]<\/p>\n","protected":false},"author":2,"featured_media":5145,"comment_status":"open","ping_status":"open","sticky":false,"template":"","format":"standard","meta":{"_et_pb_use_builder":"","_et_pb_old_content":"","_et_gb_content_width":"","footnotes":""},"categories":[41],"tags":[],"class_list":["post-5144","post","type-post","status-publish","format-standard","has-post-thumbnail","hentry","category-olsniewaj-makijazem","et-has-post-format-content","et_post_format-et-post-format-standard"],"_links":{"self":[{"href":"https:\/\/neness.pl\/blog\/wp-json\/wp\/v2\/posts\/5144","targetHints":{"allow":["GET"]}}],"collection":[{"href":"https:\/\/neness.pl\/blog\/wp-json\/wp\/v2\/posts"}],"about":[{"href":"https:\/\/neness.pl\/blog\/wp-json\/wp\/v2\/types\/post"}],"author":[{"embeddable":true,"href":"https:\/\/neness.pl\/blog\/wp-json\/wp\/v2\/users\/2"}],"replies":[{"embeddable":true,"href":"https:\/\/neness.pl\/blog\/wp-json\/wp\/v2\/comments?post=5144"}],"version-history":[{"count":0,"href":"https:\/\/neness.pl\/blog\/wp-json\/wp\/v2\/posts\/5144\/revisions"}],"wp:featuredmedia":[{"embeddable":true,"href":"https:\/\/neness.pl\/blog\/wp-json\/wp\/v2\/media\/5145"}],"wp:attachment":[{"href":"https:\/\/neness.pl\/blog\/wp-json\/wp\/v2\/media?parent=5144"}],"wp:term":[{"taxonomy":"category","embeddable":true,"href":"https:\/\/neness.pl\/blog\/wp-json\/wp\/v2\/categories?post=5144"},{"taxonomy":"post_tag","embeddable":true,"href":"https:\/\/neness.pl\/blog\/wp-json\/wp\/v2\/tags?post=5144"}],"curies":[{"name":"wp","href":"https:\/\/api.w.org\/{rel}","templated":true}]}}