{"id":5115,"date":"2018-09-11T13:20:31","date_gmt":"2018-09-11T11:20:31","guid":{"rendered":"http:\/\/ranking-kosmetykow.pl\/?p=5115"},"modified":"2018-09-11T13:20:31","modified_gmt":"2018-09-11T11:20:31","slug":"balejaz-nowy-trend-w-koloryzacji","status":"publish","type":"post","link":"https:\/\/neness.pl\/blog\/balejaz-nowy-trend-w-koloryzacji\/","title":{"rendered":"Baleja\u017c \u2013 nowy trend w koloryzacji"},"content":{"rendered":"<p>Baleja\u017c do niedawna kojarzy\u0142 si\u0119 wy\u0142\u0105cznie ze kiczem rodem z <strong>lat 90<\/strong>. Uznawany by\u0142 za szczyt z\u0142ego gustu i nikt nie w\u0105tpi\u0142, \u017ce ta technika koloryzacji bezpowrotnie odesz\u0142a do lamusa. Moda bywa jednak nieprzewidywalna. To, co jeszcze kilka lat temu by\u0142o nie do pomy\u015blenia, dzi\u015b wr\u00f3ci\u0142o do \u0142ask. Ba! Wr\u0119cz prze\u017cywa sw\u00f3j renesans. Dzisiejszy baleja\u017c ma\u0142o jednak przypomina ten, kt\u00f3ry wykonywany by\u0142 20-30 lat temu. Jak wygl\u0105da jego nowa, zmieniona wersja?<!--more--><\/p>\n<h3>Stary baleja\u017c w nowoczesnej ods\u0142onie<\/h3>\n<p>Baleja\u017c wykonywany w latach 90. to prawdziwy koszmar ka\u017cdego wsp\u00f3\u0142czesnego stylisty. Koloryzacja ta polega\u0142a na \u0142\u0105czeniu wielu, cz\u0119sto <strong>bardzo r\u00f3\u017cnych i niepasuj\u0105cych do siebie barw<\/strong>. Na topie by\u0142o zestawianie ze sob\u0105 pasm platynowych, czarnych, br\u0105zowych, bordowych, fioletowych i&#8230; jakich dusza zapragnie. Fryzjerzy nak\u0142adali farby od nasady w\u0142os\u00f3w, na bardzo grube pasma, kt\u00f3re wygl\u0105da\u0142y co najmniej nieestetycznie.<\/p>\n<div id=\"attachment_5117\" style=\"width: 360px\" class=\"wp-caption aligncenter\"><a href=\"https:\/\/neness.pl\/kosmetyki\/wlosy\/szampony\/kallos_lab_35_szampon_bezsiarczanowy_do_wlosow_farbowanych_500ml.html\"><img loading=\"lazy\" decoding=\"async\" aria-describedby=\"caption-attachment-5117\" class=\"wp-image-5117\" src=\"http:\/\/ranking-kosmetykow.pl\/wp-content\/uploads\/2018\/09\/ab24a1fbe17db0035b86a8ba2c7b862c.jpg\" alt=\"\" width=\"350\" height=\"467\" srcset=\"https:\/\/neness.pl\/blog\/wp-content\/uploads\/2018\/09\/ab24a1fbe17db0035b86a8ba2c7b862c.jpg 750w, https:\/\/neness.pl\/blog\/wp-content\/uploads\/2018\/09\/ab24a1fbe17db0035b86a8ba2c7b862c-225x300.jpg 225w, https:\/\/neness.pl\/blog\/wp-content\/uploads\/2018\/09\/ab24a1fbe17db0035b86a8ba2c7b862c-610x813.jpg 610w\" sizes=\"auto, (max-width: 350px) 100vw, 350px\" \/><\/a><p id=\"caption-attachment-5117\" class=\"wp-caption-text\">KALLOS LAB 35 Szampon Bezsiarczanowy do W\u0142os\u00f3w Farbowanych 500ml \/ 16,50 z\u0142<\/p><\/div>\n<p>Nie musimy si\u0119 jednak obawia\u0107, \u017ce ten trend powr\u00f3ci\u0142. Dzisiejszy baleja\u017c jest znacznie <strong>subtelniejszy<\/strong> i <strong>bardziej stonowany<\/strong>. Polega na \u0142\u0105czeniu ze sob\u0105 cieniutkich pasm <strong>w r\u00f3\u017cnych odcieniach tego samego koloru<\/strong>. Je\u015bli wi\u0119c jeste\u015bmy blondynkami, stylista doda kilka innych odcieni blondu komponuj\u0105cych si\u0119 z naturalnym kolorem. B\u0119d\u0105 one przypomina\u0107 <strong>roz\u015bwietlaj\u0105ce refleksy<\/strong>, kt\u00f3re optycznie zwi\u0119ksz\u0105 obj\u0119to\u015b\u0107 w\u0142os\u00f3w i sprawi\u0105, \u017ce twarz wyda si\u0119 bardziej promienna.<\/p>\n<h3>Baleja\u017c a pasemka i ombre<\/h3>\n<p>Baleja\u017c mo\u017ce wydawa\u0107 si\u0119 do\u015b\u0107 podobny do pasemek lub nieustannie b\u0119d\u0105cej na topie koloryzacji ombre, jednak te techniki nieco si\u0119 od siebie r\u00f3\u017cni\u0105. <strong>Pasemka<\/strong> zwykle wykonywane s\u0105 <strong>w kolorze kontrastowym<\/strong> do naturalnego odcienia. Standardem jest wi\u0119c dodawanie do ciemnych w\u0142os\u00f3w pasm jasnych lub rudych czy ciemniejszych do blondu. W <strong>baleja\u017cu<\/strong> chodzi nie o przeciwie\u0144stwo, ale o <strong>dope\u0142nienie<\/strong>. R\u00f3\u017cnice maj\u0105 by\u0107 minimalne i mo\u017cliwie naturalne. Od <strong>ombre<\/strong> za\u015b r\u00f3\u017cni si\u0119 ta technika <strong>wysoko\u015bci\u0105, od jakiej zaczyna si\u0119 nak\u0142adanie kolor\u00f3w<\/strong>. W przypadku klasycznego ombre s\u0105 to jedynie ko\u0144c\u00f3wki, za\u015b przy baleja\u017cu farbuje si\u0119 znacznie wi\u0119cej w\u0142os\u00f3w. Nie musi by\u0107 to koloryzacja od samej nasady, jednak mimo wszystko na wi\u0119kszo\u015bci d\u0142ugo\u015bci w\u0142osa.<\/p>\n<div id=\"attachment_5118\" style=\"width: 360px\" class=\"wp-caption aligncenter\"><a href=\"https:\/\/neness.pl\/kosmetyki\/wlosy\/balsamy\/natura_siberica_odbudowujacy_balsam_loves_latvia_do_wlosow_farbowanych_400ml.html\"><img loading=\"lazy\" decoding=\"async\" aria-describedby=\"caption-attachment-5118\" class=\"wp-image-5118\" src=\"http:\/\/ranking-kosmetykow.pl\/wp-content\/uploads\/2018\/09\/3943bf651cf7b8efff8be5495a6d0441.jpg\" alt=\"\" width=\"350\" height=\"467\" srcset=\"https:\/\/neness.pl\/blog\/wp-content\/uploads\/2018\/09\/3943bf651cf7b8efff8be5495a6d0441.jpg 750w, https:\/\/neness.pl\/blog\/wp-content\/uploads\/2018\/09\/3943bf651cf7b8efff8be5495a6d0441-225x300.jpg 225w, https:\/\/neness.pl\/blog\/wp-content\/uploads\/2018\/09\/3943bf651cf7b8efff8be5495a6d0441-610x813.jpg 610w\" sizes=\"auto, (max-width: 350px) 100vw, 350px\" \/><\/a><p id=\"caption-attachment-5118\" class=\"wp-caption-text\">Natura Siberica Odbudowuj\u0105cy Balsam Loves Latvia do W\u0142os\u00f3w Farbowanych, 400ml \/ 17,50 z\u0142<\/p><\/div>\n<h3>Baleja\u017c &#8211; dla kogo?<\/h3>\n<p>Jak zosta\u0142o wspomniane, baleja\u017c obecnie ma robi\u0107 jak najbardziej naturalne wra\u017cenie. Ma <strong>wydobywa\u0107 urod\u0119<\/strong> i sprawia\u0107, \u017ce twarz b\u0119dzie robi\u0142a wra\u017cenie \u015bwie\u017cej i wypocz\u0119tej, a w\u0142osy stan\u0105 si\u0119 optycznie grubsze i roz\u015bwietlone. Dlatego te\u017c ta metoda koloryzacji sprawdza si\u0119 u <strong>wszystkich pa\u0144<\/strong>. Wystarczy dobra\u0107 pasma w odpowiednim kolorze. Blondynki powinny wi\u0119c mie\u0107 pasma jedynie w odcieniach blondu, brunetkom najlepiej z pasmami w kolorze ciemnych br\u0105z\u00f3w, natomiast panie o rudych w\u0142osach mog\u0105 zdecydowa\u0107 si\u0119 na pasma w\u0142a\u015bnie w odcieniach rudokasztanowych.<\/p>\n<p>Kluczem do tego, by w baleja\u017cu wygl\u0105da\u0107 dobrze, jest jednak oczywi\u015bcie jego <strong>profesjonalne wykonanie<\/strong>. Nie warto wi\u0119c pr\u00f3bowa\u0107 robi\u0107 go na w\u0142asn\u0105 r\u0119k\u0119 \u2013 mo\u017ce si\u0119 to ko\u0144czy\u0107 nieeleganckimi, grubymi pasmami rodem z lat 90. Najlepiej wykonanie koloryzacji powierzy\u0107 zaufanemu fryzjerowi, kt\u00f3ry potrafi odpowiednio dobra\u0107 odcienie i precyzyjnie na\u0142o\u017cy\u0107 farb\u0119, by uzyska\u0107 pi\u0119kny, naturalny efekt.<\/p>\n","protected":false},"excerpt":{"rendered":"<p>Baleja\u017c do niedawna kojarzy\u0142 si\u0119 wy\u0142\u0105cznie ze kiczem rodem z lat 90. Uznawany by\u0142 za szczyt z\u0142ego gustu i nikt nie w\u0105tpi\u0142, \u017ce ta technika koloryzacji bezpowrotnie odesz\u0142a do lamusa. Moda bywa jednak nieprzewidywalna. To, co jeszcze kilka lat temu by\u0142o nie do pomy\u015blenia, dzi\u015b wr\u00f3ci\u0142o do \u0142ask. Ba! Wr\u0119cz prze\u017cywa sw\u00f3j renesans. Dzisiejszy baleja\u017c [&hellip;]<\/p>\n","protected":false},"author":2,"featured_media":5116,"comment_status":"open","ping_status":"open","sticky":false,"template":"","format":"standard","meta":{"_et_pb_use_builder":"","_et_pb_old_content":"","_et_gb_content_width":"","footnotes":""},"categories":[6,48],"tags":[],"class_list":["post-5115","post","type-post","status-publish","format-standard","has-post-thumbnail","hentry","category-trendy","category-wlosy-idealne","et-has-post-format-content","et_post_format-et-post-format-standard"],"_links":{"self":[{"href":"https:\/\/neness.pl\/blog\/wp-json\/wp\/v2\/posts\/5115","targetHints":{"allow":["GET"]}}],"collection":[{"href":"https:\/\/neness.pl\/blog\/wp-json\/wp\/v2\/posts"}],"about":[{"href":"https:\/\/neness.pl\/blog\/wp-json\/wp\/v2\/types\/post"}],"author":[{"embeddable":true,"href":"https:\/\/neness.pl\/blog\/wp-json\/wp\/v2\/users\/2"}],"replies":[{"embeddable":true,"href":"https:\/\/neness.pl\/blog\/wp-json\/wp\/v2\/comments?post=5115"}],"version-history":[{"count":0,"href":"https:\/\/neness.pl\/blog\/wp-json\/wp\/v2\/posts\/5115\/revisions"}],"wp:featuredmedia":[{"embeddable":true,"href":"https:\/\/neness.pl\/blog\/wp-json\/wp\/v2\/media\/5116"}],"wp:attachment":[{"href":"https:\/\/neness.pl\/blog\/wp-json\/wp\/v2\/media?parent=5115"}],"wp:term":[{"taxonomy":"category","embeddable":true,"href":"https:\/\/neness.pl\/blog\/wp-json\/wp\/v2\/categories?post=5115"},{"taxonomy":"post_tag","embeddable":true,"href":"https:\/\/neness.pl\/blog\/wp-json\/wp\/v2\/tags?post=5115"}],"curies":[{"name":"wp","href":"https:\/\/api.w.org\/{rel}","templated":true}]}}