{"id":5100,"date":"2018-09-05T15:01:16","date_gmt":"2018-09-05T13:01:16","guid":{"rendered":"http:\/\/ranking-kosmetykow.pl\/?p=5100"},"modified":"2018-09-05T15:01:16","modified_gmt":"2018-09-05T13:01:16","slug":"wlosy-blond-wybieramy-odcien","status":"publish","type":"post","link":"https:\/\/neness.pl\/blog\/wlosy-blond-wybieramy-odcien\/","title":{"rendered":"W\u0142osy blond \u2013 wybieramy odcie\u0144"},"content":{"rendered":"<p>Wiele kobiet marzy o pi\u0119knych blond w\u0142osach, jednak nie wszystkie z nich decyduj\u0105 si\u0119 na koloryzacj\u0119. Odstraszaj\u0105 je opinie, \u017ce blond nie jest dla ka\u017cdego, \u017ce wygl\u0105da sztucznie lub podkre\u015bla mankamenty cery. Jednak tak naprawd\u0119 blond pasuje niemal do ka\u017cdej kobiety! Kluczem jest wyb\u00f3r odpowiedniego jego odcienia.<!--more--><\/p>\n<h3>Ciep\u0142e blondy \u2013 komu pasuj\u0105?<\/h3>\n<p>Je\u015bli mamy <strong>cer\u0119 w odcieniu<\/strong> <strong>brzoskwini<\/strong> czy <strong>pomara\u0144czy<\/strong>, najlepiej w naszym przypadku sprawdz\u0105 si\u0119 <strong>ciep\u0142e, niezbyt jasne odcienie blondu<\/strong>. Cz\u0119sto kojarz\u0105 si\u0119 one kobietom z \u017c\u00f3\u0142tym, nietwarzowym kolorem, jednak tak naprawd\u0119 istnieje niemal 800 odcieni ciep\u0142ego blondu, kt\u00f3re doskonale mo\u017cna dopasowa\u0107 do urody i upodoba\u0144. Takie kolory \u015bwietnie sprawdzaj\u0105 si\u0119 w przypadku pa\u0144 z <strong>widocznymi naczynkami<\/strong> b\u0105d\u017a <strong>sk\u0142onno\u015bci\u0105 do tr\u0105dziku<\/strong>, gdy\u017c nie podkre\u015blaj\u0105 zaczerwienie\u0144 sk\u00f3ry \u2013 wr\u0119cz przeciwnie \u2013 optycznie je niweluj\u0105.<\/p>\n<p>Takie blondy maj\u0105 te\u017c t\u0119 zalet\u0119, \u017ce wygl\u0105daj\u0105 bardzo naturalnie, nie musimy wi\u0119c si\u0119 obawia\u0107, \u017ce zagrozi nam efekt Barbie. Najbardziej popularne odcienie z tej palety to <strong>miodowy, truskawkowy<\/strong> i <strong>bursztynowy<\/strong>. Je\u015bli nie jeste\u015bmy pewne, w jakim odcieniu b\u0119dzie nam najbardziej do twarzy, najlepiej zdecydowa\u0107 si\u0119 na ciemny blond, kt\u00f3ry pasuje niemal do ka\u017cdej kobiety.<\/p>\n<div id=\"attachment_5102\" style=\"width: 360px\" class=\"wp-caption aligncenter\"><a href=\"https:\/\/neness.pl\/kosmetyki\/wlosy\/olejki\/kallos_olejek_blossy_olej_krysztalowy_do_pielegnacji_blond_wlosow_80ml.html\"><img loading=\"lazy\" decoding=\"async\" aria-describedby=\"caption-attachment-5102\" class=\"wp-image-5102\" src=\"http:\/\/ranking-kosmetykow.pl\/wp-content\/uploads\/2018\/09\/456c2c493bd7d5926b4ac88eb1c0363b.jpg\" alt=\"\" width=\"350\" height=\"467\" srcset=\"https:\/\/neness.pl\/blog\/wp-content\/uploads\/2018\/09\/456c2c493bd7d5926b4ac88eb1c0363b.jpg 750w, https:\/\/neness.pl\/blog\/wp-content\/uploads\/2018\/09\/456c2c493bd7d5926b4ac88eb1c0363b-225x300.jpg 225w, https:\/\/neness.pl\/blog\/wp-content\/uploads\/2018\/09\/456c2c493bd7d5926b4ac88eb1c0363b-610x813.jpg 610w\" sizes=\"auto, (max-width: 350px) 100vw, 350px\" \/><\/a><p id=\"caption-attachment-5102\" class=\"wp-caption-text\">Kallos Olejek Blossy Olej kryszta\u0142owy do Piel\u0119gnacji Blond W\u0142os\u00f3w 80ml \/ 21,90 z\u0142<\/p><\/div>\n<h3>Dla kogo blond w ch\u0142odnym odcieniu?<\/h3>\n<p>Zimne odcienie blondu najlepiej wygl\u0105daj\u0105 u pa\u0144 o zielonym lub <strong>szarym kolorze oczu i sk\u00f3rze z niebieskawym lub r\u00f3\u017cowym pigmentem<\/strong>. Najbardziej popularnym odcieniem z tej gamy jest <strong>platyna<\/strong>, jednak nie wszystkie kobiety wygl\u0105daj\u0105 w nim r\u00f3wnie dobrze. Najlepiej pasuje on tym z nas, kt\u00f3re maj\u0105 naturalnie blond w\u0142osy i chc\u0105 jedynie rozja\u015bni\u0107 je o kilka ton\u00f3w \u2013 wtedy idealnie harmonizuje z cer\u0105 i oczami. Natomiast u tych pa\u0144, kt\u00f3re maj\u0105 naturalnie bardzo ciemne w\u0142osy wygl\u0105da nienaturalnie i nie dodaje uroku. Ciekawym rozwi\u0105zaniem jest za to <strong>popielaty blond<\/strong> \u2013 to kolor bardzo popularny i pasuj\u0105cy niemal wszystkim paniom o ch\u0142odnym typie urody. Szczeg\u00f3lnie dobrze podkre\u015bla on szare i niebieskie oczy.<\/p>\n<h3>Neutralny blond?<\/h3>\n<p>Istnieje tak\u017ce blond, kt\u00f3ry cz\u0119sto na pude\u0142kach farb okre\u015blany jest jako neutralny \u2013 jest wi\u0119c przeznaczony zar\u00f3wno dla kobiet o ciep\u0142ej karnacji, jak i tych, kt\u00f3re z regu\u0142y wybieraj\u0105 zimne kolory. Mowa tutaj o <strong>be\u017cowym blondzie<\/strong>. Kolor ten \u015bwietnie roz\u015bwietla cer\u0119, sprawia, \u017ce wydaje si\u0119 m\u0142odzie\u0144cza i \u015bwie\u017ca. Je\u015bli wi\u0119c mamy zm\u0119czon\u0105 sk\u00f3r\u0119, kt\u00f3rej brakuje zdrowego rumie\u0144ca, ten kolor b\u0119dzie idealny dla nas.<\/p>\n<div id=\"attachment_5104\" style=\"width: 360px\" class=\"wp-caption aligncenter\"><a href=\"https:\/\/neness.pl\/kosmetyki\/wlosy\/szampony\/organic_shop_szampon_do_wlosow_farbowanych_zlota_orchidea_orchid_jojoba_color_shampoo_280ml.html\"><img loading=\"lazy\" decoding=\"async\" aria-describedby=\"caption-attachment-5104\" class=\"wp-image-5104\" src=\"http:\/\/ranking-kosmetykow.pl\/wp-content\/uploads\/2018\/09\/d618e77415649018505a0c028e7c0b8a.jpg\" alt=\"\" width=\"350\" height=\"467\" srcset=\"https:\/\/neness.pl\/blog\/wp-content\/uploads\/2018\/09\/d618e77415649018505a0c028e7c0b8a.jpg 750w, https:\/\/neness.pl\/blog\/wp-content\/uploads\/2018\/09\/d618e77415649018505a0c028e7c0b8a-225x300.jpg 225w, https:\/\/neness.pl\/blog\/wp-content\/uploads\/2018\/09\/d618e77415649018505a0c028e7c0b8a-610x813.jpg 610w\" sizes=\"auto, (max-width: 350px) 100vw, 350px\" \/><\/a><p id=\"caption-attachment-5104\" class=\"wp-caption-text\">Organic Shop Szampon do W\u0142os\u00f3w Farbowanych Z\u0142ota Orchidea Orchid &amp; Jojoba, Color Shampoo 280ml \/ 11,50 z\u0142<\/p><\/div>\n<h3>Kto powinien unika\u0107 blondu?<\/h3>\n<p>Niekt\u00f3rzy styli\u015bci twierdz\u0105, \u017ce nie powinni\u015bmy oddala\u0107 si\u0119 od naturalnego koloru w\u0142os\u00f3w o wi\u0119cej ni\u017c <strong>3-4 tony<\/strong>, gdy\u017c wi\u0119ksza zmiana mo\u017ce wygl\u0105da\u0107 nienaturalnie. Wi\u0119kszo\u015b\u0107 jest jednak zdania, \u017ce blond pasuje ka\u017cdemu, wystarczy dobra\u0107 jego odpowiedni odcie\u0144. Pozostawmy t\u0119 kwesti\u0119 i zdajmy si\u0119 na w\u0142asny gust. Warto jednak pami\u0119ta\u0107, \u017ce je\u015bli mamy bardzo ciemne w\u0142osy lub wcze\u015bniej farbowa\u0142y\u015bmy si\u0119 na ciemny kolor, najlepiej jest pozostawi\u0107 koloryzacj\u0119 na blond specjali\u015bcie. Domowe rozja\u015bnianie mo\u017ce sko\u0144czy\u0107 si\u0119 zniszczonymi w\u0142osami w nie\u0142adnym, \u017c\u00f3\u0142tawym kolorze, kt\u00f3ry nie do\u015b\u0107, \u017ce nie doda uroku, to jeszcze skutecznie zniech\u0119ci do farbowania.<\/p>\n","protected":false},"excerpt":{"rendered":"<p>Wiele kobiet marzy o pi\u0119knych blond w\u0142osach, jednak nie wszystkie z nich decyduj\u0105 si\u0119 na koloryzacj\u0119. Odstraszaj\u0105 je opinie, \u017ce blond nie jest dla ka\u017cdego, \u017ce wygl\u0105da sztucznie lub podkre\u015bla mankamenty cery. Jednak tak naprawd\u0119 blond pasuje niemal do ka\u017cdej kobiety! Kluczem jest wyb\u00f3r odpowiedniego jego odcienia.<\/p>\n","protected":false},"author":2,"featured_media":5101,"comment_status":"open","ping_status":"open","sticky":false,"template":"","format":"standard","meta":{"_et_pb_use_builder":"","_et_pb_old_content":"","_et_gb_content_width":"","footnotes":""},"categories":[48],"tags":[],"class_list":["post-5100","post","type-post","status-publish","format-standard","has-post-thumbnail","hentry","category-wlosy-idealne","et-has-post-format-content","et_post_format-et-post-format-standard"],"_links":{"self":[{"href":"https:\/\/neness.pl\/blog\/wp-json\/wp\/v2\/posts\/5100","targetHints":{"allow":["GET"]}}],"collection":[{"href":"https:\/\/neness.pl\/blog\/wp-json\/wp\/v2\/posts"}],"about":[{"href":"https:\/\/neness.pl\/blog\/wp-json\/wp\/v2\/types\/post"}],"author":[{"embeddable":true,"href":"https:\/\/neness.pl\/blog\/wp-json\/wp\/v2\/users\/2"}],"replies":[{"embeddable":true,"href":"https:\/\/neness.pl\/blog\/wp-json\/wp\/v2\/comments?post=5100"}],"version-history":[{"count":0,"href":"https:\/\/neness.pl\/blog\/wp-json\/wp\/v2\/posts\/5100\/revisions"}],"wp:featuredmedia":[{"embeddable":true,"href":"https:\/\/neness.pl\/blog\/wp-json\/wp\/v2\/media\/5101"}],"wp:attachment":[{"href":"https:\/\/neness.pl\/blog\/wp-json\/wp\/v2\/media?parent=5100"}],"wp:term":[{"taxonomy":"category","embeddable":true,"href":"https:\/\/neness.pl\/blog\/wp-json\/wp\/v2\/categories?post=5100"},{"taxonomy":"post_tag","embeddable":true,"href":"https:\/\/neness.pl\/blog\/wp-json\/wp\/v2\/tags?post=5100"}],"curies":[{"name":"wp","href":"https:\/\/api.w.org\/{rel}","templated":true}]}}