{"id":5095,"date":"2018-09-04T14:33:47","date_gmt":"2018-09-04T12:33:47","guid":{"rendered":"http:\/\/ranking-kosmetykow.pl\/?p=5095"},"modified":"2018-09-04T14:33:47","modified_gmt":"2018-09-04T12:33:47","slug":"dobieramy-fryzure-do-ksztaltu-twarzy","status":"publish","type":"post","link":"https:\/\/neness.pl\/blog\/dobieramy-fryzure-do-ksztaltu-twarzy\/","title":{"rendered":"Dobieramy fryzur\u0119 do kszta\u0142tu twarzy"},"content":{"rendered":"<p>Cz\u0119sto nawet po wizycie u fryzjera mamy wra\u017cenie, \u017ce chocia\u017c w\u0142osy s\u0105 \u015bwie\u017co przyci\u0119te i u\u0142o\u017cone, nie wygl\u0105damy tak dobrze, jak by\u015bmy sobie tego \u017cyczy\u0142y. Twarz wydaje si\u0119 zbyt pulchna albo zanadto poci\u0105g\u0142a czy te\u017c po prostu uczesanie w jaki\u015b spos\u00f3b do nas nie pasuje. \u0141atwo jednak mo\u017cemy tego unikn\u0105\u0107, dobieraj\u0105c wcze\u015bniej fryzur\u0119 do kszta\u0142tu twarzy. Czego unika\u0107, a do czego d\u0105\u017cy\u0107? Oto kilka wskaz\u00f3wek.<!--more--><\/p>\n<h3>Twarz owalna<\/h3>\n<p>Je\u015bli mamy twarz owaln\u0105, wyb\u00f3r odpowiedniej fryzury nie b\u0119dzie stanowi\u0142 \u017cadnego problemu. Do tego kszta\u0142tu pasuj\u0105 praktycznie <strong>wszystkie ci\u0119cia<\/strong>. Mo\u017cemy pozwoli\u0107 sobie na w\u0142osy d\u0142ugie lub bardzo kr\u00f3tkie, cieniowane lub r\u00f3wne. Je\u015bli przyjdzie nam ch\u0119\u0107 na grzywk\u0119 \u2013 tak\u017ce \u015bmia\u0142o mo\u017cemy j\u0105 sobie zafundowa\u0107. \u017badne uczesanie nie sprawi, \u017ce optycznie nasza twarz b\u0119dzie prezentowa\u0142a si\u0119 nie najlepiej.<\/p>\n<div id=\"attachment_5097\" style=\"width: 360px\" class=\"wp-caption aligncenter\"><a href=\"https:\/\/neness.pl\/kosmetyki\/wlosy\/odzywki_i_maski\/kallos_lab_35_curl_mania_odzywka_250ml.html\"><img loading=\"lazy\" decoding=\"async\" aria-describedby=\"caption-attachment-5097\" class=\"wp-image-5097\" src=\"http:\/\/ranking-kosmetykow.pl\/wp-content\/uploads\/2018\/09\/1b211bee241ceb8ec89cfd1869cae5d9.jpeg\" alt=\"\" width=\"350\" height=\"467\" srcset=\"https:\/\/neness.pl\/blog\/wp-content\/uploads\/2018\/09\/1b211bee241ceb8ec89cfd1869cae5d9.jpeg 750w, https:\/\/neness.pl\/blog\/wp-content\/uploads\/2018\/09\/1b211bee241ceb8ec89cfd1869cae5d9-225x300.jpeg 225w, https:\/\/neness.pl\/blog\/wp-content\/uploads\/2018\/09\/1b211bee241ceb8ec89cfd1869cae5d9-610x813.jpeg 610w\" sizes=\"auto, (max-width: 350px) 100vw, 350px\" \/><\/a><p id=\"caption-attachment-5097\" class=\"wp-caption-text\">Kallos Lab 35 Curl Mania Od\u017cywka 250ml \/ 13,90 z\u0142<\/p><\/div>\n<h3>Twarz kwadratowa<\/h3>\n<p>Drugim, cz\u0119sto spotykanym kszta\u0142tem twarzy jest kwadrat. To typ, w kt\u00f3rym szeroko\u015b\u0107 czo\u0142a, policzk\u00f3w i szcz\u0119ki jest bardzo podobna. Je\u015bli mamy w\u0142a\u015bnie tak\u0105 twarz, g\u0142\u00f3wnym zadaniem fryzury powinno by\u0107 <strong>zmi\u0119kczenie rys\u00f3w<\/strong>. Najlepiej w tym wypadku zdecydowa\u0107 si\u0119 na <strong>delikatne fale<\/strong> lub <strong>w\u0142osy mocno cieniowane<\/strong>, kt\u00f3re lekko zachodz\u0105 na szcz\u0119k\u0119 i policzki. Nie op\u0142aca si\u0119 za to stawia\u0107 na fryzury ko\u0144cz\u0105ce si\u0119 na linii brody oraz proste grzywki, kt\u00f3re mocno poszerzaj\u0105 twarz. Lepiej te\u017c unika\u0107 uczesa\u0144 z prostymi w\u0142osami, kt\u00f3re \u015bci\u015ble przylegaj\u0105 do policzk\u00f3w.<\/p>\n<h3>Twarz tr\u00f3jk\u0105tna<\/h3>\n<p>O twarzy tr\u00f3jk\u0105tnej m\u00f3wi si\u0119 wtedy, gdy mamy szerokie czo\u0142o, wydatne ko\u015bci policzkowe i w\u0105sk\u0105, spiczast\u0105 brod\u0119. Przy tym typie urody najlepiej decydowa\u0107 si\u0119 na uczesanie <strong>optycznie poszerzaj\u0105ce doln\u0105 cz\u0119\u015b\u0107 twarzy<\/strong>. Dobrze sprawdz\u0105 si\u0119 tutaj fryzura typu <strong>bob<\/strong> lub <strong>d\u0142ugie w\u0142osy z przedzia\u0142kiem na boku<\/strong>. Na wi\u0119ksze wyj\u015bcie mo\u017cemy zdecydowa\u0107 si\u0119 na uczesanie z kr\u0119conymi ko\u0144c\u00f3wkami \u2013 sprawi\u0105 one, \u017ce d\u00f3\u0142 twarzy b\u0119dzie wydawa\u0142 si\u0119 bardziej proporcjonalny do czo\u0142a. Lepiej za to unika\u0107 kr\u00f3tkich fryzur eksponuj\u0105cych brod\u0119 oraz takich z odkrytym czo\u0142em.<\/p>\n<div id=\"attachment_5098\" style=\"width: 360px\" class=\"wp-caption aligncenter\"><a href=\"https:\/\/neness.pl\/kosmetyki\/wlosy\/odzywki_i_maski\/kallos_lab_35_curl_mania_stylizujacy_spray_150ml.html\"><img loading=\"lazy\" decoding=\"async\" aria-describedby=\"caption-attachment-5098\" class=\"wp-image-5098\" src=\"http:\/\/ranking-kosmetykow.pl\/wp-content\/uploads\/2018\/09\/6fb3295c5bee6ea334b5811f53611c25.jpg\" alt=\"\" width=\"350\" height=\"467\" srcset=\"https:\/\/neness.pl\/blog\/wp-content\/uploads\/2018\/09\/6fb3295c5bee6ea334b5811f53611c25.jpg 750w, https:\/\/neness.pl\/blog\/wp-content\/uploads\/2018\/09\/6fb3295c5bee6ea334b5811f53611c25-225x300.jpg 225w, https:\/\/neness.pl\/blog\/wp-content\/uploads\/2018\/09\/6fb3295c5bee6ea334b5811f53611c25-610x813.jpg 610w\" sizes=\"auto, (max-width: 350px) 100vw, 350px\" \/><\/a><p id=\"caption-attachment-5098\" class=\"wp-caption-text\">Kallos Lab 35 Curl Mania Stylizuj\u0105cy Spray 150ml \/ 13,90 z\u0142<\/p><\/div>\n<h3>Twarz okr\u0105g\u0142a<\/h3>\n<p>Pe\u0142ne, policzki, niskie czo\u0142o i niezbyt wyrazisty podbr\u00f3dek \u2013 to cechy twarzy okr\u0105g\u0142ej. Je\u015bli nasza twarz pasuje do tego opisu, powinny\u015bmy szuka\u0107 fryzury, kt\u00f3ra optycznie j\u0105 wyszczupli i wyostrzy rysy. Bardzo dobrze sprawdz\u0105 si\u0119 tutaj wszystkie <strong>uczesania z grzywk\u0105 zaczesan\u0105 na bok<\/strong>. Wa\u017cne jednak, by by\u0142a ona asymetryczna, gdy\u017c prosta dodatkowo zaokr\u0105gli policzki. Mo\u017cna te\u017c zdecydowa\u0107 si\u0119 na <strong>d\u0142u\u017cszego boba<\/strong>, kt\u00f3ry pi\u0119knie wizualnie wyszczupla twarz.<\/p>\n<h3>Twarz poci\u0105g\u0142a<\/h3>\n<p>Ten typ mo\u017cna te\u017c nazwa\u0107 wyd\u0142u\u017conym owalem. Jest to twarz d\u0142uga lecz stosunkowo w\u0105ska. Je\u015bli chcemy optycznie j\u0105 skr\u00f3ci\u0107, najlepiej zdecydowa\u0107 si\u0119 na <strong>d\u0142ug\u0105 grzywk\u0119<\/strong>, kt\u00f3ra zas\u0142oni wysokie czo\u0142o. Mo\u017cemy te\u017c postawi\u0107 na<strong> boba<\/strong> ko\u0144cz\u0105cego si\u0119 r\u00f3wno z lini\u0105 brody. Warto za to unika\u0107 uczesa\u0144, kt\u00f3re zas\u0142aniaj\u0105 twarz \u2013 te jeszcze bardziej wyd\u0142u\u017caj\u0105 j\u0105 optycznie. Nie sprawdz\u0105 si\u0119 w tym przypadku r\u00f3wnie\u017c w\u0142osy r\u00f3wno przyci\u0119te, niecieniowane.<\/p>\n","protected":false},"excerpt":{"rendered":"<p>Cz\u0119sto nawet po wizycie u fryzjera mamy wra\u017cenie, \u017ce chocia\u017c w\u0142osy s\u0105 \u015bwie\u017co przyci\u0119te i u\u0142o\u017cone, nie wygl\u0105damy tak dobrze, jak by\u015bmy sobie tego \u017cyczy\u0142y. Twarz wydaje si\u0119 zbyt pulchna albo zanadto poci\u0105g\u0142a czy te\u017c po prostu uczesanie w jaki\u015b spos\u00f3b do nas nie pasuje. \u0141atwo jednak mo\u017cemy tego unikn\u0105\u0107, dobieraj\u0105c wcze\u015bniej fryzur\u0119 do kszta\u0142tu [&hellip;]<\/p>\n","protected":false},"author":2,"featured_media":5096,"comment_status":"open","ping_status":"open","sticky":false,"template":"","format":"standard","meta":{"_et_pb_use_builder":"","_et_pb_old_content":"","_et_gb_content_width":"","footnotes":""},"categories":[48],"tags":[],"class_list":["post-5095","post","type-post","status-publish","format-standard","has-post-thumbnail","hentry","category-wlosy-idealne","et-has-post-format-content","et_post_format-et-post-format-standard"],"_links":{"self":[{"href":"https:\/\/neness.pl\/blog\/wp-json\/wp\/v2\/posts\/5095","targetHints":{"allow":["GET"]}}],"collection":[{"href":"https:\/\/neness.pl\/blog\/wp-json\/wp\/v2\/posts"}],"about":[{"href":"https:\/\/neness.pl\/blog\/wp-json\/wp\/v2\/types\/post"}],"author":[{"embeddable":true,"href":"https:\/\/neness.pl\/blog\/wp-json\/wp\/v2\/users\/2"}],"replies":[{"embeddable":true,"href":"https:\/\/neness.pl\/blog\/wp-json\/wp\/v2\/comments?post=5095"}],"version-history":[{"count":0,"href":"https:\/\/neness.pl\/blog\/wp-json\/wp\/v2\/posts\/5095\/revisions"}],"wp:featuredmedia":[{"embeddable":true,"href":"https:\/\/neness.pl\/blog\/wp-json\/wp\/v2\/media\/5096"}],"wp:attachment":[{"href":"https:\/\/neness.pl\/blog\/wp-json\/wp\/v2\/media?parent=5095"}],"wp:term":[{"taxonomy":"category","embeddable":true,"href":"https:\/\/neness.pl\/blog\/wp-json\/wp\/v2\/categories?post=5095"},{"taxonomy":"post_tag","embeddable":true,"href":"https:\/\/neness.pl\/blog\/wp-json\/wp\/v2\/tags?post=5095"}],"curies":[{"name":"wp","href":"https:\/\/api.w.org\/{rel}","templated":true}]}}