{"id":5084,"date":"2018-08-30T12:07:41","date_gmt":"2018-08-30T10:07:41","guid":{"rendered":"http:\/\/ranking-kosmetykow.pl\/?p=5084"},"modified":"2018-08-30T12:07:41","modified_gmt":"2018-08-30T10:07:41","slug":"fryzura-do-spania-czyli-jak-miec-piekne-wlosy-rano","status":"publish","type":"post","link":"https:\/\/neness.pl\/blog\/fryzura-do-spania-czyli-jak-miec-piekne-wlosy-rano\/","title":{"rendered":"Fryzura do spania, czyli jak mie\u0107 pi\u0119kne w\u0142osy rano"},"content":{"rendered":"<p>W\u0142osy niszcz\u0105 si\u0119 nie tylko od promieni s\u0142onecznych czy niew\u0142a\u015bciwej piel\u0119gnacji. Du\u017cy wp\u0142yw na ich kondycj\u0119 ma tak\u017ce fryzura, w kt\u00f3rej \u015bpimy. Odpowiednio dobrana mo\u017ce sprawi\u0107, \u017ce b\u0119d\u0105 zdrowsze i mniej \u0142amliwe, a tak\u017ce pom\u00f3c w ich porannej stylizacji. Jakie fryzury daj\u0105 taki efekt? Oto kilka przyk\u0142ad\u00f3w.<!--more--><\/p>\n<h3>Na proste w\u0142osy<\/h3>\n<p>Je\u015bli macie w\u0142osy z lekk\u0105 tendencj\u0105 do skr\u0119cania si\u0119, a chcia\u0142yby\u015bcie obudzi\u0107 si\u0119 rano z pi\u0119knymi, prostymi pasmami, spr\u00f3bujcie <strong>zawi\u0105za\u0107<\/strong> na noc <strong>wysoki kucyk i przerzuci\u0107 w\u0142osy za poduszk\u0119<\/strong>. Dzi\u0119ki temu b\u0119d\u0105 mniej spl\u0105tane i mniej zniszczone przez pocieranie o materia\u0142 poszewki, a tym samym prostsze ni\u017c przy spaniu w innych fryzurach. Jednak zwr\u00f3\u0107cie uwag\u0119 na to, jak\u0105 gumk\u0119 wybieracie do zwi\u0105zania. Cienkie z metalowymi elementami mog\u0105 pozostawia\u0107 odcisk na w\u0142osach, a dodatkowo powodowa\u0107 ich niszczenie si\u0119. Najlepiej wybierzcie grub\u0105 <strong>gumk\u0119 z mi\u0119kkiego materia\u0142u<\/strong>, np. z froty.<\/p>\n<h3>Romantyczne fale<\/h3>\n<p>Je\u015bli chcecie mie\u0107 rano pi\u0119kne, romantyczne fale, spr\u00f3bujcie spa\u0107 w lu\u017ano zaplecionym <strong>warkoczu<\/strong>. Sprawi on, \u017ce w\u0142osy b\u0119d\u0105 delikatnie skr\u0119cone. To uczesanie szczeg\u00f3lnie dobrze sprawdzi si\u0119 u os\u00f3b, kt\u00f3re maj\u0105 naturalnie falowane w\u0142osy i chc\u0105 tylko wydoby\u0107 dodatkowy skr\u0119t. Je\u015bli decydujecie si\u0119 na t\u0119 fryzur\u0119, mo\u017cecie dowolnie zmienia\u0107 grubo\u015b\u0107 fal \u2013 im cie\u0144sze warkocze zrobicie, tym wi\u0119ksza b\u0119dzie obj\u0119to\u015b\u0107 w\u0142os\u00f3w rano.<\/p>\n<div id=\"attachment_5086\" style=\"width: 1034px\" class=\"wp-caption aligncenter\"><img loading=\"lazy\" decoding=\"async\" aria-describedby=\"caption-attachment-5086\" class=\"size-large wp-image-5086\" src=\"http:\/\/ranking-kosmetykow.pl\/wp-content\/uploads\/2018\/08\/Fotolia_141434260_Subscription_XXL-1024x682.jpg\" alt=\"\" width=\"1024\" height=\"682\" srcset=\"https:\/\/neness.pl\/blog\/wp-content\/uploads\/2018\/08\/Fotolia_141434260_Subscription_XXL-1024x682.jpg 1024w, https:\/\/neness.pl\/blog\/wp-content\/uploads\/2018\/08\/Fotolia_141434260_Subscription_XXL-300x200.jpg 300w, https:\/\/neness.pl\/blog\/wp-content\/uploads\/2018\/08\/Fotolia_141434260_Subscription_XXL-768x512.jpg 768w, https:\/\/neness.pl\/blog\/wp-content\/uploads\/2018\/08\/Fotolia_141434260_Subscription_XXL-1536x1024.jpg 1536w, https:\/\/neness.pl\/blog\/wp-content\/uploads\/2018\/08\/Fotolia_141434260_Subscription_XXL-1080x720.jpg 1080w, https:\/\/neness.pl\/blog\/wp-content\/uploads\/2018\/08\/Fotolia_141434260_Subscription_XXL-610x407.jpg 610w, https:\/\/neness.pl\/blog\/wp-content\/uploads\/2018\/08\/Fotolia_141434260_Subscription_XXL.jpg 2000w\" sizes=\"auto, (max-width: 1024px) 100vw, 1024px\" \/><p id=\"caption-attachment-5086\" class=\"wp-caption-text\">Fotolia #141434260 | Autor: RZ Images<\/p><\/div>\n<p>Je\u015bli nie jeste\u015bcie zwolenniczkami spania w warkoczu, mo\u017cecie te\u017c spr\u00f3bowa\u0107 popularnego<strong> \u015blimaczka<\/strong>. Wystarczy, \u017ce skr\u0119cicie w\u0142osy wzd\u0142u\u017c w\u0142asnej osi, a nast\u0119pnie dodatkowo zwiniecie je w kok na czubku g\u0142owy. Taka fryzura nie b\u0119dzie niewygodna, niezale\u017cnie od tego, w jakiej pozycji \u015bpicie. Za to doskonale zabezpieczy w\u0142osy przed uszkodzeniami mechanicznymi, a dodatkowo sprawi, \u017ce b\u0119d\u0105 pi\u0119knie prezentowa\u0107 si\u0119 rano.<\/p>\n<h3>Loki w stylu \u201eartystyczny nie\u0142ad\u201d<\/h3>\n<p>Je\u015bli zale\u017cy Wam nam jeszcze wi\u0119kszym skr\u0119cie, mo\u017cecie spr\u00f3bowa\u0107 zawin\u0105\u0107 w\u0142osy na noc na <strong>opask\u0119<\/strong>. Ta metoda nie niszczy w\u0142os\u00f3w, a daje znakomite efekty \u2013 po utrwaleniu kosmetykami mo\u017cna cieszy\u0107 si\u0119 nienagannym uczesaniem przez ca\u0142y dzie\u0144. Je\u015bli chcecie wykona\u0107 t\u0119 fryzur\u0119, za\u0142\u00f3\u017ccie grub\u0105 i mi\u0119kk\u0105 opask\u0119 tak, by przebiega\u0142a od tylnej cz\u0119\u015bci g\u0142owy do czo\u0142a. Wszystkie w\u0142osy powinny znajdowa\u0107 si\u0119 pod ni\u0105. Nast\u0119pnie wydzielcie pasmo w\u0142os\u00f3w i owi\u0144cie je wok\u00f3\u0142 opaski. Powtarzajcie t\u0119 czynno\u015b\u0107, dop\u00f3ki wszystkie w\u0142osy nie zostan\u0105 zawini\u0119te. Rano wystarczy delikatnie odwin\u0105\u0107 w\u0142osy i fryzura gotowa!<\/p>\n<h3>Dodatkowe porady<\/h3>\n<p>Przede wszystkim <strong>nie nale\u017cy k\u0142a\u015b\u0107 si\u0119 spa\u0107 z mokrymi w\u0142osami<\/strong>. Wtedy s\u0105 one du\u017co bardziej podatne na zniszczenia mechaniczne i odkszta\u0142cenia, kt\u00f3re sprawi\u0105, \u017ce rano b\u0119dzie trzeba sp\u0119dzi\u0107 du\u017co czasu na uk\u0142adaniu fryzury. Je\u015bli chcecie unikn\u0105\u0107 puszenia si\u0119 w\u0142os\u00f3w i ich niszczenia podczas snu, mo\u017cecie te\u017c zainwestowa\u0107 w<strong> jedwabn\u0105<\/strong> lub <strong>satynow\u0105 poszewk\u0119 na poduszk\u0119<\/strong>. To materia\u0142y, przy kt\u00f3rych tarcie jest minimalne, wi\u0119c Wasze w\u0142osy na pewno stan\u0105 si\u0119 zdrowsze i mniej \u0142amliwe.<\/p>\n","protected":false},"excerpt":{"rendered":"<p>W\u0142osy niszcz\u0105 si\u0119 nie tylko od promieni s\u0142onecznych czy niew\u0142a\u015bciwej piel\u0119gnacji. Du\u017cy wp\u0142yw na ich kondycj\u0119 ma tak\u017ce fryzura, w kt\u00f3rej \u015bpimy. Odpowiednio dobrana mo\u017ce sprawi\u0107, \u017ce b\u0119d\u0105 zdrowsze i mniej \u0142amliwe, a tak\u017ce pom\u00f3c w ich porannej stylizacji. Jakie fryzury daj\u0105 taki efekt? Oto kilka przyk\u0142ad\u00f3w.<\/p>\n","protected":false},"author":2,"featured_media":5085,"comment_status":"open","ping_status":"open","sticky":false,"template":"","format":"standard","meta":{"_et_pb_use_builder":"","_et_pb_old_content":"","_et_gb_content_width":"","footnotes":""},"categories":[48],"tags":[],"class_list":["post-5084","post","type-post","status-publish","format-standard","has-post-thumbnail","hentry","category-wlosy-idealne","et-has-post-format-content","et_post_format-et-post-format-standard"],"_links":{"self":[{"href":"https:\/\/neness.pl\/blog\/wp-json\/wp\/v2\/posts\/5084","targetHints":{"allow":["GET"]}}],"collection":[{"href":"https:\/\/neness.pl\/blog\/wp-json\/wp\/v2\/posts"}],"about":[{"href":"https:\/\/neness.pl\/blog\/wp-json\/wp\/v2\/types\/post"}],"author":[{"embeddable":true,"href":"https:\/\/neness.pl\/blog\/wp-json\/wp\/v2\/users\/2"}],"replies":[{"embeddable":true,"href":"https:\/\/neness.pl\/blog\/wp-json\/wp\/v2\/comments?post=5084"}],"version-history":[{"count":0,"href":"https:\/\/neness.pl\/blog\/wp-json\/wp\/v2\/posts\/5084\/revisions"}],"wp:featuredmedia":[{"embeddable":true,"href":"https:\/\/neness.pl\/blog\/wp-json\/wp\/v2\/media\/5085"}],"wp:attachment":[{"href":"https:\/\/neness.pl\/blog\/wp-json\/wp\/v2\/media?parent=5084"}],"wp:term":[{"taxonomy":"category","embeddable":true,"href":"https:\/\/neness.pl\/blog\/wp-json\/wp\/v2\/categories?post=5084"},{"taxonomy":"post_tag","embeddable":true,"href":"https:\/\/neness.pl\/blog\/wp-json\/wp\/v2\/tags?post=5084"}],"curies":[{"name":"wp","href":"https:\/\/api.w.org\/{rel}","templated":true}]}}