{"id":5080,"date":"2018-08-29T13:12:41","date_gmt":"2018-08-29T11:12:41","guid":{"rendered":"http:\/\/ranking-kosmetykow.pl\/?p=5080"},"modified":"2018-08-29T13:12:41","modified_gmt":"2018-08-29T11:12:41","slug":"keratynowe-prostowanie-wlosow-co-warto-o-nim-wiedziec","status":"publish","type":"post","link":"https:\/\/neness.pl\/blog\/keratynowe-prostowanie-wlosow-co-warto-o-nim-wiedziec\/","title":{"rendered":"Keratynowe prostowanie w\u0142os\u00f3w \u2013 co warto o nim wiedzie\u0107?"},"content":{"rendered":"<p>Keratynowe prostowanie w\u0142os\u00f3w to zabieg, kt\u00f3ry przyby\u0142 do nas a\u017c zza oceanu \u2013 zosta\u0142 stworzony przez <strong>brazylijskich specjalist\u00f3w<\/strong> specjalnie dla kobiet, kt\u00f3re maj\u0105 <strong>w\u0142osy<\/strong> <strong>pusz\u0105ce si\u0119<\/strong> i <strong>zniszczone przez s\u0142o\u0144ce<\/strong>. Jednak stopniowo zyska\u0142 on tak\u0105 popularno\u015b\u0107, \u017ce dzi\u015b oferuj\u0105 go ju\u017c salony fryzjerskie na ca\u0142ym \u015bwiecie. Sk\u0105d wzi\u0119\u0142o si\u0119 to zainteresowanie latynosk\u0105 metod\u0105?<!--more--><\/p>\n<h3>Kreatynowe prostowanie \u2013 co to?<\/h3>\n<p>W przypadku tego zabiegu nazwa mo\u017ce by\u0107 nieco myl\u0105ca. Chodzi w nim bowiem g\u0142\u00f3wnie o <strong>maksymalne od\u017cywienie<\/strong> <strong>i regeneracj\u0119 w\u0142os\u00f3w<\/strong>, prostowanie jest za\u015b tylko mi\u0142ym dla wielu pa\u0144 efektem ubocznym &#8211; po zabiegu w\u0142osy pozostaj\u0105 proste przez<strong> 3-6 miesi\u0119cy<\/strong>. Preparaty, kt\u00f3re stosuje si\u0119 przy jego wykonywaniu maj\u0105 w sk\u0142adzie, opr\u00f3cz keratyny, kt\u00f3ra jest naturalnym bia\u0142kiem buduj\u0105cym w\u0142osy, tak\u017ce <strong>witaminy, antyoksydanty<\/strong> i <strong>wyci\u0105gi z ro\u015blin<\/strong>, kt\u00f3re odbudowuj\u0105 w\u0142osy, oraz kwasy t\u0142uszczowe, tworz\u0105ce na nich warstw\u0119 znakomicie chroni\u0105c\u0105 przed czynnikami zewn\u0119trznymi.<\/p>\n<h3>Dla kogo od\u017cywianie keratyn\u0105?<\/h3>\n<p>Prostowanie keratynowe przeznaczone jest dla os\u00f3b, kt\u00f3re maj\u0105<strong> pusz\u0105ce si\u0119, niesforne i trudne do u\u0142o\u017cenia lub pozbawione blasku w\u0142osy<\/strong>. Najlepiej sprawdza si\u0119 u tych kobiet, kt\u00f3re dbaj\u0105 o prawid\u0142ow\u0105 piel\u0119gnacj\u0119 w\u0142os\u00f3w \u2013 by efekt tego zabiegu utrzymywa\u0142 si\u0119 d\u0142ugo i by\u0142 zadowalaj\u0105cy, niezb\u0119dne jest regularne stosowanie specjalnych kosmetyk\u00f3w. Nie zaleca si\u0119 go za to tym, kt\u00f3rzy cz\u0119sto chodz\u0105 na basen lub rozja\u015bniaj\u0105 w\u0142osy.<\/p>\n<div id=\"attachment_5082\" style=\"width: 1034px\" class=\"wp-caption aligncenter\"><img loading=\"lazy\" decoding=\"async\" aria-describedby=\"caption-attachment-5082\" class=\"size-large wp-image-5082\" src=\"http:\/\/ranking-kosmetykow.pl\/wp-content\/uploads\/2018\/08\/Fotolia_192132802_Subscription_XXL-1024x682.jpg\" alt=\"\" width=\"1024\" height=\"682\" srcset=\"https:\/\/neness.pl\/blog\/wp-content\/uploads\/2018\/08\/Fotolia_192132802_Subscription_XXL-1024x682.jpg 1024w, https:\/\/neness.pl\/blog\/wp-content\/uploads\/2018\/08\/Fotolia_192132802_Subscription_XXL-300x200.jpg 300w, https:\/\/neness.pl\/blog\/wp-content\/uploads\/2018\/08\/Fotolia_192132802_Subscription_XXL-768x512.jpg 768w, https:\/\/neness.pl\/blog\/wp-content\/uploads\/2018\/08\/Fotolia_192132802_Subscription_XXL-1536x1024.jpg 1536w, https:\/\/neness.pl\/blog\/wp-content\/uploads\/2018\/08\/Fotolia_192132802_Subscription_XXL-1080x720.jpg 1080w, https:\/\/neness.pl\/blog\/wp-content\/uploads\/2018\/08\/Fotolia_192132802_Subscription_XXL-610x407.jpg 610w, https:\/\/neness.pl\/blog\/wp-content\/uploads\/2018\/08\/Fotolia_192132802_Subscription_XXL.jpg 2000w\" sizes=\"auto, (max-width: 1024px) 100vw, 1024px\" \/><p id=\"caption-attachment-5082\" class=\"wp-caption-text\">Fotolia #192132802 | Autor: Parilov<\/p><\/div>\n<h3>Na czym polega zabieg?<\/h3>\n<p>Keratynowe prostowanie sk\u0142ada si\u0119 z kilku etap\u00f3w. Najpierw nale\u017cy dok\u0142adnie usun\u0105\u0107 z w\u0142os\u00f3w wszelkie zanieczyszczenia i pozosta\u0142o\u015bci po preparatach do stylizacji. W tym celu trzeba umy\u0107 je co najmniej dwa razy. P\u00f3\u017aniej w\u0142osy suszymy, nak\u0142adamy na nie preparat keratynowy i pozostawiamy go na oko\u0142o p\u00f3\u0142 godziny, a nast\u0119pnie zn\u00f3w u\u017cywamy suszarki. Kolejnym krokiem jest sprawienie, by preparat wnikn\u0105\u0142 g\u0142\u0119boko w struktur\u0119 w\u0142osa. Aby tak si\u0119 sta\u0142o prostujemy w\u0142osy prostownic\u0105 lub \u017celazkiem fryzjerskim rozgrzanym do <strong>230 stopni Celsjusza<\/strong>. Sprawia to, \u017ce otwieraj\u0105 si\u0119 \u0142uski w\u0142osa i substancje od\u017cywcze i odbudowuj\u0105ce maj\u0105 szans\u0119 zadzia\u0142a\u0107 z niesamowit\u0105 moc\u0105.<\/p>\n<h3>Kiedy unika\u0107 keratynowego prostowania?<\/h3>\n<p>Tego zabiegu lepiej nie wykonywa\u0107 bezpo\u015brednio przed wa\u017cn\u0105 uroczysto\u015bci\u0105. Najlepiej zaplanowa\u0107 go tak, by przez dwa dni po jego wykonaniu nie wychodzi\u0107 z domu \u2013 je\u015bli chcemy, by efekty by\u0142y naprawd\u0119 dobre, nie powinny\u015bmy przez <strong>48 godzin<\/strong> po prostowaniu my\u0107 w\u0142os\u00f3w. Musimy wi\u0119c liczy\u0107 si\u0119 z tym, \u017ce przez ten czas b\u0119d\u0105 one oklapni\u0119te i nieu\u0142o\u017cone.<\/p>\n<h3>Ile to kosztuje?<\/h3>\n<p>Niestety je\u015bli decydujemy si\u0119 na keratynowe prostowanie, musimy liczy\u0107 si\u0119 z do\u015b\u0107 wysokimi kosztami. Na taki zabieg w salonie fryzjerskim trzeba wyda\u0107 <strong>kilkaset z\u0142otych<\/strong> \u2013 tym wi\u0119cej, im d\u0142u\u017csze mamy w\u0142osy. Od\u017cywianie za pomoc\u0105 keratyny mo\u017cemy te\u017c przeprowadzi\u0107 w domu, jednak nawet wtedy musimy wyda\u0107 na odpowiednie preparaty oko\u0142o <strong>200 z\u0142<\/strong>. Jest to jednak zabieg do\u015b\u0107 skomplikowany, wi\u0119c je\u015bli nie jeste\u015bmy pewne, czy wiemy, jak go prawid\u0142owo przeprowadzi\u0107, lepiej pozostawi\u0107 to specjalistom.<\/p>\n","protected":false},"excerpt":{"rendered":"<p>Keratynowe prostowanie w\u0142os\u00f3w to zabieg, kt\u00f3ry przyby\u0142 do nas a\u017c zza oceanu \u2013 zosta\u0142 stworzony przez brazylijskich specjalist\u00f3w specjalnie dla kobiet, kt\u00f3re maj\u0105 w\u0142osy pusz\u0105ce si\u0119 i zniszczone przez s\u0142o\u0144ce. Jednak stopniowo zyska\u0142 on tak\u0105 popularno\u015b\u0107, \u017ce dzi\u015b oferuj\u0105 go ju\u017c salony fryzjerskie na ca\u0142ym \u015bwiecie. Sk\u0105d wzi\u0119\u0142o si\u0119 to zainteresowanie latynosk\u0105 metod\u0105?<\/p>\n","protected":false},"author":2,"featured_media":5081,"comment_status":"open","ping_status":"open","sticky":false,"template":"","format":"standard","meta":{"_et_pb_use_builder":"","_et_pb_old_content":"","_et_gb_content_width":"","footnotes":""},"categories":[48],"tags":[],"class_list":["post-5080","post","type-post","status-publish","format-standard","has-post-thumbnail","hentry","category-wlosy-idealne","et-has-post-format-content","et_post_format-et-post-format-standard"],"_links":{"self":[{"href":"https:\/\/neness.pl\/blog\/wp-json\/wp\/v2\/posts\/5080","targetHints":{"allow":["GET"]}}],"collection":[{"href":"https:\/\/neness.pl\/blog\/wp-json\/wp\/v2\/posts"}],"about":[{"href":"https:\/\/neness.pl\/blog\/wp-json\/wp\/v2\/types\/post"}],"author":[{"embeddable":true,"href":"https:\/\/neness.pl\/blog\/wp-json\/wp\/v2\/users\/2"}],"replies":[{"embeddable":true,"href":"https:\/\/neness.pl\/blog\/wp-json\/wp\/v2\/comments?post=5080"}],"version-history":[{"count":0,"href":"https:\/\/neness.pl\/blog\/wp-json\/wp\/v2\/posts\/5080\/revisions"}],"wp:featuredmedia":[{"embeddable":true,"href":"https:\/\/neness.pl\/blog\/wp-json\/wp\/v2\/media\/5081"}],"wp:attachment":[{"href":"https:\/\/neness.pl\/blog\/wp-json\/wp\/v2\/media?parent=5080"}],"wp:term":[{"taxonomy":"category","embeddable":true,"href":"https:\/\/neness.pl\/blog\/wp-json\/wp\/v2\/categories?post=5080"},{"taxonomy":"post_tag","embeddable":true,"href":"https:\/\/neness.pl\/blog\/wp-json\/wp\/v2\/tags?post=5080"}],"curies":[{"name":"wp","href":"https:\/\/api.w.org\/{rel}","templated":true}]}}